{"id":1,"date":"2005-03-10T13:27:19","date_gmt":"2005-03-10T12:27:19","guid":{"rendered":"http:\/\/www.strickforum.de\/blog\/?p=1"},"modified":"2022-10-12T11:43:09","modified_gmt":"2022-10-12T09:43:09","slug":"uber-dieses-weblog","status":"publish","type":"post","link":"https:\/\/www.strickforum.de\/blog\/uber-dieses-weblog\/","title":{"rendered":"\u00dcber dieses Weblog"},"content":{"rendered":"<p>Ein Weblog haben, das fand ich schon gut \u2014 aber unter eigener Regie und unabh\u00e4ngig von den zahlreichen Blog-\u201cFarmen\u201d, bei denen man nicht wei\u00df, ob jemals Datensicherung stattfindet oder nach welchen Kriterien Werbung geschaltet wird.<\/p>\n<p>So testete ich tats\u00e4chlich mehrere Systeme und entschied mich zun\u00e4chst f\u00fcr Nucleus CMS. Es ist relativ einfach zu handhaben, bietet viele Einstellm\u00f6glichkeiten, anpassbare Templates und Plugins und hat vor allem ein Anwenderforum, in dem man schnell kompetente Hilfe findet, wenn mal was klemmt oder man mit PHP auf Kriegsfu\u00df steht.<\/p>\n<p>Update Juli 2016:<br \/>\nNachdem Nucleus nicht mehr stringent weiterentwickelt wird und\u00a0einige Plugins nicht mehr sauber funktionierten, entschloss ich mich, auf WordPress umzusteigen.<\/p>\n<p><!--more--><b>\u00dcber mich<\/b><br \/>\nDamit hier auch mal etwas anderes steht und weil ich die \u201c100 tolle Tatsachen \u00fcber mich\u201d in diversen anderen Blogs ziemlich einfallslos finde, habe ich mal spa\u00dfeshalber den FAZ-Fragebogen ausgef\u00fcllt.<\/p>\n<p><i>Was ist f\u00fcr Sie das gr\u00f6sste Ungl\u00fcck?<\/i><br \/>\nMeine eigene Tr\u00e4gheit.<\/p>\n<p><i>Wo m\u00f6chten Sie leben?<\/i><br \/>\nIn Baden oder in Hamburg. Tats\u00e4chlich lebe ich weder da noch dort, aber so ist es eben im Leben.<\/p>\n<p><i>Was ist f\u00fcr Sie das vollkommene irdische Gl\u00fcck?<\/i><br \/>\nAn einem lauen Sommerabend mit meinem Lebensgef\u00e4hrten nach einem wunderbaren Abendessen bei einem Glas Wein auf der Terrasse zu sitzen und den Ballonfahrern nachzuschauen.<\/p>\n<p><i>Welche Fehler entschuldigen Sie am ehesten?<\/i><br \/>\nDie, die ich selbst gemacht habe. \ud83d\ude09<\/p>\n<p><i>Ihre liebsten Romanhelden?<\/i><br \/>\nDie Frauengestalten von Sidonie-Gabrielle Colette.<\/p>\n<p><i>Ihre Lieblingsgestalt in der Geschichte?<\/i><br \/>\nRossini, der das Komponieren zugunsten des Kochens aufgab \u2014 einerseits sehr schade, andererseits au\u00dferordentlich verst\u00e4ndlich.<\/p>\n<p><i>Ihre Lieblingsheldinnen in der Wirklichkeit?<\/i><br \/>\nMeine Gro\u00dfmutter m\u00fctterlicherseits, die ich nie kennengelernt habe.<\/p>\n<p><i>Ihre Lieblingsheldinnen in der Dichtung?<\/i><br \/>\nDie zw\u00f6lfte Fee bei Dornr\u00f6schen (die die Verw\u00fcnschung gutzumachen versuchte).<\/p>\n<p><i>Ihre Lieblingsmaler?<\/i><br \/>\nDie Impressionisten.<\/p>\n<p><i>Ihr Lieblingskomponist?<\/i><br \/>\nEs sind zu viele zum Aufschreiben.<\/p>\n<p><i>Welche Eigenschaften sch\u00e4tzen Sie bei einem Mann am meisten?<\/i><br \/>\nHumor, Intelligenz, Ehrlichkeit.<\/p>\n<p><i>Welche Eigenschaften sch\u00e4tzen Sie bei einer Frau am meisten?<\/i><br \/>\nHumor, Intelligenz, Ehrlichkeit.<\/p>\n<p><i>Ihre Lieblingstugend?<\/i><br \/>\nHoffnung.<\/p>\n<p><i>Ihre Lieblingsbesch\u00e4ftigung?<\/i><br \/>\nEssen, Trinken, Schlafen, Stricken.<\/p>\n<p><i>Wer oder was h\u00e4tten Sie sein m\u00f6gen?<\/i><br \/>\nEin karibischer Ureinwohner, der kurz vor Columbus&#8216; Eintreffen nach einem langen, friedlichen Leben das Zeitliche segnete.<\/p>\n<p><i>Ihr Hauptcharakterzug?<\/i><br \/>\n(Selbst-)Ironie.<\/p>\n<p><i>Was sch\u00e4tzen Sie bei Ihren Freunden am meisten?<\/i><br \/>\nHumor, Intelligenz, Ehrlichkeit.<\/p>\n<p><i>Ihr gr\u00f6\u00dfter Fehler?<\/i><br \/>\nVernunft in Momenten, wo Herzensw\u00e4rme besser w\u00e4re.<\/p>\n<p><i>Ihr Traum vom Gl\u00fcck?<\/i><br \/>\nKeiner. Ich versuche nicht soviel zu tr\u00e4umen und daf\u00fcr mehr zu leben.<\/p>\n<p><i>Was w\u00e4re f\u00fcr Sie das gr\u00f6\u00dfte Ungl\u00fcck?<\/i><br \/>\nEinen geliebten Menschen zu verlieren.<\/p>\n<p><i>Was m\u00f6chten Sie sein?<\/i><br \/>\nDie ich bin, nur besser.<\/p>\n<p><i>Ihre Lieblingsfarben?<\/i><br \/>\nRot und Gr\u00fcn.<\/p>\n<p><i>Ihre Lieblingsblume?<\/i><br \/>\nFlieder.<\/p>\n<p><i>Ihr Lieblingsvogel?<\/i><br \/>\nSchwalbe.<\/p>\n<p><i>Ihr Lieblingsschriftsteller?<\/i><br \/>\nLindgren, D. Adams, Colette. Die meisten Schriftsteller langweilen mich leider sp\u00e4testens beim dritten Buch.<\/p>\n<p><i>Ihr Lieblingslyriker?<\/i><br \/>\nIch mache mir nicht viel aus Lyrik.<\/p>\n<p><i>Ihre Helden in der Wirklichkeit?<\/i><br \/>\nAlle, die sich trotz widriger Umst\u00e4nde nicht unterkriegen lassen.<\/p>\n<p><i>Ihre Heldinnen in der Geschichte?<\/i><br \/>\nDie, die durch Liebe etwas bewegt haben.<\/p>\n<p><i>Ihre Lieblingsnamen?<\/i><br \/>\nDa g\u00e4be es viele&#8230;<\/p>\n<p><i>Was verabscheuen Sie am meisten?<\/i><br \/>\nGewalt.<\/p>\n<p><i>Welche geschichtliche Gestalten verachten Sie am meisten?<\/i><br \/>\nDiktatoren, die skrupellos \u00fcber Leichen gingen.<\/p>\n<p><i>Welche milit\u00e4rischen Leistungen bewundern Sie am meisten?<\/i><br \/>\nRettungseins\u00e4tze des Milit\u00e4rs bei Katastrophen.<\/p>\n<p><i>Welche Reform bewundern Sie am meisten?<\/i><br \/>\nMir f\u00e4llt keine ein, die ich wirklich bewundernswert f\u00e4nde.<\/p>\n<p><i>Welche nat\u00fcrliche Gabe m\u00f6chten Sie besitzen?<\/i><br \/>\nSch\u00f6nheit.<\/p>\n<p><i>Wie m\u00f6chten Sie sterben?<\/i><br \/>\nSchmerzlos.<\/p>\n<p><i>Ihre gegenw\u00e4rtige Geistesverfassung?<\/i><br \/>\nAbwartend.<\/p>\n<p><i>Ihr Motto?<\/i><br \/>\nWird schon klappen.<\/p>\n<p><i>Ihr Abschlusskommentar?<\/i><br \/>\nPuh!<\/p>\n","protected":false},"excerpt":{"rendered":"<p>Ein Weblog haben, das fand ich schon gut \u2014 aber unter eigener Regie und unabh\u00e4ngig von den zahlreichen Blog-\u201cFarmen\u201d, bei denen man nicht wei\u00df, ob jemals Datensicherung stattfindet oder nach welchen Kriterien Werbung geschaltet wird. So testete ich tats\u00e4chlich mehrere Systeme und entschied mich zun\u00e4chst f\u00fcr Nucleus CMS. Es ist relativ einfach zu handhaben, bietet &hellip; <a href=\"https:\/\/www.strickforum.de\/blog\/uber-dieses-weblog\/\" class=\"more-link\"><span class=\"screen-reader-text\">\u201e\u00dcber dieses Weblog\u201c <\/span>weiterlesen<\/a><\/p>\n","protected":false},"author":3,"featured_media":0,"comment_status":"open","ping_status":"open","sticky":false,"template":"","format":"standard","meta":{"_seopress_robots_primary_cat":"","_seopress_titles_title":"","_seopress_titles_desc":"","_seopress_robots_index":"","_crdt_document":"","jetpack_post_was_ever_published":false,"_jetpack_newsletter_access":"","_jetpack_dont_email_post_to_subs":false,"_jetpack_newsletter_tier_id":0,"_jetpack_memberships_contains_paywalled_content":false,"_jetpack_memberships_contains_paid_content":false,"footnotes":"","jetpack_publicize_message":"","jetpack_publicize_feature_enabled":true,"jetpack_social_post_already_shared":false,"jetpack_social_options":{"image_generator_settings":{"template":"highway","default_image_id":0,"font":"","enabled":false},"version":2}},"categories":[5],"tags":[],"class_list":["post-1","post","type-post","status-publish","format-standard","hentry","category-5"],"jetpack_publicize_connections":[],"jetpack_featured_media_url":"","jetpack_sharing_enabled":true,"jetpack_shortlink":"https:\/\/wp.me\/p7JbSI-1","jetpack-related-posts":[{"id":142,"url":"https:\/\/www.strickforum.de\/blog\/entschuldigung\/","url_meta":{"origin":1,"position":0},"title":"Entschuldigung!","author":"Admin","date":"20. April 2006","format":false,"excerpt":"Frau bildet sich ja ein, eine Menge von Computern, Programmen und so weiter zu verstehen. Frau hat es aber tats\u00e4chlich erst heute geschafft, in der nicht gerade wenig verschachtelten Konfigurationsmen\u00fcstruktur dieses Weblogs den entscheidenden \u201cradio button\u201d zu aktivieren und dann auch noch den Best\u00e4tigungsknopf zu dr\u00fccken, damit der Link \u201cKontakt\u201d\u2026","rel":"","context":"In &quot;Allgemeines&quot;","block_context":{"text":"Allgemeines","link":"https:\/\/www.strickforum.de\/blog\/category\/1\/"},"img":{"alt_text":"","src":"","width":0,"height":0},"classes":[]},{"id":256,"url":"https:\/\/www.strickforum.de\/blog\/sprachprobleme\/","url_meta":{"origin":1,"position":1},"title":"Sprachprobleme","author":"Admin","date":"1. August 2007","format":false,"excerpt":"Seit einiger Zeit wird in diversen deutschen Blogs \u00fcberlegt, ob man die Texte in Deutsch oder auch in Englisch anbieten sollte. Ich habe das Thema interessiert verfolgt. Meine Meinung dazu ist zwiesp\u00e4ltig. Zum einen finde ich es gut, wenn ein Blog international verf\u00fcgbar ist. Ich habe japanische Weblogs mit wundervollen\u2026","rel":"","context":"In &quot;Allgemeines&quot;","block_context":{"text":"Allgemeines","link":"https:\/\/www.strickforum.de\/blog\/category\/1\/"},"img":{"alt_text":"","src":"","width":0,"height":0},"classes":[]},{"id":327,"url":"https:\/\/www.strickforum.de\/blog\/ein-gutes-neues-jahr-happy-new-year\/","url_meta":{"origin":1,"position":2},"title":"Ein gutes Neues Jahr &#8211; Happy New Year!","author":"Admin","date":"1. Januar 2008","format":false,"excerpt":"Allen Leserinnen und Lesern meines Weblogs w\u00fcnsche ich ein friedliches und kreatives Jahr 2008. Habt Spa\u00df beim Stricken und traut Euch mal an Dinge, die Ihr noch nie zuvor probiert habt. Es gibt kaum ein sch\u00f6neres Gef\u00fchl, als eine Herausforderung gemeistert zu haben. :-) A peaceful and creative year 2008\u2026","rel":"","context":"In &quot;Allgemeines&quot;","block_context":{"text":"Allgemeines","link":"https:\/\/www.strickforum.de\/blog\/category\/1\/"},"img":{"alt_text":"","src":"","width":0,"height":0},"classes":[]},{"id":1433,"url":"https:\/\/www.strickforum.de\/blog\/die-verstrickte-dienstagsfrage-392012\/","url_meta":{"origin":1,"position":3},"title":"Die verstrickte Dienstagsfrage 39\/2012","author":"Admin","date":"25. September 2012","format":false,"excerpt":"Diese Woche fragt das Wollschaf: 1. Warum bloggst du und wie bist du \u00fcberhaupt dazu gekommen? 2. Was motiviert dich dazu und wor\u00fcber freust du dich dabei? 3. Welchen Blog besuchst du am liebsten? Vielen Dank an Tiffany f\u00fcr die heutige Frage! Dann fangen wir mal an. Achtung, Weiterlesen nur\u2026","rel":"","context":"In &quot;Allgemeines&quot;","block_context":{"text":"Allgemeines","link":"https:\/\/www.strickforum.de\/blog\/category\/1\/"},"img":{"alt_text":"","src":"","width":0,"height":0},"classes":[]},{"id":355,"url":"https:\/\/www.strickforum.de\/blog\/wollschaf-dienstagsfrage-wool-sheeps-tuesday-question-112008\/","url_meta":{"origin":1,"position":4},"title":"Wollschaf-Dienstagsfrage &#8211; Wool Sheep&#8217;s Tuesday question 11\/2008","author":"Admin","date":"11. M\u00e4rz 2008","format":false,"excerpt":"Wei\u00dft du noch, was das erste Strickblog war, das dir \u00fcber den Weg gelaufen ist? Und wie lange hat es gedauert vom Entdecken der Strickblogwelt bis zum eigenen Blog? Vielen Dank an Eva Liese (und das Wollschaf) f\u00fcr die heutige Frage! Das erste Strickblog, du liebe G\u00fcte, war das wom\u00f6glich\u2026","rel":"","context":"In &quot;Allgemeines&quot;","block_context":{"text":"Allgemeines","link":"https:\/\/www.strickforum.de\/blog\/category\/1\/"},"img":{"alt_text":"","src":"","width":0,"height":0},"classes":[]},{"id":438,"url":"https:\/\/www.strickforum.de\/blog\/award-epidemie-award-epidemia\/","url_meta":{"origin":1,"position":5},"title":"Award-Epidemie &#8211; Award epidemia","author":"Admin","date":"8. Juli 2008","format":false,"excerpt":"Es war vermutlich nur eine Frage der Zeit, bis irgendein Ableger der derzeitigen Awarditis sich auch den Weg in mein Weblog erk\u00e4mpft hatte. Danke, Michaela, es ist sehr lieb von Dir. :-) Da allerdings mittlerweile so ziemlich jedes halbwegs kreative Blog so ein Dingens mindestens einmal erhalten hat, m\u00f6chte ich\u2026","rel":"","context":"In &quot;Allgemeines&quot;","block_context":{"text":"Allgemeines","link":"https:\/\/www.strickforum.de\/blog\/category\/1\/"},"img":{"alt_text":"Award...","src":"https:\/\/i0.wp.com\/www.strickforum.de\/blog\/media\/1\/20080708-brillante_weblog_premio-2008.jpg?resize=350%2C200","width":350,"height":200},"classes":[]}],"_links":{"self":[{"href":"https:\/\/www.strickforum.de\/blog\/wp-json\/wp\/v2\/posts\/1","targetHints":{"allow":["GET"]}}],"collection":[{"href":"https:\/\/www.strickforum.de\/blog\/wp-json\/wp\/v2\/posts"}],"about":[{"href":"https:\/\/www.strickforum.de\/blog\/wp-json\/wp\/v2\/types\/post"}],"author":[{"embeddable":true,"href":"https:\/\/www.strickforum.de\/blog\/wp-json\/wp\/v2\/users\/3"}],"replies":[{"embeddable":true,"href":"https:\/\/www.strickforum.de\/blog\/wp-json\/wp\/v2\/comments?post=1"}],"version-history":[{"count":2,"href":"https:\/\/www.strickforum.de\/blog\/wp-json\/wp\/v2\/posts\/1\/revisions"}],"predecessor-version":[{"id":3478,"href":"https:\/\/www.strickforum.de\/blog\/wp-json\/wp\/v2\/posts\/1\/revisions\/3478"}],"wp:attachment":[{"href":"https:\/\/www.strickforum.de\/blog\/wp-json\/wp\/v2\/media?parent=1"}],"wp:term":[{"taxonomy":"category","embeddable":true,"href":"https:\/\/www.strickforum.de\/blog\/wp-json\/wp\/v2\/categories?post=1"},{"taxonomy":"post_tag","embeddable":true,"href":"https:\/\/www.strickforum.de\/blog\/wp-json\/wp\/v2\/tags?post=1"}],"curies":[{"name":"wp","href":"https:\/\/api.w.org\/{rel}","templated":true}]}}