{"id":1001,"date":"2010-08-22T10:03:45","date_gmt":"2010-08-22T08:03:45","guid":{"rendered":"http:\/\/www.strickforum.de\/blog\/?p=1001"},"modified":"2010-08-22T10:03:45","modified_gmt":"2010-08-22T08:03:45","slug":"farbe-bekennen-rosa","status":"publish","type":"post","link":"https:\/\/www.strickforum.de\/blog\/farbe-bekennen-rosa\/","title":{"rendered":"Farbe bekennen: Rosa"},"content":{"rendered":"<p>F\u00fcr die nun abgelaufene Woche ging es um Rosa.<br \/>\nRosa ist die Farbe schlechthin f\u00fcr kleine und gro\u00dfe M\u00e4dchen. Und f\u00fcr Dinge, die von kleinen oder gro\u00dfen M\u00e4dchen benutzt werden. (Dieser Becher steht praktisch nur im Schrank und wird eher nicht benutzt.)<\/p>\n<p><img data-recalc-dims=\"1\" src=\"https:\/\/i0.wp.com\/www.strickforum.de\/blog\/media\/1\/20100822-farbebekennen_rosa.jpg?resize=450%2C387\" width=\"450\"  height=\"387\"  alt='Farbe bekennen: Rosa Becher.jpg'  \/><\/p>\n<p>Und demn\u00e4chst gibt es hier hoffentlich auch wieder etwas mehr Inhalt \u00fcber Stricken. Momentan habe ich sehr wenig Zeit und schaffe kaum mehr als ein paar wenige Maschen pro Tag.<\/p>\n","protected":false},"excerpt":{"rendered":"<p>F\u00fcr die nun abgelaufene Woche ging es um Rosa. Rosa ist die Farbe schlechthin f\u00fcr kleine und gro\u00dfe M\u00e4dchen. Und f\u00fcr Dinge, die von kleinen oder gro\u00dfen M\u00e4dchen benutzt werden. (Dieser Becher steht praktisch nur im Schrank und wird eher nicht benutzt.) Und demn\u00e4chst gibt es hier hoffentlich auch wieder etwas mehr Inhalt \u00fcber Stricken. &hellip; <a href=\"https:\/\/www.strickforum.de\/blog\/farbe-bekennen-rosa\/\" class=\"more-link\"><span class=\"screen-reader-text\">\u201eFarbe bekennen: Rosa\u201c <\/span>weiterlesen<\/a><\/p>\n","protected":false},"author":3,"featured_media":0,"comment_status":"open","ping_status":"open","sticky":false,"template":"","format":"standard","meta":{"_seopress_robots_primary_cat":"","_seopress_titles_title":"","_seopress_titles_desc":"","_seopress_robots_index":"","_crdt_document":"","jetpack_post_was_ever_published":false,"_jetpack_newsletter_access":"","_jetpack_dont_email_post_to_subs":false,"_jetpack_newsletter_tier_id":0,"_jetpack_memberships_contains_paywalled_content":false,"_jetpack_memberships_contains_paid_content":false,"footnotes":"","jetpack_publicize_message":"","jetpack_publicize_feature_enabled":true,"jetpack_social_post_already_shared":false,"jetpack_social_options":{"image_generator_settings":{"template":"highway","default_image_id":0,"font":"","enabled":false},"version":2}},"categories":[10],"tags":[],"class_list":["post-1001","post","type-post","status-publish","format-standard","hentry","category-10"],"jetpack_publicize_connections":[],"jetpack_featured_media_url":"","jetpack_sharing_enabled":true,"jetpack_shortlink":"https:\/\/wp.me\/p7JbSI-g9","jetpack-related-posts":[{"id":978,"url":"https:\/\/www.strickforum.de\/blog\/farbe-bekennen-helllila\/","url_meta":{"origin":1001,"position":0},"title":"Farbe bekennen: Helllila","author":"Admin","date":"7. Juli 2010","format":false,"excerpt":"Lila ist f\u00fcr mich ein r\u00f6tliches Violett. Hell-Lila ist demzufolge ein pastellfarbener r\u00f6tlicher Mischton, fast ins Rosa gehend. Auf mich wirkt dieser Farbton zart, wenig ausdrucksstark und \u201ckosmetisch\u201d. Es gibt in meinem Haushalt kaum etwas in dieser Farbe. Ich mag Flieder sehr gern, vor allem wegen seines bet\u00f6renden Duftes. Deshalb\u2026","rel":"","context":"In &quot;Farbe bekennen&quot;","block_context":{"text":"Farbe bekennen","link":"https:\/\/www.strickforum.de\/blog\/category\/10\/"},"img":{"alt_text":"Flieder","src":"https:\/\/i0.wp.com\/www.strickforum.de\/blog\/media\/1\/20100707-farbebekennen_helllila.jpg?resize=350%2C200","width":350,"height":200},"classes":[]},{"id":1016,"url":"https:\/\/www.strickforum.de\/blog\/farbe-bekennen-pink\/","url_meta":{"origin":1001,"position":1},"title":"Farbe bekennen: Pink","author":"Admin","date":"17. September 2010","format":false,"excerpt":"Pink mag ich nicht. Ich finde diese Farbe aufdringlich, geradezu vulg\u00e4r. Bei kleinen M\u00e4dchen ist sie beliebt, aber nicht mal als kleines M\u00e4dchen konnte ich mich daf\u00fcr begeistern. So musste ich diesmal auch etwas suchen, bis ich ein passendes Bildmotiv gefunden hatte. Es kommt aus dem Putzmittelschrank.","rel":"","context":"In &quot;Farbe bekennen&quot;","block_context":{"text":"Farbe bekennen","link":"https:\/\/www.strickforum.de\/blog\/category\/10\/"},"img":{"alt_text":"Farbe bekennen: Pink","src":"https:\/\/i0.wp.com\/www.strickforum.de\/blog\/media\/1\/20100917-farbebekennen_pink.jpg?resize=350%2C200","width":350,"height":200},"classes":[]},{"id":953,"url":"https:\/\/www.strickforum.de\/blog\/farbe-bekennen-rot\/","url_meta":{"origin":1001,"position":2},"title":"Farbe bekennen &#8211; Rot","author":"Admin","date":"26. Mai 2010","format":false,"excerpt":"F\u00fcr die meisten Menschen ist Rot die Farbe schlechthin. Wenn man an Farbe denkt, ist Rot das erste, was einem in den Sinn kommt. Rot kommt auf uns zu, Rot ist Aktivit\u00e4t, Aggression, Kraft, W\u00e4rme, Glut, Liebe, Leben, reife Fr\u00fcchte. Rot ist f\u00fcr mich eine der sch\u00f6nsten und lebendigsten Farben,\u2026","rel":"","context":"In &quot;Farbe bekennen&quot;","block_context":{"text":"Farbe bekennen","link":"https:\/\/www.strickforum.de\/blog\/category\/10\/"},"img":{"alt_text":"reife Erdbeeren","src":"https:\/\/i0.wp.com\/www.strickforum.de\/blog\/media\/1\/20100526-fb-rot_erdbeeren.jpg?resize=350%2C200","width":350,"height":200},"classes":[]},{"id":871,"url":"https:\/\/www.strickforum.de\/blog\/die-verstrickte-dienstagsfrage-012010\/","url_meta":{"origin":1001,"position":3},"title":"Die verstrickte Dienstagsfrage 01\/2010","author":"Admin","date":"5. Januar 2010","format":false,"excerpt":"Das Wollschaf fragt: Nach welchen Gesichtspunkten w\u00e4hlst du die Farben beim Wollkauf? Kaufst du ausschlie\u00dflich deine Lieblingsfarben? Suchst du die Farben passend nach den Farben deiner \u00fcbrigen Kleidung aus? Kaufst du das Garn, weil dich die Farbe oder Farbkombination \u201canspringt\u201d, unabh\u00e4ngig davon, ob sie dir steht? Kaufst du Garn in\u2026","rel":"","context":"In &quot;Stricken&quot;","block_context":{"text":"Stricken","link":"https:\/\/www.strickforum.de\/blog\/category\/3\/"},"img":{"alt_text":"","src":"","width":0,"height":0},"classes":[]},{"id":960,"url":"https:\/\/www.strickforum.de\/blog\/farbe-bekennen-hellgrun\/","url_meta":{"origin":1001,"position":4},"title":"Farbe bekennen &#8211; Hellgr\u00fcn","author":"Admin","date":"7. Juni 2010","format":false,"excerpt":"Gr\u00fcn ist eine meiner Lieblingsfarben. Vielleicht die Lieblingsfarbe schlechthin. Gr\u00fcn mochte ich schon als Kind, in allen Schattierungen, nur zu blau darf es nicht werden. Gr\u00fcn ist die Hoffnung (meine Lieblingstugend), gr\u00fcn ist, was w\u00e4chst. Gr\u00fcn ist dynamische Ruhe, im Gegensatz zur statischen Ruhe von Blau. Gr\u00fcn verhei\u00dft Sicherheit, deshalb\u2026","rel":"","context":"In &quot;Farbe bekennen&quot;","block_context":{"text":"Farbe bekennen","link":"https:\/\/www.strickforum.de\/blog\/category\/10\/"},"img":{"alt_text":"gr\u00fcner Spargel","src":"https:\/\/i0.wp.com\/www.strickforum.de\/blog\/media\/1\/20100607-spargel_gruen.jpg?resize=350%2C200","width":350,"height":200},"classes":[]},{"id":1008,"url":"https:\/\/www.strickforum.de\/blog\/farbe-bekennen-schwarz-weis\/","url_meta":{"origin":1001,"position":5},"title":"Farbe bekennen: Schwarz-Wei\u00df","author":"Admin","date":"5. September 2010","format":false,"excerpt":"Dieses Buch w\u00fcnschte ich mir vor vielen Jahren, als ich ein Teenie war, zu Weihnachten. Vermutlich fanden meine Eltern meinen Geschmack etwas morbid, aber das ist ja normal bei Teenies. Nicht nur der Einband, auch die Zeichnungen im Buch sind schwarz-wei\u00df, und damit passt es perfekt zum Thema der abgelaufenen\u2026","rel":"","context":"In &quot;Farbe bekennen&quot;","block_context":{"text":"Farbe bekennen","link":"https:\/\/www.strickforum.de\/blog\/category\/10\/"},"img":{"alt_text":"Aubrey Beardsley, Zeichnungen","src":"https:\/\/i0.wp.com\/www.strickforum.de\/blog\/media\/1\/20100905-farbebekennen_schwarzweiss.jpg?resize=350%2C200","width":350,"height":200},"classes":[]}],"_links":{"self":[{"href":"https:\/\/www.strickforum.de\/blog\/wp-json\/wp\/v2\/posts\/1001","targetHints":{"allow":["GET"]}}],"collection":[{"href":"https:\/\/www.strickforum.de\/blog\/wp-json\/wp\/v2\/posts"}],"about":[{"href":"https:\/\/www.strickforum.de\/blog\/wp-json\/wp\/v2\/types\/post"}],"author":[{"embeddable":true,"href":"https:\/\/www.strickforum.de\/blog\/wp-json\/wp\/v2\/users\/3"}],"replies":[{"embeddable":true,"href":"https:\/\/www.strickforum.de\/blog\/wp-json\/wp\/v2\/comments?post=1001"}],"version-history":[{"count":0,"href":"https:\/\/www.strickforum.de\/blog\/wp-json\/wp\/v2\/posts\/1001\/revisions"}],"wp:attachment":[{"href":"https:\/\/www.strickforum.de\/blog\/wp-json\/wp\/v2\/media?parent=1001"}],"wp:term":[{"taxonomy":"category","embeddable":true,"href":"https:\/\/www.strickforum.de\/blog\/wp-json\/wp\/v2\/categories?post=1001"},{"taxonomy":"post_tag","embeddable":true,"href":"https:\/\/www.strickforum.de\/blog\/wp-json\/wp\/v2\/tags?post=1001"}],"curies":[{"name":"wp","href":"https:\/\/api.w.org\/{rel}","templated":true}]}}