{"id":1007,"date":"2010-08-31T22:10:02","date_gmt":"2010-08-31T20:10:02","guid":{"rendered":"http:\/\/www.strickforum.de\/blog\/?p=1007"},"modified":"2010-08-31T22:10:02","modified_gmt":"2010-08-31T20:10:02","slug":"die-verstrickte-dienstagsfrage-352010","status":"publish","type":"post","link":"https:\/\/www.strickforum.de\/blog\/die-verstrickte-dienstagsfrage-352010\/","title":{"rendered":"Die verstrickte Dienstagsfrage 35\/2010"},"content":{"rendered":"<p><b>Das <a href=\"http:\/\/board.stricknetz.net\/blog\/35\/entry-7441-die-verstrickte-dienstagsfrage-352010\/\" target=\"_blank\">Wollschaf<\/a> fragt diesmal:<br \/>\nWelches Material m\u00f6chtest du unbedingt noch verstricken?<br \/>\nHerzlichen Dank an <a href=\"http:\/\/board.stricknetz.net\/blog\/3-annies-verknotungen\/\" target=\"_blank\">Annie<\/a> f\u00fcr die heutige Frage!<\/b><\/p>\n<p>Simple Frage, simple Antwort: Unbedingt verstricken m\u00f6chte ich, genau wie Reni, das Material, das ich hier in meinem Vorrat habe. Das sind n\u00e4mlich \u00fcberwiegend Garne, die mir gut gefallen und sich gut verarbeiten lassen. Ein paar Ausrei\u00dfer wie z.B. etwas Fransengarn oder auch das eine oder andere Polyacrylchen sind darunter, aber auch die haben in der gro\u00dfen weiten Strickwelt ihre Daseinsberechtigung und ihren Sinn.<\/p>\n","protected":false},"excerpt":{"rendered":"<p>Das Wollschaf fragt diesmal: Welches Material m\u00f6chtest du unbedingt noch verstricken? Herzlichen Dank an Annie f\u00fcr die heutige Frage! Simple Frage, simple Antwort: Unbedingt verstricken m\u00f6chte ich, genau wie Reni, das Material, das ich hier in meinem Vorrat habe. Das sind n\u00e4mlich \u00fcberwiegend Garne, die mir gut gefallen und sich gut verarbeiten lassen. Ein paar &hellip; <a href=\"https:\/\/www.strickforum.de\/blog\/die-verstrickte-dienstagsfrage-352010\/\" class=\"more-link\"><span class=\"screen-reader-text\">\u201eDie verstrickte Dienstagsfrage 35\/2010\u201c <\/span>weiterlesen<\/a><\/p>\n","protected":false},"author":3,"featured_media":0,"comment_status":"open","ping_status":"open","sticky":false,"template":"","format":"standard","meta":{"_seopress_robots_primary_cat":"","_seopress_titles_title":"","_seopress_titles_desc":"","_seopress_robots_index":"","_crdt_document":"","jetpack_post_was_ever_published":false,"_jetpack_newsletter_access":"","_jetpack_dont_email_post_to_subs":false,"_jetpack_newsletter_tier_id":0,"_jetpack_memberships_contains_paywalled_content":false,"_jetpack_memberships_contains_paid_content":false,"footnotes":"","jetpack_publicize_message":"","jetpack_publicize_feature_enabled":true,"jetpack_social_post_already_shared":false,"jetpack_social_options":{"image_generator_settings":{"template":"highway","default_image_id":0,"font":"","enabled":false},"version":2}},"categories":[6],"tags":[],"class_list":["post-1007","post","type-post","status-publish","format-standard","hentry","category-6"],"jetpack_publicize_connections":[],"jetpack_featured_media_url":"","jetpack_sharing_enabled":true,"jetpack_shortlink":"https:\/\/wp.me\/p7JbSI-gf","jetpack-related-posts":[{"id":1090,"url":"https:\/\/www.strickforum.de\/blog\/die-verstrickte-dienstagsfrage-522010\/","url_meta":{"origin":1007,"position":0},"title":"Die verstrickte Dienstagsfrage 52\/2010","author":"Admin","date":"28. Dezember 2010","format":false,"excerpt":"Das Wollschaf fragt diesmal: Die Jahreswende ist die Zeit der Statistiken und der Inventur, also Hand aufs Herz: Wie gro\u00df ist Dein Stash? Vielen Dank an Martina f\u00fcr die heutige Frage! Das Wollschaf w\u00fcnscht allen einen angenehmen Jahreswechsel! Das ist aber eine sehr indiskrete Frage. Fast so indiskret, als w\u00fcrde\u2026","rel":"","context":"In &quot;Stricken&quot;","block_context":{"text":"Stricken","link":"https:\/\/www.strickforum.de\/blog\/category\/3\/"},"img":{"alt_text":"","src":"","width":0,"height":0},"classes":[]},{"id":436,"url":"https:\/\/www.strickforum.de\/blog\/die-verstrickte-dienstagsfrage-282008\/","url_meta":{"origin":1007,"position":1},"title":"Die verstrickte Dienstagsfrage 28\/2008","author":"Admin","date":"8. Juli 2008","format":false,"excerpt":"Das Wollschaf fragt: neulich las ich in einer Zeitung folgenden Tipp, kann es mir nicht vorstellen und m\u00f6chte dazu die Meinung anderer h\u00f6ren. \u201eAngora- oder Mohairwolle l\u00e4sst sich leichter stricken, wenn man die Kn\u00e4uel vorher \u00fcber Nacht in einer Plastikt\u00fcte im Gefrierfach aufbewahrt.\u201c Herzlichen Dank an Karin f\u00fcr die heutige\u2026","rel":"","context":"In &quot;Stricken&quot;","block_context":{"text":"Stricken","link":"https:\/\/www.strickforum.de\/blog\/category\/3\/"},"img":{"alt_text":"","src":"","width":0,"height":0},"classes":[]},{"id":805,"url":"https:\/\/www.strickforum.de\/blog\/die-verstrickte-dienstagsfrage-412009\/","url_meta":{"origin":1007,"position":2},"title":"Die verstrickte Dienstagsfrage 41\/2009","author":"Admin","date":"6. Oktober 2009","format":false,"excerpt":"Das Wollschaf fragt: Wie haltet Ihr es mit Euren Garnresten? Versucht Ihr, alles bis aufs letzte Gramm zu verstricken? Was macht Ihr mit den letzten kleinen Resten, werft Ihr die weg? Unterhalb von welcher Grammzahl wird ggf. weggeworfen? Oder verarbeitet Ihr auch Kleinstmengen in einem Resteprojekt, und wenn ja, was\u2026","rel":"","context":"In &quot;Stricken&quot;","block_context":{"text":"Stricken","link":"https:\/\/www.strickforum.de\/blog\/category\/3\/"},"img":{"alt_text":"","src":"","width":0,"height":0},"classes":[]},{"id":1675,"url":"https:\/\/www.strickforum.de\/blog\/die-verstrickte-dienstagsfrage-482013\/","url_meta":{"origin":1007,"position":3},"title":"Die verstrickte Dienstagsfrage 48\/2013","author":"Admin","date":"26. November 2013","format":false,"excerpt":"Diese Woche lautet die Wollschaf-Frage: Strickst oder h\u00e4kelst du auch in der \u00d6ffentlichkeit (also in Caf\u00e9s, Bus und Bahn, B\u00fcchereien, in der Uni, am Arbeitsplatz etc.) ? Wenn ja, welche Erfahrungen hast du damit gemacht und wie reagiert die Umwelt darauf? Wurdest du schon angesprochen und was haben sie gesagt?\u2026","rel":"","context":"In &quot;Stricken&quot;","block_context":{"text":"Stricken","link":"https:\/\/www.strickforum.de\/blog\/category\/3\/"},"img":{"alt_text":"","src":"","width":0,"height":0},"classes":[]},{"id":1047,"url":"https:\/\/www.strickforum.de\/blog\/die-verstrickte-dienstagsfrage-432010\/","url_meta":{"origin":1007,"position":4},"title":"Die verstrickte Dienstagsfrage 43\/2010","author":"Admin","date":"26. Oktober 2010","format":false,"excerpt":"Das Wollschaf fragt diesmal: Welches Wetter animiert Euch am ehesten zum Stricken? Bist Du eher \u201cRegenstricker\/in\u201d oder \u201cSonnenstricker\/in\u201d \u2013 \u201cNebelstricker\/in\u201d oder \u201cSonnenuntergangsstricker\/in\u201d? Oder ist Dir das Wetter beim Stricken schnurzpiepegal? Vielen Dank an Maria f\u00fcr die heutige Frage! Ich wurde schon in sommerlicher Hitze in der Bahn angesprochen, ob es\u2026","rel":"","context":"In &quot;Allgemeines&quot;","block_context":{"text":"Allgemeines","link":"https:\/\/www.strickforum.de\/blog\/category\/1\/"},"img":{"alt_text":"","src":"","width":0,"height":0},"classes":[]},{"id":987,"url":"https:\/\/www.strickforum.de\/blog\/die-verstrickte-dienstagsfrage-292010\/","url_meta":{"origin":1007,"position":5},"title":"Die verstrickte Dienstagsfrage 29\/2010","author":"Admin","date":"20. Juli 2010","format":false,"excerpt":"Das Wollschaf fragt heute: Was macht ihr mit Selbstgestricktem, das euch nicht mehr gef\u00e4llt oder passt? Auftrennen? Verschenken? Wegwerfen? In die Kleidersammlung? Aufheben als Erinnerung? Herzlichen Dank an Reni f\u00fcr die heutige Frage! Wenn man wie ich seit Jahrzehnten strickt, ist es wirklich gelegentlich erforderlich, den Schrankinhalt auf Brauchbarkeit zu\u2026","rel":"","context":"In &quot;Stricken&quot;","block_context":{"text":"Stricken","link":"https:\/\/www.strickforum.de\/blog\/category\/3\/"},"img":{"alt_text":"","src":"","width":0,"height":0},"classes":[]}],"_links":{"self":[{"href":"https:\/\/www.strickforum.de\/blog\/wp-json\/wp\/v2\/posts\/1007","targetHints":{"allow":["GET"]}}],"collection":[{"href":"https:\/\/www.strickforum.de\/blog\/wp-json\/wp\/v2\/posts"}],"about":[{"href":"https:\/\/www.strickforum.de\/blog\/wp-json\/wp\/v2\/types\/post"}],"author":[{"embeddable":true,"href":"https:\/\/www.strickforum.de\/blog\/wp-json\/wp\/v2\/users\/3"}],"replies":[{"embeddable":true,"href":"https:\/\/www.strickforum.de\/blog\/wp-json\/wp\/v2\/comments?post=1007"}],"version-history":[{"count":0,"href":"https:\/\/www.strickforum.de\/blog\/wp-json\/wp\/v2\/posts\/1007\/revisions"}],"wp:attachment":[{"href":"https:\/\/www.strickforum.de\/blog\/wp-json\/wp\/v2\/media?parent=1007"}],"wp:term":[{"taxonomy":"category","embeddable":true,"href":"https:\/\/www.strickforum.de\/blog\/wp-json\/wp\/v2\/categories?post=1007"},{"taxonomy":"post_tag","embeddable":true,"href":"https:\/\/www.strickforum.de\/blog\/wp-json\/wp\/v2\/tags?post=1007"}],"curies":[{"name":"wp","href":"https:\/\/api.w.org\/{rel}","templated":true}]}}