{"id":1008,"date":"2010-09-05T09:18:43","date_gmt":"2010-09-05T07:18:43","guid":{"rendered":"http:\/\/www.strickforum.de\/blog\/?p=1008"},"modified":"2010-09-05T09:18:43","modified_gmt":"2010-09-05T07:18:43","slug":"farbe-bekennen-schwarz-weis","status":"publish","type":"post","link":"https:\/\/www.strickforum.de\/blog\/farbe-bekennen-schwarz-weis\/","title":{"rendered":"Farbe bekennen: Schwarz-Wei\u00df"},"content":{"rendered":"<p>Dieses Buch w\u00fcnschte ich mir vor vielen Jahren, als ich ein Teenie war, zu Weihnachten. Vermutlich fanden meine Eltern meinen Geschmack etwas morbid, aber das ist ja normal bei Teenies. <\/p>\n<p><img data-recalc-dims=\"1\" src=\"https:\/\/i0.wp.com\/www.strickforum.de\/blog\/media\/1\/20100905-farbebekennen_schwarzweiss.jpg?resize=400%2C569\" width=\"400\"  height=\"569\"  alt='Aubrey Beardsley, Zeichnungen'  \/><\/p>\n<p>Nicht nur der Einband, auch die Zeichnungen im Buch sind schwarz-wei\u00df, und damit passt es perfekt zum Thema der abgelaufenen Woche.<\/p>\n","protected":false},"excerpt":{"rendered":"<p>Dieses Buch w\u00fcnschte ich mir vor vielen Jahren, als ich ein Teenie war, zu Weihnachten. Vermutlich fanden meine Eltern meinen Geschmack etwas morbid, aber das ist ja normal bei Teenies. Nicht nur der Einband, auch die Zeichnungen im Buch sind schwarz-wei\u00df, und damit passt es perfekt zum Thema der abgelaufenen Woche.<\/p>\n","protected":false},"author":3,"featured_media":0,"comment_status":"open","ping_status":"open","sticky":false,"template":"","format":"standard","meta":{"_seopress_robots_primary_cat":"","_seopress_titles_title":"","_seopress_titles_desc":"","_seopress_robots_index":"","_crdt_document":"","jetpack_post_was_ever_published":false,"_jetpack_newsletter_access":"","_jetpack_dont_email_post_to_subs":false,"_jetpack_newsletter_tier_id":0,"_jetpack_memberships_contains_paywalled_content":false,"_jetpack_memberships_contains_paid_content":false,"footnotes":"","jetpack_publicize_message":"","jetpack_publicize_feature_enabled":true,"jetpack_social_post_already_shared":false,"jetpack_social_options":{"image_generator_settings":{"template":"highway","default_image_id":0,"font":"","enabled":false},"version":2}},"categories":[10],"tags":[],"class_list":["post-1008","post","type-post","status-publish","format-standard","hentry","category-10"],"jetpack_publicize_connections":[],"jetpack_featured_media_url":"","jetpack_sharing_enabled":true,"jetpack_shortlink":"https:\/\/wp.me\/p7JbSI-gg","jetpack-related-posts":[{"id":1001,"url":"https:\/\/www.strickforum.de\/blog\/farbe-bekennen-rosa\/","url_meta":{"origin":1008,"position":0},"title":"Farbe bekennen: Rosa","author":"Admin","date":"22. August 2010","format":false,"excerpt":"F\u00fcr die nun abgelaufene Woche ging es um Rosa. Rosa ist die Farbe schlechthin f\u00fcr kleine und gro\u00dfe M\u00e4dchen. Und f\u00fcr Dinge, die von kleinen oder gro\u00dfen M\u00e4dchen benutzt werden. (Dieser Becher steht praktisch nur im Schrank und wird eher nicht benutzt.) Und demn\u00e4chst gibt es hier hoffentlich auch wieder\u2026","rel":"","context":"In &quot;Farbe bekennen&quot;","block_context":{"text":"Farbe bekennen","link":"https:\/\/www.strickforum.de\/blog\/category\/10\/"},"img":{"alt_text":"Farbe bekennen: Rosa Becher.jpg","src":"https:\/\/i0.wp.com\/www.strickforum.de\/blog\/media\/1\/20100822-farbebekennen_rosa.jpg?resize=350%2C200","width":350,"height":200},"classes":[]},{"id":989,"url":"https:\/\/www.strickforum.de\/blog\/farbe-bekennen-hellblau\/","url_meta":{"origin":1008,"position":1},"title":"Farbe bekennen: Hellblau","author":"Admin","date":"21. Juli 2010","format":false,"excerpt":"Bei der derzeitigen Hitze ist so eine K\u00fchlbox sehr praktisch. Diese ist zuf\u00e4llig hellblau und passt damit zum Farb-Thema dieser Woche.","rel":"","context":"In &quot;Farbe bekennen&quot;","block_context":{"text":"Farbe bekennen","link":"https:\/\/www.strickforum.de\/blog\/category\/10\/"},"img":{"alt_text":"Farbe bekennen: Hellblaue K\u00fchlbox","src":"https:\/\/i0.wp.com\/www.strickforum.de\/blog\/media\/1\/20100721-farbebekennen_hellblau.jpg?resize=350%2C200","width":350,"height":200},"classes":[]},{"id":974,"url":"https:\/\/www.strickforum.de\/blog\/farbe-bekennen-schwarz\/","url_meta":{"origin":1008,"position":2},"title":"Farbe bekennen &#8211; Schwarz","author":"Admin","date":"1. Juli 2010","format":false,"excerpt":"Es gibt kaum eine Farbe, die ich so wenig mag wie Schwarz. Die Ursachen f\u00fcr diese Ablehnung sind vielf\u00e4ltig und nicht ganz einfach zu erkl\u00e4ren. Nat\u00fcrlich hatte ich, wie wohl jeder, in jungen Jahren meine Schwarz-Phase. Noch knapp bevor ich drei\u00dfig wurde, lief ich gelegentlich von Kopf bis Fu\u00df in\u2026","rel":"","context":"In &quot;Farbe bekennen&quot;","block_context":{"text":"Farbe bekennen","link":"https:\/\/www.strickforum.de\/blog\/category\/10\/"},"img":{"alt_text":"Farbe bekennen: Schwarz","src":"https:\/\/i0.wp.com\/www.strickforum.de\/blog\/media\/1\/20100701-farbebekennen_schwarz.jpg?resize=350%2C200","width":350,"height":200},"classes":[]},{"id":747,"url":"https:\/\/www.strickforum.de\/blog\/die-verstrickte-dienstagsfrage-282009\/","url_meta":{"origin":1008,"position":3},"title":"Die verstrickte Dienstagsfrage 28\/2009","author":"Admin","date":"7. Juli 2009","format":false,"excerpt":"Das Wollschaf fragt: Wie stellst Du Dir das ideale Strickbuch vor? Mal abgesehen davon, da\u00df einem m\u00f6glichst viele Modelle gefallen sollten: Was ist Dir noch wichtig? W\u00e4rst Du bereit, f\u00fcr eine h\u00f6here Qualit\u00e4t (Einband, Papier, Format etc.) auch einen h\u00f6heren Preis zu bezahlen? Herzlichen Dank an Tina f\u00fcr die heutige\u2026","rel":"","context":"In &quot;Allgemeines&quot;","block_context":{"text":"Allgemeines","link":"https:\/\/www.strickforum.de\/blog\/category\/1\/"},"img":{"alt_text":"","src":"","width":0,"height":0},"classes":[]},{"id":942,"url":"https:\/\/www.strickforum.de\/blog\/farbe-bekennen\/","url_meta":{"origin":1008,"position":4},"title":"Farbe bekennen","author":"Admin","date":"14. Mai 2010","format":false,"excerpt":"Eigentlich bin ich nicht der Typ, der sich an allen m\u00f6glichen Aktionen beteiligt. Aber diese klingt sehr spannend, deshalb will ich mitmachen. Zwar ist mir der damit verbundene Aufwand noch nicht ganz klar und auch nicht ganz geheuer - immerhin l\u00e4uft die Aktion \u00fcber 30 Wochen, und was wei\u00df ich,\u2026","rel":"","context":"In &quot;Farbe bekennen&quot;","block_context":{"text":"Farbe bekennen","link":"https:\/\/www.strickforum.de\/blog\/category\/10\/"},"img":{"alt_text":"Farbe bekennen","src":"https:\/\/i0.wp.com\/www.strickforum.de\/blog\/media\/1\/20100514-farbebekennen2010_213.jpg?resize=350%2C200","width":350,"height":200},"classes":[]},{"id":575,"url":"https:\/\/www.strickforum.de\/blog\/meine-kleine-buchkritik-my-little-book-review-janet-nabney-designing-garments-on-the-knitting-machine\/","url_meta":{"origin":1008,"position":5},"title":"Meine kleine Buchkritik &#8211; my little book review: Janet Nabney, &#8220;Designing Garments on the Knitting Machine&#8221;","author":"Admin","date":"6. Dezember 2008","format":false,"excerpt":"Erschienen bei B.T. Batsford Ltd., London 1991, ISBN 0 7134 6164 0. 208 Seiten, viele Zeichnungen und Schwarzwei\u00df-Fotos, eine Farbtafel. Dieses Buch ist die perfekte Erg\u00e4nzung zu Nabneys erstem Buch, das ich vergangene Woche vorstellte. Die Autorin zeigt zun\u00e4chst, wie man eine \u201cDesign Doll\u201d entwickelt, die die eigenen Proportionen wiedergibt,\u2026","rel":"","context":"In &quot;Buchkritiken&quot;","block_context":{"text":"Buchkritiken","link":"https:\/\/www.strickforum.de\/blog\/category\/8\/"},"img":{"alt_text":"Janet Nabney, Designing Garments on the Knitting Machine","src":"https:\/\/i0.wp.com\/www.strickforum.de\/blog\/media\/1\/20081206-nabney_design_titel.jpg?resize=350%2C200","width":350,"height":200},"classes":[]}],"_links":{"self":[{"href":"https:\/\/www.strickforum.de\/blog\/wp-json\/wp\/v2\/posts\/1008","targetHints":{"allow":["GET"]}}],"collection":[{"href":"https:\/\/www.strickforum.de\/blog\/wp-json\/wp\/v2\/posts"}],"about":[{"href":"https:\/\/www.strickforum.de\/blog\/wp-json\/wp\/v2\/types\/post"}],"author":[{"embeddable":true,"href":"https:\/\/www.strickforum.de\/blog\/wp-json\/wp\/v2\/users\/3"}],"replies":[{"embeddable":true,"href":"https:\/\/www.strickforum.de\/blog\/wp-json\/wp\/v2\/comments?post=1008"}],"version-history":[{"count":0,"href":"https:\/\/www.strickforum.de\/blog\/wp-json\/wp\/v2\/posts\/1008\/revisions"}],"wp:attachment":[{"href":"https:\/\/www.strickforum.de\/blog\/wp-json\/wp\/v2\/media?parent=1008"}],"wp:term":[{"taxonomy":"category","embeddable":true,"href":"https:\/\/www.strickforum.de\/blog\/wp-json\/wp\/v2\/categories?post=1008"},{"taxonomy":"post_tag","embeddable":true,"href":"https:\/\/www.strickforum.de\/blog\/wp-json\/wp\/v2\/tags?post=1008"}],"curies":[{"name":"wp","href":"https:\/\/api.w.org\/{rel}","templated":true}]}}