{"id":1013,"date":"2010-09-11T16:58:50","date_gmt":"2010-09-11T14:58:50","guid":{"rendered":"http:\/\/www.strickforum.de\/blog\/?p=1013"},"modified":"2010-09-11T16:58:50","modified_gmt":"2010-09-11T14:58:50","slug":"farbe-bekennen-dunkelrot","status":"publish","type":"post","link":"https:\/\/www.strickforum.de\/blog\/farbe-bekennen-dunkelrot\/","title":{"rendered":"Farbe bekennen: Dunkelrot"},"content":{"rendered":"<p>Ich mag dunkles Rot. Es wirkt auf mich warm und angenehm.<\/p>\n<p><img data-recalc-dims=\"1\" src=\"https:\/\/i0.wp.com\/www.strickforum.de\/blog\/media\/1\/20100911-farbebekennen_dunkelrot.jpg?resize=450%2C624\" width=\"450\"  height=\"624\"  alt='Jacke und Stuhl'  \/><br \/>\nDunkelrot gepolsterter Stuhl mit dunkelrot gestreifter Jacke.<\/p>\n","protected":false},"excerpt":{"rendered":"<p>Ich mag dunkles Rot. Es wirkt auf mich warm und angenehm. Dunkelrot gepolsterter Stuhl mit dunkelrot gestreifter Jacke.<\/p>\n","protected":false},"author":3,"featured_media":0,"comment_status":"open","ping_status":"open","sticky":false,"template":"","format":"standard","meta":{"_seopress_robots_primary_cat":"","_seopress_titles_title":"","_seopress_titles_desc":"","_seopress_robots_index":"","_crdt_document":"","jetpack_post_was_ever_published":false,"_jetpack_newsletter_access":"","_jetpack_dont_email_post_to_subs":false,"_jetpack_newsletter_tier_id":0,"_jetpack_memberships_contains_paywalled_content":false,"_jetpack_memberships_contains_paid_content":false,"footnotes":"","jetpack_publicize_message":"","jetpack_publicize_feature_enabled":true,"jetpack_social_post_already_shared":false,"jetpack_social_options":{"image_generator_settings":{"template":"highway","default_image_id":0,"font":"","enabled":false},"version":2}},"categories":[10],"tags":[],"class_list":["post-1013","post","type-post","status-publish","format-standard","hentry","category-10"],"jetpack_publicize_connections":[],"jetpack_featured_media_url":"","jetpack_sharing_enabled":true,"jetpack_shortlink":"https:\/\/wp.me\/p7JbSI-gl","jetpack-related-posts":[{"id":1937,"url":"https:\/\/www.strickforum.de\/blog\/die-nachste-ulina-2\/","url_meta":{"origin":1013,"position":0},"title":"Die n\u00e4chste Ulina","author":"Admin","date":"6. August 2015","format":false,"excerpt":"Im September wird im Kollegenkreis wieder einmal ein kleines M\u00e4dchen-Baby erwartet. Und nat\u00fcrlich braucht das Kind, wenn es auf den Herbst zugeht, etwas Warmes zum Anziehen. Hier ist also Ulina Nr. 11, sofern ich mich nicht verz\u00e4hlt habe; es k\u00f6nnten auch schon mehr gewesen sein. Gestrickt aus lauter Resten, insgesamt\u2026","rel":"","context":"In &quot;Stricken&quot;","block_context":{"text":"Stricken","link":"https:\/\/www.strickforum.de\/blog\/category\/3\/"},"img":{"alt_text":"","src":"","width":0,"height":0},"classes":[]},{"id":3271,"url":"https:\/\/www.strickforum.de\/blog\/tuch-zweifarbig-fast-vergessen\/","url_meta":{"origin":1013,"position":1},"title":"Tuch, zweifarbig, fast vergessen","author":"Admin","date":"28. August 2021","format":false,"excerpt":"Im April dieses Jahres startete ein (kostenpflichtiger) Knitalong von Romi Hill. Ich habe ihre Entw\u00fcrfe immer sehr gesch\u00e4tzt, deshalb meldete ich mich dazu an. Geplant war ein flach gerundetes Tuch in zwei verschiedenen Farben. Ehrlich gesagt mag ich zweifarbige Kleidungsst\u00fccke und Accessoires nicht so wahnsinnig gern. Ich finde es viel\u2026","rel":"","context":"In &quot;Stricken&quot;","block_context":{"text":"Stricken","link":"https:\/\/www.strickforum.de\/blog\/category\/3\/"},"img":{"alt_text":"flaches, gerundetes Tuch, dunkelrot mit graublau","src":"https:\/\/i0.wp.com\/www.strickforum.de\/blog\/wp-content\/uploads\/2021\/08\/img_1248-scaled-e1630166744929.jpg?resize=350%2C200&ssl=1","width":350,"height":200,"srcset":"https:\/\/i0.wp.com\/www.strickforum.de\/blog\/wp-content\/uploads\/2021\/08\/img_1248-scaled-e1630166744929.jpg?resize=350%2C200&ssl=1 1x, https:\/\/i0.wp.com\/www.strickforum.de\/blog\/wp-content\/uploads\/2021\/08\/img_1248-scaled-e1630166744929.jpg?resize=525%2C300&ssl=1 1.5x, https:\/\/i0.wp.com\/www.strickforum.de\/blog\/wp-content\/uploads\/2021\/08\/img_1248-scaled-e1630166744929.jpg?resize=700%2C400&ssl=1 2x"},"classes":[]},{"id":1591,"url":"https:\/\/www.strickforum.de\/blog\/rowan-magazin-54\/","url_meta":{"origin":1013,"position":2},"title":"Rowan Magazin 54","author":"Admin","date":"13. Juli 2013","format":false,"excerpt":"Heute lag das Rowan Magazin 54 (ich beziehe die deutsche Version) im Briefkasten, und es gef\u00e4llt mir richtig gut. Obwohl es ein Winter-Heft ist, sind darin erstaunlich viele Modelle aus relativ d\u00fcnnen Garnen, die sich auch f\u00fcr die Strickmaschine eignen w\u00fcrden. Den diversen seltsamen \u201cWraps\u201d (ich muss dabei unwillk\u00fcrlich an\u2026","rel":"","context":"In &quot;Stricken&quot;","block_context":{"text":"Stricken","link":"https:\/\/www.strickforum.de\/blog\/category\/3\/"},"img":{"alt_text":"","src":"","width":0,"height":0},"classes":[]},{"id":3034,"url":"https:\/\/www.strickforum.de\/blog\/erster-patchwork-versuch\/","url_meta":{"origin":1013,"position":3},"title":"Erster Patchwork-Versuch","author":"Admin","date":"26. Juli 2020","format":false,"excerpt":"Beim gro\u00dfen Online-H\u00e4ndler erwarb ich einen preiswerten Stapel Baumwollquadrate (100 St\u00fcck) im Format 15x15 cm, also etwas gr\u00f6\u00dfer als das, was namhafte Quiltstoff-Hersteller einem mindestens doppelt so teuer als \"Charm Packs\" verkaufen. Die Farb- und Musterauswahl war, nun ja, etwas eigenwillig, und die Stoffe sind nat\u00fcrlich made in China, wenn\u2026","rel":"","context":"In &quot;N\u00e4hen&quot;","block_context":{"text":"N\u00e4hen","link":"https:\/\/www.strickforum.de\/blog\/category\/5\/"},"img":{"alt_text":"","src":"https:\/\/i0.wp.com\/www.strickforum.de\/blog\/wp-content\/uploads\/2020\/07\/disapp-9patch_700.jpg?resize=350%2C200&ssl=1","width":350,"height":200,"srcset":"https:\/\/i0.wp.com\/www.strickforum.de\/blog\/wp-content\/uploads\/2020\/07\/disapp-9patch_700.jpg?resize=350%2C200&ssl=1 1x, https:\/\/i0.wp.com\/www.strickforum.de\/blog\/wp-content\/uploads\/2020\/07\/disapp-9patch_700.jpg?resize=525%2C300&ssl=1 1.5x, https:\/\/i0.wp.com\/www.strickforum.de\/blog\/wp-content\/uploads\/2020\/07\/disapp-9patch_700.jpg?resize=700%2C400&ssl=1 2x"},"classes":[]},{"id":1762,"url":"https:\/\/www.strickforum.de\/blog\/etwas-furs-baby\/","url_meta":{"origin":1013,"position":4},"title":"Etwas f\u00fcrs Baby","author":"Admin","date":"1. Mai 2014","format":false,"excerpt":"Wie ich Anfang des Jahres bereits erw\u00e4hnte, gibt es diversen Nachwuchs im Kreis meiner Kollegen. Und f\u00fcr eines dieser Kinder, einen kleinen Jungen, der Ende Mai erwartet wird, wurde k\u00fcrzlich ein \u201cUlina\u201d-J\u00e4ckchen (Ravelry-Link) fertig. So sieht es aus: Ich habe Reste von Wollmeise \u201cPure\u201d verarbeitet, ein ged\u00e4mpftes Mittelblau (vermutlich Moses\u2026","rel":"","context":"In &quot;Stricken&quot;","block_context":{"text":"Stricken","link":"https:\/\/www.strickforum.de\/blog\/category\/3\/"},"img":{"alt_text":"","src":"","width":0,"height":0},"classes":[]},{"id":1713,"url":"https:\/\/www.strickforum.de\/blog\/der-einarmige-bandit\/","url_meta":{"origin":1013,"position":5},"title":"Der einarmige Bandit","author":"Admin","date":"18. Januar 2014","format":false,"excerpt":"Vergangenen September stie\u00df ich auf diese Anleitung f\u00fcr ein eigent\u00fcmliches Mittelding zwischen Pullover und Poncho. Ich wusste sofort, dass ich das Ding stricken wollte. Aber erst vor einer Woche fand ich die Zeit, damit auch tats\u00e4chlich anzufangen. Vorher kam noch der Spa\u00df mit der Garnwahl. Nach vielem Hin und Her\u2026","rel":"","context":"In &quot;Stricken&quot;","block_context":{"text":"Stricken","link":"https:\/\/www.strickforum.de\/blog\/category\/3\/"},"img":{"alt_text":"","src":"","width":0,"height":0},"classes":[]}],"_links":{"self":[{"href":"https:\/\/www.strickforum.de\/blog\/wp-json\/wp\/v2\/posts\/1013","targetHints":{"allow":["GET"]}}],"collection":[{"href":"https:\/\/www.strickforum.de\/blog\/wp-json\/wp\/v2\/posts"}],"about":[{"href":"https:\/\/www.strickforum.de\/blog\/wp-json\/wp\/v2\/types\/post"}],"author":[{"embeddable":true,"href":"https:\/\/www.strickforum.de\/blog\/wp-json\/wp\/v2\/users\/3"}],"replies":[{"embeddable":true,"href":"https:\/\/www.strickforum.de\/blog\/wp-json\/wp\/v2\/comments?post=1013"}],"version-history":[{"count":0,"href":"https:\/\/www.strickforum.de\/blog\/wp-json\/wp\/v2\/posts\/1013\/revisions"}],"wp:attachment":[{"href":"https:\/\/www.strickforum.de\/blog\/wp-json\/wp\/v2\/media?parent=1013"}],"wp:term":[{"taxonomy":"category","embeddable":true,"href":"https:\/\/www.strickforum.de\/blog\/wp-json\/wp\/v2\/categories?post=1013"},{"taxonomy":"post_tag","embeddable":true,"href":"https:\/\/www.strickforum.de\/blog\/wp-json\/wp\/v2\/tags?post=1013"}],"curies":[{"name":"wp","href":"https:\/\/api.w.org\/{rel}","templated":true}]}}