{"id":1022,"date":"2010-09-21T20:18:30","date_gmt":"2010-09-21T18:18:30","guid":{"rendered":"http:\/\/www.strickforum.de\/blog\/?p=1022"},"modified":"2010-09-21T20:18:30","modified_gmt":"2010-09-21T18:18:30","slug":"die-verstrickte-dienstagsfrage-382010","status":"publish","type":"post","link":"https:\/\/www.strickforum.de\/blog\/die-verstrickte-dienstagsfrage-382010\/","title":{"rendered":"Die verstrickte Dienstagsfrage 38\/2010"},"content":{"rendered":"<p><b>Das <a href=\"http:\/\/board.stricknetz.net\/blog\/35\/entry-7651-die-verstrickte-dienstagsfrage-382010\/\" target=\"_blank\">Wollschaf<\/a> fragt heute: <br \/>\nIst es euch schon einmal passiert, dass ihr euch voller Begeisterung an ein neues Teil gemacht habt, das ihr unbedingt haben wollt, und euch nach einem Drittel die Lust verlassen hat? Endet es zwangsl\u00e4ufig als Ufo, obwohl ihr es immer noch wollt? Oder beisst ihr euch durch, auch wenn euch eigentlich nix ranzieht. Ich habe das eben bei einer Jacke und mich w\u00fcrde interessieren, wie andere das angehen.<br \/>\nHerzlichen Dank an <a href=\"http:\/\/board.stricknetz.net\/blog\/3-annies-verknotungen\/\">Annie<\/a> f\u00fcr die heutige Frage! <\/b><\/p>\n<p>Ja, leider kommt so etwas auch bei mir vor, allerdings nach deutlich mehr als einem Drittel. Derzeit d\u00fcmpeln zwei solcher Projekte bei mir herum, das eine seit \u00fcber zwei Jahren, das andere seit etwa vier Monaten. Das Zweijahresprojekt kam ins Stocken, nachdem ich meinen Aufschrieb \u00fcber die Modifikation des V-Ausschnitts verbummelt hatte. Da es sich um eine Boucl\u00e9jacke handelt, bei der das Maschenbild nicht ausz\u00e4hlbar ist, werde ich wohl nie mehr ergr\u00fcnden k\u00f6nnen, wie ich vorgehen m\u00fcsste. Das ist besonders \u00e4rgerlich, weil im Prinzip nur noch besagtes halbes Vorderteil fehlt, alles andere ist fertig und harrt des Zusammenn\u00e4hens. Zusammenn\u00e4hen finde ich \u00fcbrigens nicht schlimm, das geht bei mir ziemlich flott.<br \/>\nDas zweite Projekt ist meine &#8220;Vivian&#8221;-Zweitversion. Im M\u00e4rz begann ich voller Elan mit dem Stricken und schaffte es recht z\u00fcgig bis zur Schulterpasse. Nachdem ich aber in letzter Zeit praktisch nur noch unterwegs zum Stricken komme und die Jacke viel zu schwer f\u00fcr ein jeden-Tag-Mitnahmeprojekt ist, liegt sie in Wartestellung. Demn\u00e4chst stehen aber l\u00e4ngere Zugfahrten an, vielleicht reaktiviere ich sie dann.<br \/>\nIch finde es hilfreich, die wahre Ursache f\u00fcr die Blockade herauszufinden. Damit kann man das Problem eingrenzen und m\u00f6glicherweise eine L\u00f6sung finden, um das Projekt doch noch erfolgreich zu beenden.<\/p>\n","protected":false},"excerpt":{"rendered":"<p>Das Wollschaf fragt heute: Ist es euch schon einmal passiert, dass ihr euch voller Begeisterung an ein neues Teil gemacht habt, das ihr unbedingt haben wollt, und euch nach einem Drittel die Lust verlassen hat? Endet es zwangsl\u00e4ufig als Ufo, obwohl ihr es immer noch wollt? Oder beisst ihr euch durch, auch wenn euch eigentlich &hellip; <a href=\"https:\/\/www.strickforum.de\/blog\/die-verstrickte-dienstagsfrage-382010\/\" class=\"more-link\"><span class=\"screen-reader-text\">\u201eDie verstrickte Dienstagsfrage 38\/2010\u201c <\/span>weiterlesen<\/a><\/p>\n","protected":false},"author":3,"featured_media":0,"comment_status":"open","ping_status":"open","sticky":false,"template":"","format":"standard","meta":{"_seopress_robots_primary_cat":"","_seopress_titles_title":"","_seopress_titles_desc":"","_seopress_robots_index":"","_crdt_document":"","jetpack_post_was_ever_published":false,"_jetpack_newsletter_access":"","_jetpack_dont_email_post_to_subs":false,"_jetpack_newsletter_tier_id":0,"_jetpack_memberships_contains_paywalled_content":false,"_jetpack_memberships_contains_paid_content":false,"footnotes":"","jetpack_publicize_message":"","jetpack_publicize_feature_enabled":true,"jetpack_social_post_already_shared":false,"jetpack_social_options":{"image_generator_settings":{"template":"highway","default_image_id":0,"font":"","enabled":false},"version":2}},"categories":[6],"tags":[],"class_list":["post-1022","post","type-post","status-publish","format-standard","hentry","category-6"],"jetpack_publicize_connections":[],"jetpack_featured_media_url":"","jetpack_sharing_enabled":true,"jetpack_shortlink":"https:\/\/wp.me\/p7JbSI-gu","jetpack-related-posts":[{"id":719,"url":"https:\/\/www.strickforum.de\/blog\/kolibri-stuckwerk-hummingbird-patchwork\/","url_meta":{"origin":1022,"position":0},"title":"Kolibri-St\u00fcckwerk &#8211; Hummingbird Patchwork","author":"Admin","date":"15. Mai 2009","format":false,"excerpt":"Noch bin ich mir nicht sicher, ob es am Ende gut aussehen wird. Aber ich arbeite mich St\u00fcck f\u00fcr St\u00fcck voran mit Artesano \u201cHummingbird\u201d DK. Das Bild zeigt zwei Drittel des R\u00fcckenteils, und es ist Absicht, dass beim mittleren Teil die rechts gestrickte und beim Seitenteil die links gestrickte Seite\u2026","rel":"","context":"In &quot;Stricken&quot;","block_context":{"text":"Stricken","link":"https:\/\/www.strickforum.de\/blog\/category\/3\/"},"img":{"alt_text":"Hummingbird patchwork","src":"https:\/\/i0.wp.com\/www.strickforum.de\/blog\/media\/1\/20090515-hummingbird_02.jpg?resize=350%2C200","width":350,"height":200},"classes":[]},{"id":1983,"url":"https:\/\/www.strickforum.de\/blog\/kopfschmerzmuster\/","url_meta":{"origin":1022,"position":1},"title":"Kopfschmerzmuster","author":"Admin","date":"6. April 2016","format":false,"excerpt":"Seit \u00fcber 30 Jahren stricke ich mehr oder weniger ernsthaft. In dieser Zeit habe ich immer wieder alles, was zur Prozedur der Maschenbildung geh\u00f6rt, also z.B. Nadelhaltung und Fadenf\u00fchrung, an meine jeweiligen Bed\u00fcrfnisse so angepasst, dass das Stricken m\u00f6glichst einfach und ohne Hindernisse vonstatten geht. Ich nehme dabei gern etwas\u2026","rel":"","context":"In &quot;Stricken&quot;","block_context":{"text":"Stricken","link":"https:\/\/www.strickforum.de\/blog\/category\/3\/"},"img":{"alt_text":"","src":"","width":0,"height":0},"classes":[]},{"id":1713,"url":"https:\/\/www.strickforum.de\/blog\/der-einarmige-bandit\/","url_meta":{"origin":1022,"position":2},"title":"Der einarmige Bandit","author":"Admin","date":"18. Januar 2014","format":false,"excerpt":"Vergangenen September stie\u00df ich auf diese Anleitung f\u00fcr ein eigent\u00fcmliches Mittelding zwischen Pullover und Poncho. Ich wusste sofort, dass ich das Ding stricken wollte. Aber erst vor einer Woche fand ich die Zeit, damit auch tats\u00e4chlich anzufangen. Vorher kam noch der Spa\u00df mit der Garnwahl. Nach vielem Hin und Her\u2026","rel":"","context":"In &quot;Stricken&quot;","block_context":{"text":"Stricken","link":"https:\/\/www.strickforum.de\/blog\/category\/3\/"},"img":{"alt_text":"","src":"","width":0,"height":0},"classes":[]},{"id":3786,"url":"https:\/\/www.strickforum.de\/blog\/fundsache\/","url_meta":{"origin":1022,"position":3},"title":"Fundsache","author":"Admin","date":"16. Juni 2024","format":false,"excerpt":"In der allerhintersten Ecke des Schlafzimmers, da, wo man normalerweise gar nicht hinkommt und auch nichts hinlegt, lugte gestern der Henkel einer Stofftasche hervor. Als ich daran zog, kam die ganze Tasche zum Vorschein. Und darin fanden sich: Eine angefangene Strickarbeit und eine zw\u00f6lf Seiten lange, ausgedruckte Anleitung f\u00fcr ein\u2026","rel":"","context":"In &quot;Stricken&quot;","block_context":{"text":"Stricken","link":"https:\/\/www.strickforum.de\/blog\/category\/3\/"},"img":{"alt_text":"","src":"https:\/\/i0.wp.com\/www.strickforum.de\/blog\/wp-content\/uploads\/2024\/06\/openhearted-1.jpg?resize=350%2C200&ssl=1","width":350,"height":200,"srcset":"https:\/\/i0.wp.com\/www.strickforum.de\/blog\/wp-content\/uploads\/2024\/06\/openhearted-1.jpg?resize=350%2C200&ssl=1 1x, https:\/\/i0.wp.com\/www.strickforum.de\/blog\/wp-content\/uploads\/2024\/06\/openhearted-1.jpg?resize=525%2C300&ssl=1 1.5x, https:\/\/i0.wp.com\/www.strickforum.de\/blog\/wp-content\/uploads\/2024\/06\/openhearted-1.jpg?resize=700%2C400&ssl=1 2x, https:\/\/i0.wp.com\/www.strickforum.de\/blog\/wp-content\/uploads\/2024\/06\/openhearted-1.jpg?resize=1050%2C600&ssl=1 3x, https:\/\/i0.wp.com\/www.strickforum.de\/blog\/wp-content\/uploads\/2024\/06\/openhearted-1.jpg?resize=1400%2C800&ssl=1 4x"},"classes":[]},{"id":3086,"url":"https:\/\/www.strickforum.de\/blog\/die-verspaetete-tasche\/","url_meta":{"origin":1022,"position":4},"title":"Die versp\u00e4tete Tasche","author":"Admin","date":"25. August 2020","format":false,"excerpt":"Eigentlich wollte ich diese Tasche als Beh\u00e4ltnis f\u00fcr mein Strickzeug mitnehmen, als ich vorgestern gen Westen fuhr, um mich mit anderen Strickerinnen zu treffen. Aber sie wurde nicht rechtzeitig fertig, weil mein r\u00e4umliches Vorstellungsverm\u00f6gen nicht ausreichte. Die Tasche besteht aus zehn Jelly-Roll-Streifen von 42 cm L\u00e4nge, die beim Badezimmer-Quilt \u00fcbrig\u2026","rel":"","context":"In &quot;N\u00e4hen&quot;","block_context":{"text":"N\u00e4hen","link":"https:\/\/www.strickforum.de\/blog\/category\/5\/"},"img":{"alt_text":"","src":"https:\/\/i0.wp.com\/www.strickforum.de\/blog\/wp-content\/uploads\/2020\/08\/quilttasche-aussen.jpg?resize=350%2C200&ssl=1","width":350,"height":200,"srcset":"https:\/\/i0.wp.com\/www.strickforum.de\/blog\/wp-content\/uploads\/2020\/08\/quilttasche-aussen.jpg?resize=350%2C200&ssl=1 1x, https:\/\/i0.wp.com\/www.strickforum.de\/blog\/wp-content\/uploads\/2020\/08\/quilttasche-aussen.jpg?resize=525%2C300&ssl=1 1.5x, https:\/\/i0.wp.com\/www.strickforum.de\/blog\/wp-content\/uploads\/2020\/08\/quilttasche-aussen.jpg?resize=700%2C400&ssl=1 2x"},"classes":[]},{"id":402,"url":"https:\/\/www.strickforum.de\/blog\/die-verstrickte-dienstagsfrage-the-wool-sheeps-question-222008\/","url_meta":{"origin":1022,"position":5},"title":"Die verstrickte Dienstagsfrage &#8211; the Wool Sheep&#8217;s question 22\/2008","author":"Admin","date":"27. Mai 2008","format":false,"excerpt":"Das Wollschaf fragt: Hast du Ufos? Wie kommt es zu ihrem Entstehen? Momentan habe ich nur ein einziges \u201cechtes\u201d UFO, eine Jacke mit dezentem Zopfmuster und Taschen, die seit mehr als zehn Jahren herumliegt. Ich habe immer noch nicht entschieden, was ich damit mache. Es gibt allerdings zwei Projekte, mit\u2026","rel":"","context":"In &quot;Stricken&quot;","block_context":{"text":"Stricken","link":"https:\/\/www.strickforum.de\/blog\/category\/3\/"},"img":{"alt_text":"","src":"","width":0,"height":0},"classes":[]}],"_links":{"self":[{"href":"https:\/\/www.strickforum.de\/blog\/wp-json\/wp\/v2\/posts\/1022","targetHints":{"allow":["GET"]}}],"collection":[{"href":"https:\/\/www.strickforum.de\/blog\/wp-json\/wp\/v2\/posts"}],"about":[{"href":"https:\/\/www.strickforum.de\/blog\/wp-json\/wp\/v2\/types\/post"}],"author":[{"embeddable":true,"href":"https:\/\/www.strickforum.de\/blog\/wp-json\/wp\/v2\/users\/3"}],"replies":[{"embeddable":true,"href":"https:\/\/www.strickforum.de\/blog\/wp-json\/wp\/v2\/comments?post=1022"}],"version-history":[{"count":0,"href":"https:\/\/www.strickforum.de\/blog\/wp-json\/wp\/v2\/posts\/1022\/revisions"}],"wp:attachment":[{"href":"https:\/\/www.strickforum.de\/blog\/wp-json\/wp\/v2\/media?parent=1022"}],"wp:term":[{"taxonomy":"category","embeddable":true,"href":"https:\/\/www.strickforum.de\/blog\/wp-json\/wp\/v2\/categories?post=1022"},{"taxonomy":"post_tag","embeddable":true,"href":"https:\/\/www.strickforum.de\/blog\/wp-json\/wp\/v2\/tags?post=1022"}],"curies":[{"name":"wp","href":"https:\/\/api.w.org\/{rel}","templated":true}]}}