{"id":1023,"date":"2010-09-23T20:44:30","date_gmt":"2010-09-23T18:44:30","guid":{"rendered":"http:\/\/www.strickforum.de\/blog\/?p=1023"},"modified":"2010-09-23T20:44:30","modified_gmt":"2010-09-23T18:44:30","slug":"schon-wieder-was-neues-something-new-again","status":"publish","type":"post","link":"https:\/\/www.strickforum.de\/blog\/schon-wieder-was-neues-something-new-again\/","title":{"rendered":"Schon wieder was Neues &#8211; Something new, again"},"content":{"rendered":"<p>Neulich las ich bei Ravelry \u00fcber einen <a href=\"http:\/\/www.ravelry.com\/discuss\/criminal-minds\/1299604\/376-400#380\" target=\"_blank\">Knitalong<\/a>  (Ravelry-Link), bei dem ein kleines Tuch gestrickt wird, das sich gut als Weihnachtsgeschenk eignen soll. An einem Knitalong habe ich lange nicht mehr teilgenommen. Aus Neugier meldete ich mich an, und gestern ging es los mit dem ersten Strick-Hinweis. Anderthalb Stunden brauchte ich zum Abarbeiten, zum Gl\u00fcck musste ich nicht ribbeln und hatte auch keine Probleme mit dem Muster. Am kommenden Mittwoch geht es weiter. Auf dem Bild seht Ihr mein bisheriges Ergebnis.<\/p>\n<p><img data-recalc-dims=\"1\" src=\"https:\/\/i0.wp.com\/www.strickforum.de\/blog\/media\/1\/20100923-criminalminds-kal_clue1.jpg?resize=450%2C259\" width=\"450\"  height=\"259\"  alt='Criminalminds Knitalong, clue 1 + 2'  \/><\/p>\n<p>Recently I read about a <a href=\"http:\/\/www.ravelry.com\/discuss\/criminal-minds\/1299604\/376-400#380\" target=\"_blank\">knit-along<\/a> on Ravelry, where a &#8220;kerchief&#8221; is worked, which should provide a nice christmas present. I have not participated in a knit-along for a long time. Out of curiosity I signed up, and yesterday the first clue was given. I needed one and a half hour to work my way through it, fortunately no frogging was included, and I had not problems with the pattern. Next Wednesday, the next clue will be given. On the photo you can see my result so far.<\/p>\n","protected":false},"excerpt":{"rendered":"<p>Neulich las ich bei Ravelry \u00fcber einen Knitalong (Ravelry-Link), bei dem ein kleines Tuch gestrickt wird, das sich gut als Weihnachtsgeschenk eignen soll. An einem Knitalong habe ich lange nicht mehr teilgenommen. Aus Neugier meldete ich mich an, und gestern ging es los mit dem ersten Strick-Hinweis. Anderthalb Stunden brauchte ich zum Abarbeiten, zum Gl\u00fcck &hellip; <a href=\"https:\/\/www.strickforum.de\/blog\/schon-wieder-was-neues-something-new-again\/\" class=\"more-link\"><span class=\"screen-reader-text\">\u201eSchon wieder was Neues &#8211; Something new, again\u201c <\/span>weiterlesen<\/a><\/p>\n","protected":false},"author":3,"featured_media":0,"comment_status":"open","ping_status":"open","sticky":false,"template":"","format":"standard","meta":{"_seopress_robots_primary_cat":"","_seopress_titles_title":"","_seopress_titles_desc":"","_seopress_robots_index":"","_crdt_document":"","jetpack_post_was_ever_published":false,"_jetpack_newsletter_access":"","_jetpack_dont_email_post_to_subs":false,"_jetpack_newsletter_tier_id":0,"_jetpack_memberships_contains_paywalled_content":false,"_jetpack_memberships_contains_paid_content":false,"footnotes":"","jetpack_publicize_message":"","jetpack_publicize_feature_enabled":true,"jetpack_social_post_already_shared":false,"jetpack_social_options":{"image_generator_settings":{"template":"highway","default_image_id":0,"font":"","enabled":false},"version":2}},"categories":[6],"tags":[],"class_list":["post-1023","post","type-post","status-publish","format-standard","hentry","category-6"],"jetpack_publicize_connections":[],"jetpack_featured_media_url":"","jetpack_sharing_enabled":true,"jetpack_shortlink":"https:\/\/wp.me\/p7JbSI-gv","jetpack-related-posts":[{"id":1214,"url":"https:\/\/www.strickforum.de\/blog\/zeit-fur-weihnachtsgeschenke\/","url_meta":{"origin":1023,"position":0},"title":"Zeit f\u00fcr Weihnachtsgeschenke","author":"Admin","date":"1. August 2011","format":false,"excerpt":"Schon vor fast vier Monaten wurde ein Tuch (der \u201cOslo Walk Shawl\u201d) fertig, das ich eigentlich als Weihnachtsgeschenk gedacht hatte. Dann kam, zugegeben etwas unerwartet, der Muttertag dazwischen, und das Tuch wechselte vorzeitig den Besitzer. Umso dringender ist es jetzt nat\u00fcrlich, mit der Produktion der Weihnachtsgeschenke fortzufahren. Kleine T\u00fccher, Schals\u2026","rel":"","context":"In &quot;Stricken&quot;","block_context":{"text":"Stricken","link":"https:\/\/www.strickforum.de\/blog\/category\/3\/"},"img":{"alt_text":"Elektra, erste Reihen","src":"https:\/\/i0.wp.com\/www.strickforum.de\/blog\/media\/1\/20110801-elektra_01.jpg?resize=350%2C200","width":350,"height":200},"classes":[]},{"id":1137,"url":"https:\/\/www.strickforum.de\/blog\/wieder-ein-weihnachtsgeschenk-fertig-another-christmas-present-finished\/","url_meta":{"origin":1023,"position":1},"title":"Wieder ein Weihnachtsgeschenk fertig &#8211; Another Christmas present finished","author":"Admin","date":"5. M\u00e4rz 2011","format":false,"excerpt":"Die ersten Weihnachtsgeschenke schon im M\u00e4rz fertig zu haben, gibt einem das Gef\u00fchl von T\u00fcchtigkeit und Flei\u00df. ;-) Hier ist also der Oslo Walk Shawl aus der Interweave Knits Winter 2010, gestrickt aus gut 100 g Wollmeise Lace-Garn in Farbe T\u00fcrkise Markise und knapp 700 Rocaillesperlen in Azurblau mit silbernem\u2026","rel":"","context":"In &quot;Stricken&quot;","block_context":{"text":"Stricken","link":"https:\/\/www.strickforum.de\/blog\/category\/3\/"},"img":{"alt_text":"Oslo Walk Shawl","src":"https:\/\/i0.wp.com\/www.strickforum.de\/blog\/media\/1\/20110305-oslowalkshawl.jpg?resize=350%2C200","width":350,"height":200},"classes":[]},{"id":1705,"url":"https:\/\/www.strickforum.de\/blog\/geschenk-vom-holiday-elf-gift-from-holiday-elf\/","url_meta":{"origin":1023,"position":2},"title":"Geschenk vom Holiday Elf &#8211; Gift from Holiday Elf","author":"Admin","date":"6. Januar 2014","format":false,"excerpt":"Ende Dezember bekam ich vom Holiday Elf eine Anleitung aus meiner Ravelry-queue geschenkt, n\u00e4mlich die Jacke Sylvi. Es dauerte einige Zeit, bis ich dahinter kam, aus welcher ungef\u00e4hren Richtung das Geschenk kam, n\u00e4mlich aus dem Posh Forum. Dort ist nun auch ein Knitalong f\u00fcr die diversen verschenkten Anleitungen entstanden. Ich\u2026","rel":"","context":"In &quot;Stricken&quot;","block_context":{"text":"Stricken","link":"https:\/\/www.strickforum.de\/blog\/category\/3\/"},"img":{"alt_text":"","src":"","width":0,"height":0},"classes":[]},{"id":2920,"url":"https:\/\/www.strickforum.de\/blog\/gespannt\/","url_meta":{"origin":1023,"position":3},"title":"Gespannt&#8230;","author":"Admin","date":"12. Februar 2020","format":false,"excerpt":"\u2026verfolge ich nicht nur die Landespolitik in Th\u00fcringen, wo ich lebe. Gespannt ist auch endlich ein Tuch, das ich vor zwei Monaten bereits abgekettet habe. Es handelt sich um \"Katha Mia\", ein Tuch-Entwurf von Birgit Freyer, f\u00fcr das im Juni vergangenen Jahres bei Ravelry ein Mystery Knitalong begann. Das Tuch\u2026","rel":"","context":"In &quot;Stricken&quot;","block_context":{"text":"Stricken","link":"https:\/\/www.strickforum.de\/blog\/category\/3\/"},"img":{"alt_text":"Tuch \"Katha Mia\", gespannt","src":"https:\/\/i0.wp.com\/www.strickforum.de\/blog\/wp-content\/uploads\/2020\/02\/katha-mia_700.jpg?resize=350%2C200&ssl=1","width":350,"height":200,"srcset":"https:\/\/i0.wp.com\/www.strickforum.de\/blog\/wp-content\/uploads\/2020\/02\/katha-mia_700.jpg?resize=350%2C200&ssl=1 1x, https:\/\/i0.wp.com\/www.strickforum.de\/blog\/wp-content\/uploads\/2020\/02\/katha-mia_700.jpg?resize=525%2C300&ssl=1 1.5x, https:\/\/i0.wp.com\/www.strickforum.de\/blog\/wp-content\/uploads\/2020\/02\/katha-mia_700.jpg?resize=700%2C400&ssl=1 2x"},"classes":[]},{"id":313,"url":"https:\/\/www.strickforum.de\/blog\/knitalongs-und-ich-knitalongs-and-me\/","url_meta":{"origin":1023,"position":4},"title":"Knitalongs und ich &#8211; Knitalongs and me","author":"Admin","date":"23. November 2007","format":false,"excerpt":"Noch m\u00f6chte ich meine Knitalong-Versuche nicht als gescheitert bezeichnen, aber sie d\u00fcmpeln im Nahezu-Stillstand. \u201cSecret of the Stole\u201d liegt eigentlich schon seit vier Wochen vollst\u00e4ndig auf Eis; eine der Ursachen ist, dass mir das Muster nicht gerade \u00fcberw\u00e4ltigend gut gef\u00e4llt. Es ist relativ einfach zu stricken und geht ganz gut\u2026","rel":"","context":"In &quot;Stricken&quot;","block_context":{"text":"Stricken","link":"https:\/\/www.strickforum.de\/blog\/category\/3\/"},"img":{"alt_text":"","src":"","width":0,"height":0},"classes":[]},{"id":1216,"url":"https:\/\/www.strickforum.de\/blog\/wieder-mal-ein-knitalong-a-knitalong-once-again\/","url_meta":{"origin":1023,"position":5},"title":"Wieder mal ein KnitAlong &#8211; A Knitalong, once again","author":"Admin","date":"4. August 2011","format":false,"excerpt":"Wieder einmal habe ich mich zum Mitstricken verlocken lassen. Diesmal geht es um ein Tuch entworfen von Stephen West. Und obwohl der erste Teil der Anleitung gerade mal 25 Reihen umfasst, durfte ich schon sieben F\u00e4den vern\u00e4hen, weil man es hier mit lauter kleinen Farbfl\u00e4chen zu tun hat. Der achte\u2026","rel":"","context":"In &quot;Stricken&quot;","block_context":{"text":"Stricken","link":"https:\/\/www.strickforum.de\/blog\/category\/3\/"},"img":{"alt_text":"Fadenenden, yarn ends","src":"https:\/\/i0.wp.com\/www.strickforum.de\/blog\/media\/1\/20110804-west_kal_2.jpg?resize=350%2C200","width":350,"height":200},"classes":[]}],"_links":{"self":[{"href":"https:\/\/www.strickforum.de\/blog\/wp-json\/wp\/v2\/posts\/1023","targetHints":{"allow":["GET"]}}],"collection":[{"href":"https:\/\/www.strickforum.de\/blog\/wp-json\/wp\/v2\/posts"}],"about":[{"href":"https:\/\/www.strickforum.de\/blog\/wp-json\/wp\/v2\/types\/post"}],"author":[{"embeddable":true,"href":"https:\/\/www.strickforum.de\/blog\/wp-json\/wp\/v2\/users\/3"}],"replies":[{"embeddable":true,"href":"https:\/\/www.strickforum.de\/blog\/wp-json\/wp\/v2\/comments?post=1023"}],"version-history":[{"count":0,"href":"https:\/\/www.strickforum.de\/blog\/wp-json\/wp\/v2\/posts\/1023\/revisions"}],"wp:attachment":[{"href":"https:\/\/www.strickforum.de\/blog\/wp-json\/wp\/v2\/media?parent=1023"}],"wp:term":[{"taxonomy":"category","embeddable":true,"href":"https:\/\/www.strickforum.de\/blog\/wp-json\/wp\/v2\/categories?post=1023"},{"taxonomy":"post_tag","embeddable":true,"href":"https:\/\/www.strickforum.de\/blog\/wp-json\/wp\/v2\/tags?post=1023"}],"curies":[{"name":"wp","href":"https:\/\/api.w.org\/{rel}","templated":true}]}}