{"id":1026,"date":"2010-09-24T07:02:00","date_gmt":"2010-09-24T05:02:00","guid":{"rendered":"http:\/\/www.strickforum.de\/blog\/?p=1026"},"modified":"2010-09-24T07:02:00","modified_gmt":"2010-09-24T05:02:00","slug":"knitpicks-seil-knitpicks-cable","status":"publish","type":"post","link":"https:\/\/www.strickforum.de\/blog\/knitpicks-seil-knitpicks-cable\/","title":{"rendered":"Knitpicks Seil &#8211; Knitpicks cable"},"content":{"rendered":"<p>Ich glaube, auf diesem Bild kann man sehr sch\u00f6n erkennen, weshalb ich Knitpicks Options Nadeln nicht mehr benutzen mag. Als ich vorgestern abend (vergeblich) eine Stricknadel der St\u00e4rke 4,5 mm suchte, griff ich in meiner Verzweiflung wieder einmal zum Knitpicks-Etui. Beim Versuch, die Nadelspitzen anzuschrauben, l\u00f6sten sich die Gewinde spontan vom Seil. Anscheinend ist der Klebstoff in den drei Jahren, die ich das Set besitze, schlichtweg verdunstet.<br \/>\nDamals gab es die Nadeln noch nicht in Europa; ein Arbeitskollege beschaffte mir das Set direkt in den USA. Ein Umtausch ist nicht m\u00f6glich, denn der Kollege lebt inzwischen in Deutschland. <br \/>\nIch bin mittlerweile begeisterte Nutzerin von stinknormalen Addi Rundstricknadeln. Ratet mal, weshalb.<\/p>\n<p><img data-recalc-dims=\"1\" src=\"https:\/\/i0.wp.com\/www.strickforum.de\/blog\/media\/1\/20100923-knitpicks_options.jpg?resize=450%2C283\" width=\"450\"  height=\"283\"  alt='Knitpicks Options Seil, Knitpicks Options cable'  \/><\/p>\n<p>I think this photo shows rather clearly why I do not like using Knitpicks Options needles. When I was looking (in vain) for a 4.5 mm circular needle the day before yesterday (and not finding one), I reached for my Knitpicks case in despair. I tried to screw the needle points onto the cable when the screw threads spontaneously came undone. It seems the adhesive has simply evaporated in the three years that I own this needle set.<br \/>\nAt that time these sets were not available here in Europe; a colleague obtained one for me directly in the U.S. A replacement is not possible for the colleague lives in Germany by now. <br \/>\nIn the meantime I&#8217;ve become an avid user of plain vanilla Addi circular needles. Guess why.<\/p>\n","protected":false},"excerpt":{"rendered":"<p>Ich glaube, auf diesem Bild kann man sehr sch\u00f6n erkennen, weshalb ich Knitpicks Options Nadeln nicht mehr benutzen mag. Als ich vorgestern abend (vergeblich) eine Stricknadel der St\u00e4rke 4,5 mm suchte, griff ich in meiner Verzweiflung wieder einmal zum Knitpicks-Etui. Beim Versuch, die Nadelspitzen anzuschrauben, l\u00f6sten sich die Gewinde spontan vom Seil. Anscheinend ist der &hellip; <a href=\"https:\/\/www.strickforum.de\/blog\/knitpicks-seil-knitpicks-cable\/\" class=\"more-link\"><span class=\"screen-reader-text\">\u201eKnitpicks Seil &#8211; Knitpicks cable\u201c <\/span>weiterlesen<\/a><\/p>\n","protected":false},"author":3,"featured_media":0,"comment_status":"open","ping_status":"open","sticky":false,"template":"","format":"standard","meta":{"_seopress_robots_primary_cat":"","_seopress_titles_title":"","_seopress_titles_desc":"","_seopress_robots_index":"","_crdt_document":"","jetpack_post_was_ever_published":false,"_jetpack_newsletter_access":"","_jetpack_dont_email_post_to_subs":false,"_jetpack_newsletter_tier_id":0,"_jetpack_memberships_contains_paywalled_content":false,"_jetpack_memberships_contains_paid_content":false,"footnotes":"","jetpack_publicize_message":"","jetpack_publicize_feature_enabled":true,"jetpack_social_post_already_shared":false,"jetpack_social_options":{"image_generator_settings":{"template":"highway","default_image_id":0,"font":"","enabled":false},"version":2}},"categories":[6],"tags":[],"class_list":["post-1026","post","type-post","status-publish","format-standard","hentry","category-6"],"jetpack_publicize_connections":[],"jetpack_featured_media_url":"","jetpack_sharing_enabled":true,"jetpack_shortlink":"https:\/\/wp.me\/p7JbSI-gy","jetpack-related-posts":[{"id":1129,"url":"https:\/\/www.strickforum.de\/blog\/die-verstrickte-dienstagsfrage-82011\/","url_meta":{"origin":1026,"position":0},"title":"Die verstrickte Dienstagsfrage 8\/2011","author":"Admin","date":"22. Februar 2011","format":false,"excerpt":"Das Wollschaf will diesmal wissen: Besitzt du auch ein variables Nadelset mit auswechselbaren Nadelspitzen und verschieden langen Seilen? Hast du sogar mehrere? Was sind die Vorteile dieser Sets? Gibt's auch Nachteile? Wenn du keines hast \u2013 warum nicht? Vielen Dank an Monika f\u00fcr die heutige Frage! Tats\u00e4chlich besitze ich nicht\u2026","rel":"","context":"In &quot;Stricken&quot;","block_context":{"text":"Stricken","link":"https:\/\/www.strickforum.de\/blog\/category\/3\/"},"img":{"alt_text":"","src":"","width":0,"height":0},"classes":[]},{"id":287,"url":"https:\/\/www.strickforum.de\/blog\/auf-der-zielgeraden-on-the-home-stretch\/","url_meta":{"origin":1026,"position":1},"title":"Auf der Zielgeraden &#8211; On the home stretch","author":"Admin","date":"3. Oktober 2007","format":false,"excerpt":"K\u00fcrzlich hatte ich berichtet, dass ich ein Modell aus der \u201cSabrina Stricktrends\u201d Herbstausgabe ein wenig, sagen wir mal, \u201c\u00fcberarbeitet\u201d habe. Mittlerweile n\u00e4hert es sich aufhaltsam der Fertigstellung. Es m\u00fcssen noch die \u00c4rmel eingen\u00e4ht und einige N\u00e4hte geschlossen werden. Die Einfassung der Kanten habe ich heute gestrickt. Dazu verwendete ich das\u2026","rel":"","context":"In &quot;Stricken&quot;","block_context":{"text":"Stricken","link":"https:\/\/www.strickforum.de\/blog\/category\/3\/"},"img":{"alt_text":"Sabrina wrap cardi, Wickeljacke","src":"https:\/\/i0.wp.com\/www.strickforum.de\/blog\/media\/1\/20071003-sabrina_wickeljacke.jpg?resize=350%2C200","width":350,"height":200},"classes":[]},{"id":1337,"url":"https:\/\/www.strickforum.de\/blog\/die-verstrickte-dienstagsfrage-112012\/","url_meta":{"origin":1026,"position":2},"title":"Die verstrickte Dienstagsfrage 11\/2012","author":"Admin","date":"13. M\u00e4rz 2012","format":false,"excerpt":"Diese Woche fragt das Wollschaf: 1. Kauft ihr Nadeln im Set, Habe ich mal probiert (Denise und Knitpicks), sie haben sich f\u00fcr mich aber nicht bew\u00e4hrt. Mit nicht-variablen Rundstricknadeln komme ich wesentlich besser zurecht. Ach, ein 15-cm-Nadelspiel-Set von Knitpro in verschiedenen St\u00e4rken habe ich noch, das ist ganz h\u00fcbsch. Es\u2026","rel":"","context":"In &quot;Stricken&quot;","block_context":{"text":"Stricken","link":"https:\/\/www.strickforum.de\/blog\/category\/3\/"},"img":{"alt_text":"","src":"","width":0,"height":0},"classes":[]},{"id":285,"url":"https:\/\/www.strickforum.de\/blog\/ich-habe-es\/","url_meta":{"origin":1026,"position":3},"title":"Ich habe es!","author":"Admin","date":"26. September 2007","format":false,"excerpt":"Das Knitpicks Nadelset, das ein ganz lieber Kollege f\u00fcr mich in den USA beschafft hatte, ist gestern bei mir angekommen. Leider werde ich in den n\u00e4chsten Tagen keine Zeit haben, mich n\u00e4her damit zu besch\u00e4ftigen, aber ich freue mich schon darauf, es zu testen. \u00dcbrigens habe ich den Verdacht, dass\u2026","rel":"","context":"In &quot;Stricken&quot;","block_context":{"text":"Stricken","link":"https:\/\/www.strickforum.de\/blog\/category\/3\/"},"img":{"alt_text":"Knitpicks Nadelset \/ needle set","src":"https:\/\/i0.wp.com\/www.strickforum.de\/blog\/media\/1\/20070926-knitpicks.jpg?resize=350%2C200","width":350,"height":200},"classes":[]},{"id":940,"url":"https:\/\/www.strickforum.de\/blog\/die-verstrickte-dienstagsfrage-192010\/","url_meta":{"origin":1026,"position":4},"title":"Die verstrickte Dienstagsfrage 19\/2010","author":"Admin","date":"11. Mai 2010","format":false,"excerpt":"Das Wollschaf fragt: Mit welchen Nadeln strickt ihr am liebsten? Welche Marke, welches Material, welches System (Rundstricknadeln, Nadelspiele\u2026) Herzlichen Dank an Tabemi f\u00fcr die heutige Frage! Da verweise ich mal auf eine \u00e4hnlich gelagerte Frage vom 20. Oktober 2009 und meine damalige Antwort. F\u00fcr variable Nadelbauk\u00e4sten kann ich mich nicht\u2026","rel":"","context":"In &quot;Stricken&quot;","block_context":{"text":"Stricken","link":"https:\/\/www.strickforum.de\/blog\/category\/3\/"},"img":{"alt_text":"","src":"","width":0,"height":0},"classes":[]},{"id":884,"url":"https:\/\/www.strickforum.de\/blog\/schon-wieder-again\/","url_meta":{"origin":1026,"position":5},"title":"Schon wieder &#8211; Again!","author":"Admin","date":"20. Januar 2010","format":false,"excerpt":"Als ich gestern im Bus unterwegs war und an meinem derzeitigen Mitnahmeprojekt stricken wollte, l\u00f6ste sich wieder einmal ein Schraubgewinde von seinem Knitpicks-Kabel. Das war diesmal besonders unangenehm, weil besagtes Mitnahmeprojekt ein quer gestrickter Schal mit 250 Maschen ist. Leider habe ich keine andere Nadel in 5,5 mm St\u00e4rke, so\u2026","rel":"","context":"In &quot;Stricken&quot;","block_context":{"text":"Stricken","link":"https:\/\/www.strickforum.de\/blog\/category\/3\/"},"img":{"alt_text":"","src":"","width":0,"height":0},"classes":[]}],"_links":{"self":[{"href":"https:\/\/www.strickforum.de\/blog\/wp-json\/wp\/v2\/posts\/1026","targetHints":{"allow":["GET"]}}],"collection":[{"href":"https:\/\/www.strickforum.de\/blog\/wp-json\/wp\/v2\/posts"}],"about":[{"href":"https:\/\/www.strickforum.de\/blog\/wp-json\/wp\/v2\/types\/post"}],"author":[{"embeddable":true,"href":"https:\/\/www.strickforum.de\/blog\/wp-json\/wp\/v2\/users\/3"}],"replies":[{"embeddable":true,"href":"https:\/\/www.strickforum.de\/blog\/wp-json\/wp\/v2\/comments?post=1026"}],"version-history":[{"count":0,"href":"https:\/\/www.strickforum.de\/blog\/wp-json\/wp\/v2\/posts\/1026\/revisions"}],"wp:attachment":[{"href":"https:\/\/www.strickforum.de\/blog\/wp-json\/wp\/v2\/media?parent=1026"}],"wp:term":[{"taxonomy":"category","embeddable":true,"href":"https:\/\/www.strickforum.de\/blog\/wp-json\/wp\/v2\/categories?post=1026"},{"taxonomy":"post_tag","embeddable":true,"href":"https:\/\/www.strickforum.de\/blog\/wp-json\/wp\/v2\/tags?post=1026"}],"curies":[{"name":"wp","href":"https:\/\/api.w.org\/{rel}","templated":true}]}}