{"id":1027,"date":"2010-09-26T11:41:05","date_gmt":"2010-09-26T09:41:05","guid":{"rendered":"http:\/\/www.strickforum.de\/blog\/?p=1027"},"modified":"2010-09-26T11:41:05","modified_gmt":"2010-09-26T09:41:05","slug":"farbe-bekennen-dunkelblau","status":"publish","type":"post","link":"https:\/\/www.strickforum.de\/blog\/farbe-bekennen-dunkelblau\/","title":{"rendered":"Farbe bekennen: Dunkelblau"},"content":{"rendered":"<p>Ja, ich bin wieder mal sp\u00e4t dran. \ud83d\ude42<\/p>\n<p><img data-recalc-dims=\"1\" src=\"https:\/\/i0.wp.com\/www.strickforum.de\/blog\/media\/1\/20100926-farbebekennen_dunkelblau.jpg?resize=450%2C411\" width=\"450\"  height=\"411\"  alt='Farbe bekennen: Dunkelblau'  \/><\/p>\n<p>Dieser Hefter geh\u00f6rt zu meinem Arbeitsplatz. Da ich haupts\u00e4chlich mit virtuellen Daten arbeite und nur wenig mit Papier, wird er nicht oft verwendet. <\/p>\n","protected":false},"excerpt":{"rendered":"<p>Ja, ich bin wieder mal sp\u00e4t dran. \ud83d\ude42 Dieser Hefter geh\u00f6rt zu meinem Arbeitsplatz. Da ich haupts\u00e4chlich mit virtuellen Daten arbeite und nur wenig mit Papier, wird er nicht oft verwendet.<\/p>\n","protected":false},"author":3,"featured_media":0,"comment_status":"open","ping_status":"open","sticky":false,"template":"","format":"standard","meta":{"_seopress_robots_primary_cat":"","_seopress_titles_title":"","_seopress_titles_desc":"","_seopress_robots_index":"","_crdt_document":"","jetpack_post_was_ever_published":false,"_jetpack_newsletter_access":"","_jetpack_dont_email_post_to_subs":false,"_jetpack_newsletter_tier_id":0,"_jetpack_memberships_contains_paywalled_content":false,"_jetpack_memberships_contains_paid_content":false,"footnotes":"","jetpack_publicize_message":"","jetpack_publicize_feature_enabled":true,"jetpack_social_post_already_shared":false,"jetpack_social_options":{"image_generator_settings":{"template":"highway","default_image_id":0,"font":"","enabled":false},"version":2}},"categories":[10],"tags":[],"class_list":["post-1027","post","type-post","status-publish","format-standard","hentry","category-10"],"jetpack_publicize_connections":[],"jetpack_featured_media_url":"","jetpack_sharing_enabled":true,"jetpack_shortlink":"https:\/\/wp.me\/p7JbSI-gz","jetpack-related-posts":[{"id":1030,"url":"https:\/\/www.strickforum.de\/blog\/farbe-bekennen-hellviolett\/","url_meta":{"origin":1027,"position":0},"title":"Farbe bekennen: Hellviolett","author":"Admin","date":"4. Oktober 2010","format":false,"excerpt":"Nachdem ich vergangene Woche erhebliche Computerprobleme hatte (man sollte einen Compi gelegentlich komplett vom Stromnetz trennen), komme ich heute zum Gl\u00fcck wieder an alle Daten und Programme und kann somit die Farbe der letzten Woche nachreichen. Hellviolett geh\u00f6rt f\u00fcr mich zu den \u201ckosmetischen\u201d Farben, etwas bl\u00e4sslich, zart, melancholisch angehaucht. In\u2026","rel":"","context":"In &quot;Farbe bekennen&quot;","block_context":{"text":"Farbe bekennen","link":"https:\/\/www.strickforum.de\/blog\/category\/10\/"},"img":{"alt_text":"farbe bekennen: Hellviolett.jpg","src":"https:\/\/i0.wp.com\/www.strickforum.de\/blog\/media\/1\/20101004-farbebekennen_hellviolett.jpg?resize=350%2C200","width":350,"height":200},"classes":[]},{"id":1348,"url":"https:\/\/www.strickforum.de\/blog\/muster-und-maschenprobe\/","url_meta":{"origin":1027,"position":1},"title":"Muster- und Maschenprobe","author":"Admin","date":"26. M\u00e4rz 2012","format":false,"excerpt":"Es war eigentlich von Anfang an klar, dass das Sortiment Meline-Str\u00e4nge in verschiedenen Fr\u00fchlings-Farbt\u00f6nen ein mehrfarbiger Pullover werden sollte. Inzwischen hatte ich Gelegenheit, meine diversen Musterhefte und -b\u00fccher zu durchw\u00fchlen. In zwei Burda-Musterheften wurde ich f\u00fcndig. Die Diagramme modifizierte ich ein wenig, damit sie auf der Strickmaschine einfacher nachzuarbeiten sind.\u2026","rel":"","context":"In &quot;Stricken&quot;","block_context":{"text":"Stricken","link":"https:\/\/www.strickforum.de\/blog\/category\/3\/"},"img":{"alt_text":"","src":"","width":0,"height":0},"classes":[]},{"id":1073,"url":"https:\/\/www.strickforum.de\/blog\/farbe-bekennen-durchsichtig\/","url_meta":{"origin":1027,"position":2},"title":"Farbe bekennen: Durchsichtig","author":"Admin","date":"12. Dezember 2010","format":false,"excerpt":"Eine schlichte und eine Bleikristall-Vase. Letztere bekam vor 25 Jahren den sch\u00f6nen Beinamen \u201cder Totschl\u00e4ger\u201d; sie wurde nur sehr selten verwendet, weil die \u00fcblichen Blumenstr\u00e4u\u00dfe sowieso nicht hineinpassen. Die schlichte Vase wird \u00f6fter gebraucht.","rel":"","context":"In &quot;Farbe bekennen&quot;","block_context":{"text":"Farbe bekennen","link":"https:\/\/www.strickforum.de\/blog\/category\/10\/"},"img":{"alt_text":"Farbe bekennen: Durchsichtig","src":"https:\/\/i0.wp.com\/www.strickforum.de\/blog\/media\/1\/20101212-farbebekennen_durchsichtig.jpg?resize=350%2C200","width":350,"height":200},"classes":[]},{"id":1062,"url":"https:\/\/www.strickforum.de\/blog\/farbe-bekennen-bronze\/","url_meta":{"origin":1027,"position":3},"title":"Farbe bekennen: Bronze","author":"Admin","date":"22. November 2010","format":false,"excerpt":"Eigentlich war dies das Thema der vergangenen Woche. Ich bin sp\u00e4t dran. Das Bild zeigt Metallkn\u00f6pfe in verschiedenen Gr\u00f6\u00dfen, die ich in meiner Knopfsammlung gefunden habe. Vielleicht finde ich irgendwann auch einmal ein Strickprojekt daf\u00fcr.","rel":"","context":"In &quot;Farbe bekennen&quot;","block_context":{"text":"Farbe bekennen","link":"https:\/\/www.strickforum.de\/blog\/category\/10\/"},"img":{"alt_text":"Farbe bekennen: Bronze","src":"https:\/\/i0.wp.com\/www.strickforum.de\/blog\/media\/1\/20101122-farbebekennen_bronze.jpg?resize=350%2C200","width":350,"height":200},"classes":[]},{"id":1160,"url":"https:\/\/www.strickforum.de\/blog\/die-verstrickte-dienstagsfrage-152011\/","url_meta":{"origin":1027,"position":4},"title":"Die verstrickte Dienstagsfrage 15\/2011","author":"Admin","date":"12. April 2011","format":false,"excerpt":"Das wollschaf fragt diesmal: Es geht um Strickschriften. Falls du lieber nach Strickschriften als nach ausgeschriebenen Angaben f\u00fcr Strickmuster strickst, wie sehen die aus, die du am Besten lesen kannst bzw. am liebsten magst? Es gibt ja solche, die f\u00fcr jede Masche ein Symbol haben und solche, bei denen die\u2026","rel":"","context":"In &quot;Stricken&quot;","block_context":{"text":"Stricken","link":"https:\/\/www.strickforum.de\/blog\/category\/3\/"},"img":{"alt_text":"","src":"","width":0,"height":0},"classes":[]},{"id":965,"url":"https:\/\/www.strickforum.de\/blog\/farbe-bekennen-orange\/","url_meta":{"origin":1027,"position":5},"title":"Farbe bekennen &#8211; Orange","author":"Admin","date":"14. Juni 2010","format":false,"excerpt":"Neulich hatte ich diesen Beutel dabei, um an einem regnerischen Tag mein Strickzeug, das sonst in einer Stofftasche mit mir unterwegs ist, vor N\u00e4sse zu sch\u00fctzen. Ein Bekannter sah Beutel und Schriftzug und meinte, in so einer Tasche finde man bestimmt alles besonders gut wieder. :-) Orange ist nicht so\u2026","rel":"","context":"In &quot;Farbe bekennen&quot;","block_context":{"text":"Farbe bekennen","link":"https:\/\/www.strickforum.de\/blog\/category\/10\/"},"img":{"alt_text":"Farbe bekennen: Orange","src":"https:\/\/i0.wp.com\/www.strickforum.de\/blog\/media\/1\/20100614-farbebekennen_orange.jpg?resize=350%2C200","width":350,"height":200},"classes":[]}],"_links":{"self":[{"href":"https:\/\/www.strickforum.de\/blog\/wp-json\/wp\/v2\/posts\/1027","targetHints":{"allow":["GET"]}}],"collection":[{"href":"https:\/\/www.strickforum.de\/blog\/wp-json\/wp\/v2\/posts"}],"about":[{"href":"https:\/\/www.strickforum.de\/blog\/wp-json\/wp\/v2\/types\/post"}],"author":[{"embeddable":true,"href":"https:\/\/www.strickforum.de\/blog\/wp-json\/wp\/v2\/users\/3"}],"replies":[{"embeddable":true,"href":"https:\/\/www.strickforum.de\/blog\/wp-json\/wp\/v2\/comments?post=1027"}],"version-history":[{"count":0,"href":"https:\/\/www.strickforum.de\/blog\/wp-json\/wp\/v2\/posts\/1027\/revisions"}],"wp:attachment":[{"href":"https:\/\/www.strickforum.de\/blog\/wp-json\/wp\/v2\/media?parent=1027"}],"wp:term":[{"taxonomy":"category","embeddable":true,"href":"https:\/\/www.strickforum.de\/blog\/wp-json\/wp\/v2\/categories?post=1027"},{"taxonomy":"post_tag","embeddable":true,"href":"https:\/\/www.strickforum.de\/blog\/wp-json\/wp\/v2\/tags?post=1027"}],"curies":[{"name":"wp","href":"https:\/\/api.w.org\/{rel}","templated":true}]}}