{"id":1029,"date":"2010-09-27T20:08:00","date_gmt":"2010-09-27T18:08:00","guid":{"rendered":"http:\/\/www.strickforum.de\/blog\/?p=1029"},"modified":"2010-09-27T20:08:00","modified_gmt":"2010-09-27T18:08:00","slug":"not-a-drop-nr-2","status":"publish","type":"post","link":"https:\/\/www.strickforum.de\/blog\/not-a-drop-nr-2\/","title":{"rendered":"Not a Drop Nr. 2"},"content":{"rendered":"<p>Dies ist zur Zeit mein Unterwegs-Gestrick. Es ist klein und handlich, und ich kann das Muster auswendig stricken.<br \/>\nDiese zweite Version soll nicht ganz so lang werden wie der erste Schal. Das Teil misst inzwischen etwa 70 cm (ungespannt), und ich denke, dass ich noch bis maximal 170 cm stricken werde, eventuell auch weniger. <\/p>\n<p><img data-recalc-dims=\"1\" src=\"https:\/\/i0.wp.com\/www.strickforum.de\/blog\/media\/1\/20100927-notadrop-blau-halb.jpg?resize=450%2C338\" width=\"450\"  height=\"338\"  alt='Not a drop in Blaut\u00f6nen\/shades of blue'  \/><\/p>\n<p>This is currently my knitting-to-go. It is small and portable, and I know the pattern by heart. <br \/>\nThis second version is planned to be a bit shorter than the first scarf. Meanwhile it measures about 70 cm (unblocked), and I think I&#8217;ll continue until 170 cm maximum, maybe a bit less.<\/p>\n","protected":false},"excerpt":{"rendered":"<p>Dies ist zur Zeit mein Unterwegs-Gestrick. Es ist klein und handlich, und ich kann das Muster auswendig stricken. Diese zweite Version soll nicht ganz so lang werden wie der erste Schal. Das Teil misst inzwischen etwa 70 cm (ungespannt), und ich denke, dass ich noch bis maximal 170 cm stricken werde, eventuell auch weniger. This &hellip; <a href=\"https:\/\/www.strickforum.de\/blog\/not-a-drop-nr-2\/\" class=\"more-link\"><span class=\"screen-reader-text\">\u201eNot a Drop Nr. 2\u201c <\/span>weiterlesen<\/a><\/p>\n","protected":false},"author":3,"featured_media":0,"comment_status":"open","ping_status":"open","sticky":false,"template":"","format":"standard","meta":{"_seopress_robots_primary_cat":"","_seopress_titles_title":"","_seopress_titles_desc":"","_seopress_robots_index":"","_crdt_document":"","jetpack_post_was_ever_published":false,"_jetpack_newsletter_access":"","_jetpack_dont_email_post_to_subs":false,"_jetpack_newsletter_tier_id":0,"_jetpack_memberships_contains_paywalled_content":false,"_jetpack_memberships_contains_paid_content":false,"footnotes":"","jetpack_publicize_message":"","jetpack_publicize_feature_enabled":true,"jetpack_social_post_already_shared":false,"jetpack_social_options":{"image_generator_settings":{"template":"highway","default_image_id":0,"font":"","enabled":false},"version":2}},"categories":[6],"tags":[],"class_list":["post-1029","post","type-post","status-publish","format-standard","hentry","category-6"],"jetpack_publicize_connections":[],"jetpack_featured_media_url":"","jetpack_sharing_enabled":true,"jetpack_shortlink":"https:\/\/wp.me\/p7JbSI-gB","jetpack-related-posts":[{"id":1043,"url":"https:\/\/www.strickforum.de\/blog\/not-a-drop-version-2\/","url_meta":{"origin":1029,"position":0},"title":"Not a Drop, Version 2","author":"Admin","date":"20. Oktober 2010","format":false,"excerpt":"Heute nachmittag wird dieser Schal verschenkt, aber vorher habe ich noch Bilder gemacht. Diese Version ist nach leichtem Spannen 22 cm breit und 180 cm lang, sie wird sich aber wahrscheinlich beim Tragen noch etwas l\u00e4ngen. Verstrickt habe ich exakt 100 g Wollmeise 100% Merino in einer \u201cVersuchskaninchen\u201d-F\u00e4rbung, t\u00fcrkis-blau-lila. Es\u2026","rel":"","context":"In &quot;Stricken&quot;","block_context":{"text":"Stricken","link":"https:\/\/www.strickforum.de\/blog\/category\/3\/"},"img":{"alt_text":"Not a drop, turkis-blau-lila","src":"https:\/\/i0.wp.com\/www.strickforum.de\/blog\/media\/1\/20101019-notadrop-2.jpg?resize=350%2C200","width":350,"height":200},"classes":[]},{"id":499,"url":"https:\/\/www.strickforum.de\/blog\/ekeby-fertigfinished\/","url_meta":{"origin":1029,"position":1},"title":"Ekeby fertig\/finished","author":"Admin","date":"31. August 2008","format":false,"excerpt":"Am Freitag vern\u00e4hte ich die letzten F\u00e4den bei diesem Modell, inzwischen ist es gewaschen und getrocknet. Entgegen der Anleitung ben\u00f6tigte ich f\u00fcr die gr\u00f6\u00dfere Gr\u00f6\u00dfe nur drei Str\u00e4nge Garn (360 m). Vielleicht liegt es daran, dass ich relativ fest gestrickt habe. Da ich das Garn nicht zum ersten Mal verwendete,\u2026","rel":"","context":"In &quot;Stricken&quot;","block_context":{"text":"Stricken","link":"https:\/\/www.strickforum.de\/blog\/category\/3\/"},"img":{"alt_text":"Ekeby auf rotem Grund\/on red background","src":"https:\/\/i0.wp.com\/www.strickforum.de\/blog\/media\/1\/20080831-ekeby_flash.jpg?resize=350%2C200","width":350,"height":200},"classes":[]},{"id":879,"url":"https:\/\/www.strickforum.de\/blog\/silvester-ist-fertig-silvester-is-finished\/","url_meta":{"origin":1029,"position":2},"title":"Silvester ist fertig &#8211; Silvester is finished","author":"Admin","date":"15. Januar 2010","format":false,"excerpt":"Fertig gestrickt ist dieses Tuch bereits seit zwei Tagen, aber nun ist es auch gespannt und trocken. Es misst 200 mal 40 cm und wiegt exakt 195 Gramm. Verstrickt habe ich zwei Str\u00e4nge Wollerey \u201cCarmano\u201d, und ich bin doch froh, dass ich keine dickere Nadel als 4,5 mm verwendete, denn\u2026","rel":"","context":"In &quot;Stricken&quot;","block_context":{"text":"Stricken","link":"https:\/\/www.strickforum.de\/blog\/category\/3\/"},"img":{"alt_text":"Silvester von Anna Dalvi","src":"https:\/\/i0.wp.com\/www.strickforum.de\/blog\/media\/1\/20100115-silvester_complete.jpg?resize=350%2C200","width":350,"height":200},"classes":[]},{"id":1084,"url":"https:\/\/www.strickforum.de\/blog\/akimbo\/","url_meta":{"origin":1029,"position":3},"title":"Akimbo","author":"Admin","date":"23. Dezember 2010","format":false,"excerpt":"Schon vor einigen Tagen stellte ich das Tuch \u201cAkimbo\u201d (Design: Stephen West) fertig. Es ist etwa 40 cm hoch, die lange Seite misst ungef\u00e4hr 100 cm, und es wiegt 130 g. Es war ein prima Mitnahmegestrick und dazu noch kurzweilig zu stricken. Und jetzt dient es mir als kleiner Schal,\u2026","rel":"","context":"In &quot;Stricken&quot;","block_context":{"text":"Stricken","link":"https:\/\/www.strickforum.de\/blog\/category\/3\/"},"img":{"alt_text":"Akimbo by Stephen West","src":"https:\/\/i0.wp.com\/www.strickforum.de\/blog\/media\/1\/20101222-akimbo_ganz.jpg?resize=350%2C200","width":350,"height":200},"classes":[]},{"id":277,"url":"https:\/\/www.strickforum.de\/blog\/einen-kapuzenschal-ganz-einfach-stricken\/","url_meta":{"origin":1029,"position":4},"title":"Einen Kapuzenschal ganz einfach stricken","author":"Admin","date":"12. September 2007","format":false,"excerpt":"Kaum wird es k\u00e4lter, da schreit alle Welt nach einer Anleitung f\u00fcr einen Kapuzenschal. Hier ist eine supereinfache Variante, so leicht, dass man dabei nicht mal nachdenken muss. Und ich habe dieses Ding an einem Abend gestrickt, allerdings auf der Strickmaschine. Von Hand dauert es l\u00e4nger, ist aber genauso einfach.\u2026","rel":"","context":"In &quot;Stricken&quot;","block_context":{"text":"Stricken","link":"https:\/\/www.strickforum.de\/blog\/category\/3\/"},"img":{"alt_text":"Kapuzenschal, hooded scarf","src":"https:\/\/i0.wp.com\/www.strickforum.de\/blog\/media\/1\/20070912-kapuzenschal2.jpg?resize=350%2C200","width":350,"height":200},"classes":[]},{"id":1006,"url":"https:\/\/www.strickforum.de\/blog\/not-a-drop\/","url_meta":{"origin":1029,"position":5},"title":"Not a Drop","author":"Admin","date":"29. August 2010","format":false,"excerpt":"Dieses Muster ist wie Klebstoff: Man kommt zuf\u00e4llig damit in Kontakt (z.B. indem man es irgendwo sieht), und dann kaum noch davon los. Der Anfang war m\u00fchsam. Ich stricke seit etwa drei\u00dfig Jahren, habe ein entsprechendes Strick-Selbstbewusstsein ;-) und es war ungewohnt f\u00fcr mich, ein Strickteil dreimal beginnen zu m\u00fcssen,\u2026","rel":"","context":"In &quot;Stricken&quot;","block_context":{"text":"Stricken","link":"https:\/\/www.strickforum.de\/blog\/category\/3\/"},"img":{"alt_text":"Not a drop, halb fertig, half finished","src":"https:\/\/i0.wp.com\/www.strickforum.de\/blog\/media\/1\/20100829-not-a-drop_halbfertig.jpg?resize=350%2C200","width":350,"height":200},"classes":[]}],"_links":{"self":[{"href":"https:\/\/www.strickforum.de\/blog\/wp-json\/wp\/v2\/posts\/1029","targetHints":{"allow":["GET"]}}],"collection":[{"href":"https:\/\/www.strickforum.de\/blog\/wp-json\/wp\/v2\/posts"}],"about":[{"href":"https:\/\/www.strickforum.de\/blog\/wp-json\/wp\/v2\/types\/post"}],"author":[{"embeddable":true,"href":"https:\/\/www.strickforum.de\/blog\/wp-json\/wp\/v2\/users\/3"}],"replies":[{"embeddable":true,"href":"https:\/\/www.strickforum.de\/blog\/wp-json\/wp\/v2\/comments?post=1029"}],"version-history":[{"count":0,"href":"https:\/\/www.strickforum.de\/blog\/wp-json\/wp\/v2\/posts\/1029\/revisions"}],"wp:attachment":[{"href":"https:\/\/www.strickforum.de\/blog\/wp-json\/wp\/v2\/media?parent=1029"}],"wp:term":[{"taxonomy":"category","embeddable":true,"href":"https:\/\/www.strickforum.de\/blog\/wp-json\/wp\/v2\/categories?post=1029"},{"taxonomy":"post_tag","embeddable":true,"href":"https:\/\/www.strickforum.de\/blog\/wp-json\/wp\/v2\/tags?post=1029"}],"curies":[{"name":"wp","href":"https:\/\/api.w.org\/{rel}","templated":true}]}}