{"id":1032,"date":"2010-10-05T20:15:26","date_gmt":"2010-10-05T18:15:26","guid":{"rendered":"http:\/\/www.strickforum.de\/blog\/?p=1032"},"modified":"2010-10-05T20:15:26","modified_gmt":"2010-10-05T18:15:26","slug":"die-verstrickte-dienstagsfrage-402010","status":"publish","type":"post","link":"https:\/\/www.strickforum.de\/blog\/die-verstrickte-dienstagsfrage-402010\/","title":{"rendered":"Die verstrickte Dienstagsfrage 40\/2010"},"content":{"rendered":"<p><b>Das <a href=\"http:\/\/board.stricknetz.net\/blog\/35\/entry-7697-die-verstrickte-dienstagsfrage-402010\/\" target=\"_blank\">Wollschaf<\/a> fragt heute: <br \/>\nWelches \u00c4rmeldesign ist dir am liebsten bzw. strickst du am gernsten? Kugel\u00e4rmel, Raglan, vereinfachte Armkugel, gerader Arm? Herzlichen Dank an  <a href=\"http:\/\/board.stricknetz.net\/blog\/3-annies-verknotungen\/\" target=\"_blank\">Annie<\/a> f\u00fcr die heutige Frage!<\/b><\/p>\n<p>Darauf gibt es eine einfache Antwort: Es kommt drauf an. <br \/>\nIch habe noch diverse \u00e4ltere Pullover im &#8220;drop shoulder&#8221;-Stil, die finde ich sehr bequem und trage sie immer noch gern. Wenn man beispielsweise f\u00fcr Menschen mit eingeschr\u00e4nkter k\u00f6rperlicher Beweglichkeit strickt, ist diese \u00c4rmelform \u00fcbrigens wesentlich einfacher anzuziehen als eng anliegende Kugel\u00e4rmel, deshalb wird sie einstweilen auch nicht aus meinem Repertoire verschwinden. <br \/>\n\u00c4rmel mit Armkugel finde ich f\u00fcr Kleidung sch\u00f6n, die eher k\u00f6rpernah geschnitten ist. Aber man muss schon etwas herumprobieren, bis man den optimalen Schnitt gefunden hat. Meine letzten Kugel\u00e4rmel waren im Oberarmbereich seltsamerweise etwas eng, da muss ich noch etwas optimieren.<br \/>\nMit Raglan\u00e4rmeln und Rundpassen stehe ich ein wenig auf Kriegsfu\u00df. Der \u00fcbliche Raglanschnitt ergibt eine nahezu konische Gesamtform, die mit der Form meines Oberk\u00f6rpers nicht wirklich harmoniert. Ich bin n\u00e4mlich kein Kegel. Anders ausgedr\u00fcckt: ich habe zwar keine ausgepr\u00e4gt eckigen Schultern, aber es sind immerhin Schultern da, und bei einem normalen Raglanschnitt ist f\u00fcr sie nicht so richtig Platz vorhanden. Deshalb mogle ich entweder zus\u00e4tzliche Schulterabnahmen in die \u00c4rmelmitte, oder ich stricke z.B. eine Sattelschulter. Beides finde ich f\u00fcr mich kleidsamer, weil es die Schulterpartie angenehm modelliert. Ja, ich wei\u00df, dass Gestricktes sich schon irgendwie am Leib zurechtzieht, aber weshalb nicht gleich etwas dem K\u00f6rper gut Angepasstes stricken? <br \/>\nEinen RVO habe ich \u00fcbrigens noch nie gestrickt. Da ich keine Nahtphobie habe, war es bisher noch nicht n\u00f6tig.<\/p>\n","protected":false},"excerpt":{"rendered":"<p>Das Wollschaf fragt heute: Welches \u00c4rmeldesign ist dir am liebsten bzw. strickst du am gernsten? Kugel\u00e4rmel, Raglan, vereinfachte Armkugel, gerader Arm? Herzlichen Dank an Annie f\u00fcr die heutige Frage! Darauf gibt es eine einfache Antwort: Es kommt drauf an. Ich habe noch diverse \u00e4ltere Pullover im &#8220;drop shoulder&#8221;-Stil, die finde ich sehr bequem und trage &hellip; <a href=\"https:\/\/www.strickforum.de\/blog\/die-verstrickte-dienstagsfrage-402010\/\" class=\"more-link\"><span class=\"screen-reader-text\">\u201eDie verstrickte Dienstagsfrage 40\/2010\u201c <\/span>weiterlesen<\/a><\/p>\n","protected":false},"author":3,"featured_media":0,"comment_status":"open","ping_status":"open","sticky":false,"template":"","format":"standard","meta":{"_seopress_robots_primary_cat":"","_seopress_titles_title":"","_seopress_titles_desc":"","_seopress_robots_index":"","_crdt_document":"","jetpack_post_was_ever_published":false,"_jetpack_newsletter_access":"","_jetpack_dont_email_post_to_subs":false,"_jetpack_newsletter_tier_id":0,"_jetpack_memberships_contains_paywalled_content":false,"_jetpack_memberships_contains_paid_content":false,"footnotes":"","jetpack_publicize_message":"","jetpack_publicize_feature_enabled":true,"jetpack_social_post_already_shared":false,"jetpack_social_options":{"image_generator_settings":{"template":"highway","default_image_id":0,"font":"","enabled":false},"version":2}},"categories":[6],"tags":[],"class_list":["post-1032","post","type-post","status-publish","format-standard","hentry","category-6"],"jetpack_publicize_connections":[],"jetpack_featured_media_url":"","jetpack_sharing_enabled":true,"jetpack_shortlink":"https:\/\/wp.me\/p7JbSI-gE","jetpack-related-posts":[{"id":1229,"url":"https:\/\/www.strickforum.de\/blog\/das-muss-einfach-so-sein\/","url_meta":{"origin":1032,"position":0},"title":"Das muss einfach so sein","author":"Admin","date":"28. August 2011","format":false,"excerpt":"Das letzte Kn\u00e4uel selbstmusternde Wolle teilte ich in zwei ann\u00e4hernd gleiche H\u00e4lften, und dann strickte ich die \u00c4rmel im Streifenmuster, soweit das Garn reichte. Das war zuf\u00e4llig bis zum Beginn der Armkugel. Ich bin nicht ungl\u00fccklich dar\u00fcber, denn dieser Zufall enthob mich des Problems, die Streifen der Armkugel an die\u2026","rel":"","context":"In &quot;Stricken&quot;","block_context":{"text":"Stricken","link":"https:\/\/www.strickforum.de\/blog\/category\/3\/"},"img":{"alt_text":"das muss so sein","src":"https:\/\/i0.wp.com\/www.strickforum.de\/blog\/media\/1\/20110828-dmss_cpl_450.jpg?resize=350%2C200","width":350,"height":200},"classes":[]},{"id":625,"url":"https:\/\/www.strickforum.de\/blog\/die-verstrickte-dienstagsfrage-the-wool-sheeps-question-42009\/","url_meta":{"origin":1032,"position":1},"title":"Die verstrickte Dienstagsfrage &#8211; the Wool Sheep&#8217;s question 4\/2009","author":"Admin","date":"20. Januar 2009","format":false,"excerpt":"Das Wollschaf fragt: \u201cWenn ihr Wolle \u201dauf Vorrat\u201c \/ ein Schn\u00e4ppchen kauft, wie viel Gramm \/ wie viele Kn\u00e4uel sind es? Kauft Ihr immer genug f\u00fcr einen Pullover ein, damit ihr dann nicht mit dem genialsten Garn f\u00fcr genau dieses Projekt dasteht, davon aber nur 3 Kn\u00e4uel habt?\u201d Herzlichen Dank\u2026","rel":"","context":"In &quot;Stricken&quot;","block_context":{"text":"Stricken","link":"https:\/\/www.strickforum.de\/blog\/category\/3\/"},"img":{"alt_text":"","src":"","width":0,"height":0},"classes":[]},{"id":1652,"url":"https:\/\/www.strickforum.de\/blog\/der-klassische-pullover-mit-drei-armeln\/","url_meta":{"origin":1032,"position":2},"title":"Der klassische Pullover mit drei \u00c4rmeln","author":"Admin","date":"25. Oktober 2013","format":false,"excerpt":"Diese Art von Modell kennen vermutlich die meisten Strickerinnen. Heute habe ich an so einem Pullover gearbeitet. Wie das passierte? Naja, wie meistens. Meine Mutter w\u00fcnscht sich endlich auch eine Variante meines Lieblings-Rippenpullovers, den ich f\u00fcr mich selbst schon ein halbes Dutzend Mal gestrickt habe. Damit er ihr passt, musste\u2026","rel":"","context":"In &quot;Stricken&quot;","block_context":{"text":"Stricken","link":"https:\/\/www.strickforum.de\/blog\/category\/3\/"},"img":{"alt_text":"","src":"","width":0,"height":0},"classes":[]},{"id":1686,"url":"https:\/\/www.strickforum.de\/blog\/die-verstrickte-dienstagsfrage-512013\/","url_meta":{"origin":1032,"position":3},"title":"Die verstrickte Dienstagsfrage 51\/2013","author":"Admin","date":"17. Dezember 2013","format":false,"excerpt":"Auch in dieser Woche hat das Wollschaf eine weihnachtliche Frage: Gibt es in eurem Haus eigentlich selbst-gestrickte oder selbst-gehaekelte Weihnachtsdeko? Wenn ja, was ist es? (Vielleicht moegt ihr ja auch ein Bild davon zeigen). Wenn nein, warum macht ihr es nicht? Vielen Dank an Connie f\u00fcr die heutige Frage! Nein,\u2026","rel":"","context":"In &quot;Stricken&quot;","block_context":{"text":"Stricken","link":"https:\/\/www.strickforum.de\/blog\/category\/3\/"},"img":{"alt_text":"","src":"","width":0,"height":0},"classes":[]},{"id":2252,"url":"https:\/\/www.strickforum.de\/blog\/wolle-zum-anfassen-und-stricken-3-0\/","url_meta":{"origin":1032,"position":4},"title":"Wolle zum Anfassen und Stricken 3.0","author":"Admin","date":"30. September 2016","format":false,"excerpt":"Gestern fand in den R\u00e4umen von Makerist\u00a0in Berlin ein Strickblogger-Treffen statt, zu dem au\u00dfer Makerist der OZ-Verlag und die Firma Prym eingeladen hatten. Und ja, ich war auch unter den Eingeladenen und m\u00f6chte mich an dieser Stelle ganz herzlich f\u00fcr den sch\u00f6nen Abend bedanken, der mir die Gelegenheit gab, viele\u2026","rel":"","context":"In &quot;Stricken&quot;","block_context":{"text":"Stricken","link":"https:\/\/www.strickforum.de\/blog\/category\/3\/"},"img":{"alt_text":"sbt01","src":"https:\/\/i0.wp.com\/www.strickforum.de\/blog\/wp-content\/uploads\/2016\/09\/sbt01-600x399.jpg?resize=350%2C200","width":350,"height":200,"srcset":"https:\/\/i0.wp.com\/www.strickforum.de\/blog\/wp-content\/uploads\/2016\/09\/sbt01-600x399.jpg?resize=350%2C200 1x, https:\/\/i0.wp.com\/www.strickforum.de\/blog\/wp-content\/uploads\/2016\/09\/sbt01-600x399.jpg?resize=525%2C300 1.5x"},"classes":[]},{"id":610,"url":"https:\/\/www.strickforum.de\/blog\/die-verstrickte-dienstagsfrage-22009\/","url_meta":{"origin":1032,"position":5},"title":"Die verstrickte Dienstagsfrage 2\/2009","author":"Admin","date":"6. Januar 2009","format":false,"excerpt":"Das Wollschaf fragt: Welchen Designer aus der Strickwelt (z. B. Starmore, Isager, Kagan, Bliss und wie sie alle hei\u00dfen) w\u00fcrdest du gerne einmal pers\u00f6nlich kennenlernen? Was w\u00fcrdest du sie\/ihn fragen? Herzlichen Dank an Gaby f\u00fcr die heutige Frage! Oh, da g\u00e4be es mehrere. Gern w\u00fcrde ich mich mit Iris Bishop\u2026","rel":"","context":"In &quot;Stricken&quot;","block_context":{"text":"Stricken","link":"https:\/\/www.strickforum.de\/blog\/category\/3\/"},"img":{"alt_text":"","src":"","width":0,"height":0},"classes":[]}],"_links":{"self":[{"href":"https:\/\/www.strickforum.de\/blog\/wp-json\/wp\/v2\/posts\/1032","targetHints":{"allow":["GET"]}}],"collection":[{"href":"https:\/\/www.strickforum.de\/blog\/wp-json\/wp\/v2\/posts"}],"about":[{"href":"https:\/\/www.strickforum.de\/blog\/wp-json\/wp\/v2\/types\/post"}],"author":[{"embeddable":true,"href":"https:\/\/www.strickforum.de\/blog\/wp-json\/wp\/v2\/users\/3"}],"replies":[{"embeddable":true,"href":"https:\/\/www.strickforum.de\/blog\/wp-json\/wp\/v2\/comments?post=1032"}],"version-history":[{"count":0,"href":"https:\/\/www.strickforum.de\/blog\/wp-json\/wp\/v2\/posts\/1032\/revisions"}],"wp:attachment":[{"href":"https:\/\/www.strickforum.de\/blog\/wp-json\/wp\/v2\/media?parent=1032"}],"wp:term":[{"taxonomy":"category","embeddable":true,"href":"https:\/\/www.strickforum.de\/blog\/wp-json\/wp\/v2\/categories?post=1032"},{"taxonomy":"post_tag","embeddable":true,"href":"https:\/\/www.strickforum.de\/blog\/wp-json\/wp\/v2\/tags?post=1032"}],"curies":[{"name":"wp","href":"https:\/\/api.w.org\/{rel}","templated":true}]}}