{"id":1047,"date":"2010-10-26T18:01:00","date_gmt":"2010-10-26T16:01:00","guid":{"rendered":"http:\/\/www.strickforum.de\/blog\/?p=1047"},"modified":"2010-10-26T18:01:00","modified_gmt":"2010-10-26T16:01:00","slug":"die-verstrickte-dienstagsfrage-432010","status":"publish","type":"post","link":"https:\/\/www.strickforum.de\/blog\/die-verstrickte-dienstagsfrage-432010\/","title":{"rendered":"Die verstrickte Dienstagsfrage 43\/2010"},"content":{"rendered":"<p><b>Das <a href=\"http:\/\/daswollschaf.wordpress.com\/2010\/10\/26\/die-verstrickte-dienstagsfrage-432010\/\" target=\"_blank\">Wollschaf<\/a> fragt diesmal:<br \/>\nWelches Wetter animiert Euch am ehesten zum Stricken? Bist Du eher &#8220;Regenstricker\/in&#8221; oder &#8220;Sonnenstricker\/in&#8221; \u2013 &#8220;Nebelstricker\/in&#8221; oder &#8220;Sonnenuntergangsstricker\/in&#8221;? Oder ist Dir das Wetter beim Stricken schnurzpiepegal?<br \/>\nVielen Dank an <a href=\"http:\/\/maschenweise.blogspot.com\/\" target=\"_blank\">Maria<\/a> f\u00fcr die heutige Frage!<\/b><\/p>\n<p>Ich wurde schon in sommerlicher Hitze in der Bahn angesprochen, ob es mir nicht zu warm sei, dicke Wolle zu verstricken. Meine Antwort damals: Das Garn saugt doch eventuellen Schwei\u00df auf. (Und gewaschen wird ein Strickst\u00fcck nach der Fertigstellung sowieso, also ist es weitgehend egal, ob Schwei\u00df oder Tr\u00e4nen drin sind.)<br \/>\nEhrlich gesagt habe ich keine Strick-Wetter-Pr\u00e4ferenzen. Bei Sonne stricke ich genau so gern wie bei Regen und Schnee.<\/p>\n","protected":false},"excerpt":{"rendered":"<p>Das Wollschaf fragt diesmal: Welches Wetter animiert Euch am ehesten zum Stricken? Bist Du eher &#8220;Regenstricker\/in&#8221; oder &#8220;Sonnenstricker\/in&#8221; \u2013 &#8220;Nebelstricker\/in&#8221; oder &#8220;Sonnenuntergangsstricker\/in&#8221;? Oder ist Dir das Wetter beim Stricken schnurzpiepegal? Vielen Dank an Maria f\u00fcr die heutige Frage! Ich wurde schon in sommerlicher Hitze in der Bahn angesprochen, ob es mir nicht zu warm sei, &hellip; <a href=\"https:\/\/www.strickforum.de\/blog\/die-verstrickte-dienstagsfrage-432010\/\" class=\"more-link\"><span class=\"screen-reader-text\">\u201eDie verstrickte Dienstagsfrage 43\/2010\u201c <\/span>weiterlesen<\/a><\/p>\n","protected":false},"author":3,"featured_media":0,"comment_status":"open","ping_status":"open","sticky":false,"template":"","format":"standard","meta":{"_seopress_robots_primary_cat":"","_seopress_titles_title":"","_seopress_titles_desc":"","_seopress_robots_index":"","_crdt_document":"","jetpack_post_was_ever_published":false,"_jetpack_newsletter_access":"","_jetpack_dont_email_post_to_subs":false,"_jetpack_newsletter_tier_id":0,"_jetpack_memberships_contains_paywalled_content":false,"_jetpack_memberships_contains_paid_content":false,"footnotes":"","jetpack_publicize_message":"","jetpack_publicize_feature_enabled":true,"jetpack_social_post_already_shared":false,"jetpack_social_options":{"image_generator_settings":{"template":"highway","default_image_id":0,"font":"","enabled":false},"version":2}},"categories":[5],"tags":[],"class_list":["post-1047","post","type-post","status-publish","format-standard","hentry","category-5"],"jetpack_publicize_connections":[],"jetpack_featured_media_url":"","jetpack_sharing_enabled":true,"jetpack_shortlink":"https:\/\/wp.me\/p7JbSI-gT","jetpack-related-posts":[{"id":1933,"url":"https:\/\/www.strickforum.de\/blog\/die-verstrickte-dienstagsfrage-woche-312015\/","url_meta":{"origin":1047,"position":0},"title":"Die verstrickte Dienstagsfrage Woche 31\/2015","author":"Admin","date":"28. Juli 2015","format":false,"excerpt":"Mangels Einreichung neuer Fragen und passend zum derzeitigen \u201cwelcheJahreszeitistdaseigentlich\u201d-Wetter hat das Wollschaf eine Frage aus dem 2010er-Archiv ausgebuddelt: Welches Wetter animiert Euch am ehesten zum Stricken? Bist Du eher \u201cRegenstricker\/in\u201d oder \u201cSonnenstricker\/in\u201d \u2013 \u201cNebelstricker\/in\u201d oder \u201cSonnenuntergangsstricker\/in\u201d? Oder ist Dir das Wetter beim Stricken schnurzpiepegal? Vielen Dank an Maria f\u00fcr die\u2026","rel":"","context":"In &quot;Stricken&quot;","block_context":{"text":"Stricken","link":"https:\/\/www.strickforum.de\/blog\/category\/3\/"},"img":{"alt_text":"","src":"","width":0,"height":0},"classes":[]},{"id":1541,"url":"https:\/\/www.strickforum.de\/blog\/die-verstrickte-dienstagsfrage-142013\/","url_meta":{"origin":1047,"position":1},"title":"Die verstrickte Dienstagsfrage 14\/2013","author":"Admin","date":"2. April 2013","format":false,"excerpt":"Diese Woche fragt das Wollschaf: Die letzten M\u00fctzen sind gestrickt, die ersten Handschuhe schon wieder verloren. Und jetzt? Welche Projekte habt Ihr Euch f\u00fcr die warme Jahreszeit vorgenommen? Vielen Dank an \u201cTee & Kekse\u201d f\u00fcr die heutige Frage! Stricktechnisch wird's bei mir nie langweilig, egal welche Jahreszeit der Kalender oder\u2026","rel":"","context":"In &quot;Stricken&quot;","block_context":{"text":"Stricken","link":"https:\/\/www.strickforum.de\/blog\/category\/3\/"},"img":{"alt_text":"","src":"","width":0,"height":0},"classes":[]},{"id":1219,"url":"https:\/\/www.strickforum.de\/blog\/die-verstrickte-dienstagsfrage-322011\/","url_meta":{"origin":1047,"position":2},"title":"Die verstrickte Dienstagsfrage 32\/2011","author":"Admin","date":"9. August 2011","format":false,"excerpt":"Das Wollschaf fragt diesmal: \u00dcber welches Strick- oder H\u00e4kelwerk habt ihr euch am meisten ge\u00e4rgert und warum? Vielen Dank an Michaela f\u00fcr die heutige Frage! Leider erinnere ich mich nicht mehr an alle 600-700 Stricksachen, die ich schon angefertigt habe. Es waren aber diverse \u00c4rgernisse dabei, zum Beispiel dieser gr\u00fcn\u2026","rel":"","context":"In &quot;Stricken&quot;","block_context":{"text":"Stricken","link":"https:\/\/www.strickforum.de\/blog\/category\/3\/"},"img":{"alt_text":"","src":"","width":0,"height":0},"classes":[]},{"id":1098,"url":"https:\/\/www.strickforum.de\/blog\/die-verstrickte-dienstagsfrage-12011\/","url_meta":{"origin":1047,"position":3},"title":"Die verstrickte Dienstagsfrage 1\/2011","author":"Admin","date":"4. Januar 2011","format":false,"excerpt":"Das Wollschaf will diesmal wissen: Wie lange braucht ihr im Wollgesch\u00e4ft, um ein Garn f\u00fcr ein Projekt auszusuchen? Nehmt ihr dann noch \u201cKollateraleink\u00e4ufe\u201d mit, also Garne, die nebenbei mit in die Tasche springen? Wie lange haltet ihr euch in Online-Shops auf, ebenfalls, um nach geeignetem Garn f\u00fcr ein Projekt zu\u2026","rel":"","context":"In &quot;Stricken&quot;","block_context":{"text":"Stricken","link":"https:\/\/www.strickforum.de\/blog\/category\/3\/"},"img":{"alt_text":"","src":"","width":0,"height":0},"classes":[]},{"id":700,"url":"https:\/\/www.strickforum.de\/blog\/die-verstrickte-dienstagsfrage-172009\/","url_meta":{"origin":1047,"position":4},"title":"Die verstrickte Dienstagsfrage 17\/2009","author":"Admin","date":"21. April 2009","format":false,"excerpt":"Das Wollschaf fragt: Hallo, meine Frage schlie\u00dft sich an eine Frage an, die k\u00fcrzlich gestellt wurde, n\u00e4mlich zum Sinn der Wollschaffrage. Meine Frage geht auch an die Fragenden und ist ein hei\u00dfes Eisen: wie zufrieden seid ihr mit den Antworten auf eure Fragen? Was erwartet ihr euch von den Antworten?\u2026","rel":"","context":"In &quot;Allgemeines&quot;","block_context":{"text":"Allgemeines","link":"https:\/\/www.strickforum.de\/blog\/category\/1\/"},"img":{"alt_text":"","src":"","width":0,"height":0},"classes":[]},{"id":1007,"url":"https:\/\/www.strickforum.de\/blog\/die-verstrickte-dienstagsfrage-352010\/","url_meta":{"origin":1047,"position":5},"title":"Die verstrickte Dienstagsfrage 35\/2010","author":"Admin","date":"31. August 2010","format":false,"excerpt":"Das Wollschaf fragt diesmal: Welches Material m\u00f6chtest du unbedingt noch verstricken? Herzlichen Dank an Annie f\u00fcr die heutige Frage! Simple Frage, simple Antwort: Unbedingt verstricken m\u00f6chte ich, genau wie Reni, das Material, das ich hier in meinem Vorrat habe. Das sind n\u00e4mlich \u00fcberwiegend Garne, die mir gut gefallen und sich\u2026","rel":"","context":"In &quot;Stricken&quot;","block_context":{"text":"Stricken","link":"https:\/\/www.strickforum.de\/blog\/category\/3\/"},"img":{"alt_text":"","src":"","width":0,"height":0},"classes":[]}],"_links":{"self":[{"href":"https:\/\/www.strickforum.de\/blog\/wp-json\/wp\/v2\/posts\/1047","targetHints":{"allow":["GET"]}}],"collection":[{"href":"https:\/\/www.strickforum.de\/blog\/wp-json\/wp\/v2\/posts"}],"about":[{"href":"https:\/\/www.strickforum.de\/blog\/wp-json\/wp\/v2\/types\/post"}],"author":[{"embeddable":true,"href":"https:\/\/www.strickforum.de\/blog\/wp-json\/wp\/v2\/users\/3"}],"replies":[{"embeddable":true,"href":"https:\/\/www.strickforum.de\/blog\/wp-json\/wp\/v2\/comments?post=1047"}],"version-history":[{"count":0,"href":"https:\/\/www.strickforum.de\/blog\/wp-json\/wp\/v2\/posts\/1047\/revisions"}],"wp:attachment":[{"href":"https:\/\/www.strickforum.de\/blog\/wp-json\/wp\/v2\/media?parent=1047"}],"wp:term":[{"taxonomy":"category","embeddable":true,"href":"https:\/\/www.strickforum.de\/blog\/wp-json\/wp\/v2\/categories?post=1047"},{"taxonomy":"post_tag","embeddable":true,"href":"https:\/\/www.strickforum.de\/blog\/wp-json\/wp\/v2\/tags?post=1047"}],"curies":[{"name":"wp","href":"https:\/\/api.w.org\/{rel}","templated":true}]}}