{"id":1058,"date":"2010-11-16T10:06:29","date_gmt":"2010-11-16T09:06:29","guid":{"rendered":"http:\/\/www.strickforum.de\/blog\/?p=1058"},"modified":"2010-11-16T10:06:29","modified_gmt":"2010-11-16T09:06:29","slug":"die-verstrickte-dienstagsfrage-462010","status":"publish","type":"post","link":"https:\/\/www.strickforum.de\/blog\/die-verstrickte-dienstagsfrage-462010\/","title":{"rendered":"Die verstrickte Dienstagsfrage 46\/2010"},"content":{"rendered":"<p><b>Das <a href=\"http:\/\/daswollschaf.wordpress.com\/2010\/11\/16\/die-verstrickte-dienstagsfrage-462010\/\">Wollschaf<\/a> fragt heute:<br \/>\nWo ist die Grenze zwischen &#8220;gerne stricken&#8221; und richtig &#8220;stricks\u00fcchtig sein&#8221;? Wo ordnest Du Dich ein? Gehst Du K\u00e4ufe eher n\u00fcchtern an und kaufst genau f\u00fcr Dein Projekt ein oder kannst Du Dich in einem Wollgesch\u00e4ft &#8220;nicht beherrschen&#8221; und kaufst eher wahllos ein. Hast Du ein kleines Strickk\u00f6rbchen manierlich mit einem Projekt da stehen oder erstickst Du in Wollkn\u00e4ueln? Was ist eigentlich Stricksucht? (Ich geh\u00f6re \u00fcbrigens zu den Stricks\u00fcchtigen!)<br \/>\nVielen Dank an Ute f\u00fcr die heutige Frage!<\/b><\/p>\n<p>Wenn Sucht bedeutet, dass man an nichts anderes mehr denken kann, dass man Familie, Job, Essen und Trinken und soziale Kontakte vernachl\u00e4ssigt, dann bin ich nicht stricks\u00fcchtig. Ich w\u00fcrde sogar bezweifeln, ob man \u00fcberhaupt in diesem Sinne strick&#8220;s\u00fcchtig&#8221; sein kann. Sind bzw. waren m\u00f6glicherweise diejenigen stricks\u00fcchtig, die seinerzeit an Aktionen wie &#8220;Murdered by Lace&#8221;, &#8220;Sock War&#8221; und \u00e4hnlichen Wettstrickereien teilgenommen haben? Anders kann ich mir nicht erkl\u00e4ren, wie man sich f\u00fcr so etwas begeistern kann. Vielleicht kann man derlei Ehrgeiz vergleichen mit dem Versuch, m\u00f6glichst viele Kartoffelkl\u00f6\u00dfe m\u00f6gichst schnell zu verzehren, statt in Ruhe ein f\u00fcnf-G\u00e4nge-Menu zu genie\u00dfen. Letzteres bringt mich zwar nicht ins Guinness-Buch, macht mir aber bedeutend mehr Spa\u00df und vor allem schmeckt es besser. \ud83d\ude42<br \/>\nIch halte es jedenfalls locker mehrere Stunden am St\u00fcck ohne Strickzeug aus, vor allem wenn ich gerade arbeite, koche oder sonst etwas tue, das mir wichtig ist. Zwar stricke ich nahezu t\u00e4glich, aber oft sind das nur ein paar Reihen oder Runden. F\u00fcr mich ist es ein Hobby, das mir schon \u00fcber so manche schwierigen Stunden hinweggeholfen hat. Wenn um einen herum die Welt zusammenbricht und man f\u00fcr den Moment nichts, aber auch gar nichts tun kann, um das zu verhindern, dann ist es ungemein tr\u00f6stlich, wenigstens im Kleinen produktiv zu sein und aus einem St\u00fcck Garn etwas Neues und Heiles zu erschaffen. <br \/>\nDazu geh\u00f6rt f\u00fcr mich auch ein gewisser Garnvorrat, aus dem ich, je nach Lust, Laune und Anlass, w\u00e4hlen kann. Wahllos und unbeherrscht ist dieser Garnvorrat allerdings nicht entstanden, sondern entsprechend meinen Vorlieben. Wenn ich ein Wollgesch\u00e4ft betrete, schreckt mich eine gigantische Auswahl eher ab, als dass ich in Kaufrausch verfalle. Da ich bekennende Gro\u00dfteilstrickerin bin (mit kleinen Ausrutschern in der letzten Zeit), kaufe ich eher eine gr\u00f6\u00dfere Menge von einer Sorte als einen Haufen faszinierende Einzelkn\u00e4ule. Faszinierende Einzelkn\u00e4ule habe ich sp\u00e4ter automatisch zuhause, als \u00dcberbleibsel meiner Gro\u00dfprojekte. \ud83d\ude42<\/p>\n","protected":false},"excerpt":{"rendered":"<p>Das Wollschaf fragt heute: Wo ist die Grenze zwischen &#8220;gerne stricken&#8221; und richtig &#8220;stricks\u00fcchtig sein&#8221;? Wo ordnest Du Dich ein? Gehst Du K\u00e4ufe eher n\u00fcchtern an und kaufst genau f\u00fcr Dein Projekt ein oder kannst Du Dich in einem Wollgesch\u00e4ft &#8220;nicht beherrschen&#8221; und kaufst eher wahllos ein. Hast Du ein kleines Strickk\u00f6rbchen manierlich mit einem &hellip; <a href=\"https:\/\/www.strickforum.de\/blog\/die-verstrickte-dienstagsfrage-462010\/\" class=\"more-link\"><span class=\"screen-reader-text\">\u201eDie verstrickte Dienstagsfrage 46\/2010\u201c <\/span>weiterlesen<\/a><\/p>\n","protected":false},"author":3,"featured_media":0,"comment_status":"open","ping_status":"open","sticky":false,"template":"","format":"standard","meta":{"_seopress_robots_primary_cat":"","_seopress_titles_title":"","_seopress_titles_desc":"","_seopress_robots_index":"","_crdt_document":"","jetpack_post_was_ever_published":false,"_jetpack_newsletter_access":"","_jetpack_dont_email_post_to_subs":false,"_jetpack_newsletter_tier_id":0,"_jetpack_memberships_contains_paywalled_content":false,"_jetpack_memberships_contains_paid_content":false,"footnotes":"","jetpack_publicize_message":"","jetpack_publicize_feature_enabled":true,"jetpack_social_post_already_shared":false,"jetpack_social_options":{"image_generator_settings":{"template":"highway","default_image_id":0,"font":"","enabled":false},"version":2}},"categories":[6],"tags":[],"class_list":["post-1058","post","type-post","status-publish","format-standard","hentry","category-6"],"jetpack_publicize_connections":[],"jetpack_featured_media_url":"","jetpack_sharing_enabled":true,"jetpack_shortlink":"https:\/\/wp.me\/p7JbSI-h4","jetpack-related-posts":[{"id":752,"url":"https:\/\/www.strickforum.de\/blog\/die-verstrickte-dienstagsfrage-292009\/","url_meta":{"origin":1058,"position":0},"title":"Die verstrickte Dienstagsfrage 29\/2009","author":"Admin","date":"14. Juli 2009","format":false,"excerpt":"Das Wollschaf fragt: W\u00e4hrend der Lekt\u00fcre einiger B\u00fccher von Stephanie Pearl McPhee, auch unter dem Namen Yarn Harlot bekannt, konnte ich mich in ihren am\u00fcsanten Berichten immer wieder selbst erkennen. Woran merkt Ihr, dass ihr woll- oder stricks\u00fcchtig seid? Bei mir \u00e4u\u00dfert es sich beispielsweise darin, dass ich bei einem\u2026","rel":"","context":"In &quot;Allgemeines&quot;","block_context":{"text":"Allgemeines","link":"https:\/\/www.strickforum.de\/blog\/category\/1\/"},"img":{"alt_text":"","src":"","width":0,"height":0},"classes":[]},{"id":596,"url":"https:\/\/www.strickforum.de\/blog\/die-verstrickte-dienstagsfrage-522008\/","url_meta":{"origin":1058,"position":1},"title":"Die verstrickte Dienstagsfrage 52\/2008","author":"Admin","date":"23. Dezember 2008","format":false,"excerpt":"Das Wollschaf fragt: \u00dcber das Web ist der Stricks\u00fcchtige am Puls der Zeit. Sei es - bei den Garnen (z.B. handgef\u00e4rbt oder auch selbstgesponnen statt selbstmusternden Industriegarn), - die Farbwahl (jetzt wieder eher Ton in Ton oder das Wildern der Wolle), - das Material (wie z.B. Sojaseide, Maisgarn, aus Baumrinde\u2026","rel":"","context":"In &quot;Allgemeines&quot;","block_context":{"text":"Allgemeines","link":"https:\/\/www.strickforum.de\/blog\/category\/1\/"},"img":{"alt_text":"","src":"","width":0,"height":0},"classes":[]},{"id":1098,"url":"https:\/\/www.strickforum.de\/blog\/die-verstrickte-dienstagsfrage-12011\/","url_meta":{"origin":1058,"position":2},"title":"Die verstrickte Dienstagsfrage 1\/2011","author":"Admin","date":"4. Januar 2011","format":false,"excerpt":"Das Wollschaf will diesmal wissen: Wie lange braucht ihr im Wollgesch\u00e4ft, um ein Garn f\u00fcr ein Projekt auszusuchen? Nehmt ihr dann noch \u201cKollateraleink\u00e4ufe\u201d mit, also Garne, die nebenbei mit in die Tasche springen? Wie lange haltet ihr euch in Online-Shops auf, ebenfalls, um nach geeignetem Garn f\u00fcr ein Projekt zu\u2026","rel":"","context":"In &quot;Stricken&quot;","block_context":{"text":"Stricken","link":"https:\/\/www.strickforum.de\/blog\/category\/3\/"},"img":{"alt_text":"","src":"","width":0,"height":0},"classes":[]},{"id":1181,"url":"https:\/\/www.strickforum.de\/blog\/die-verstrickte-dienstagsfrage-222011\/","url_meta":{"origin":1058,"position":3},"title":"Die verstrickte Dienstagsfrage 22\/2011","author":"Admin","date":"31. Mai 2011","format":false,"excerpt":"Das Wollschaf fragt diese Woche: Was macht ihr mit Wollresten? Nein, ich meine nicht die Sockenwollreste, wo alles die gleiche Laufl\u00e4nge hat, sondern ein halbes Kn\u00e4uelchen hiervon, Zweieinhalb Kn\u00e4uel davon, 270g von was ganz anderem, 120g Effektgarn und alles in unterschiedlicher Nadelst\u00e4rke. Was halt in einem normalen StrickerInnenhaushalt so anf\u00e4llt.\u2026","rel":"","context":"In &quot;Stricken&quot;","block_context":{"text":"Stricken","link":"https:\/\/www.strickforum.de\/blog\/category\/3\/"},"img":{"alt_text":"","src":"","width":0,"height":0},"classes":[]},{"id":1858,"url":"https:\/\/www.strickforum.de\/blog\/die-verstrickte-dienstagsfrage-522014\/","url_meta":{"origin":1058,"position":4},"title":"Die verstrickte Dienstagsfrage 52\/2014","author":"Admin","date":"23. Dezember 2014","format":false,"excerpt":"Heute m\u00f6chte das neugierige Wollschaf gerne wissen, ob Ihr Hamster oder Puristen seid. Hast Du einen Wollvorrat oder kaufst Du nur projektbezogen? Sch\u00f6pfst Du gerne aus dem vollen oder belasten Dich gr\u00f6\u00dfere Vorr\u00e4te eher? Das Wollschaf w\u00fcnscht Euch allen wundersch\u00f6ne Feiertage! Ich geh\u00f6re eindeutig zur Familie der Hamster. Und das\u2026","rel":"","context":"In &quot;Stricken&quot;","block_context":{"text":"Stricken","link":"https:\/\/www.strickforum.de\/blog\/category\/3\/"},"img":{"alt_text":"","src":"","width":0,"height":0},"classes":[]},{"id":931,"url":"https:\/\/www.strickforum.de\/blog\/die-verstrickte-dienstagsfrage-152010\/","url_meta":{"origin":1058,"position":5},"title":"Die verstrickte Dienstagsfrage 15\/2010","author":"Admin","date":"13. April 2010","format":false,"excerpt":"Das Wollschaf hat diesmal eine Frage von mir: Welches ist das \u00e4lteste Garn, das Ihr unverstrickt zuhause liegen habt? M\u00f6gt Ihr es mal zeigen? Wisst Ihr noch, wann, wo und f\u00fcr welches Projekt Ihr es mal gekauft habt? H\u00fcstel. Soweit ich es ermitteln kann, ist das \u00e4lteste Garn meines Vorrats\u2026","rel":"","context":"In &quot;Stricken&quot;","block_context":{"text":"Stricken","link":"https:\/\/www.strickforum.de\/blog\/category\/3\/"},"img":{"alt_text":"Angora Princess, zwanzig Jahre alt","src":"https:\/\/i0.wp.com\/www.strickforum.de\/blog\/media\/1\/20100413-angora_antik.jpg?resize=350%2C200","width":350,"height":200},"classes":[]}],"_links":{"self":[{"href":"https:\/\/www.strickforum.de\/blog\/wp-json\/wp\/v2\/posts\/1058","targetHints":{"allow":["GET"]}}],"collection":[{"href":"https:\/\/www.strickforum.de\/blog\/wp-json\/wp\/v2\/posts"}],"about":[{"href":"https:\/\/www.strickforum.de\/blog\/wp-json\/wp\/v2\/types\/post"}],"author":[{"embeddable":true,"href":"https:\/\/www.strickforum.de\/blog\/wp-json\/wp\/v2\/users\/3"}],"replies":[{"embeddable":true,"href":"https:\/\/www.strickforum.de\/blog\/wp-json\/wp\/v2\/comments?post=1058"}],"version-history":[{"count":0,"href":"https:\/\/www.strickforum.de\/blog\/wp-json\/wp\/v2\/posts\/1058\/revisions"}],"wp:attachment":[{"href":"https:\/\/www.strickforum.de\/blog\/wp-json\/wp\/v2\/media?parent=1058"}],"wp:term":[{"taxonomy":"category","embeddable":true,"href":"https:\/\/www.strickforum.de\/blog\/wp-json\/wp\/v2\/categories?post=1058"},{"taxonomy":"post_tag","embeddable":true,"href":"https:\/\/www.strickforum.de\/blog\/wp-json\/wp\/v2\/tags?post=1058"}],"curies":[{"name":"wp","href":"https:\/\/api.w.org\/{rel}","templated":true}]}}