{"id":1064,"date":"2010-11-23T20:00:33","date_gmt":"2010-11-23T19:00:33","guid":{"rendered":"http:\/\/www.strickforum.de\/blog\/?p=1064"},"modified":"2010-11-23T20:00:33","modified_gmt":"2010-11-23T19:00:33","slug":"die-verstrickte-dienstagsfrage-472010","status":"publish","type":"post","link":"https:\/\/www.strickforum.de\/blog\/die-verstrickte-dienstagsfrage-472010\/","title":{"rendered":"Die verstrickte Dienstagsfrage 47\/2010"},"content":{"rendered":"<p><b>Das <a href=\"http:\/\/daswollschaf.wordpress.com\/2010\/11\/23\/die-verstrickte-dienstagsfrage-472010\/\" target=\"_blank\">Wollschaf<\/a> fragt heute: Tragt Ihr im Winter M\u00fctzen oder andere Kopfbedeckungen? Selbstgeh\u00e4kelt? Selbstgestrickt? Gefilzt? Oder gekauft?<br \/>\nWenn Ihr selbstgemachte Kopfbedeckungen tragt \u2013 fertigt Ihr die nach Anleitung oder einfach aus dem Kopf, so wie Ihr denkt?<br \/>\nVielen Dank an <a href=\"http:\/\/lavendelmaschen.blogspot.com\/\" target=\"_blank\">Monika<\/a> f\u00fcr die heutige Frage!<\/b><\/p>\n<p>Ja, ich trage M\u00fctzen, wenn&#8217;s mir zu kalt wird. Meine pers\u00f6nliche Schmerzgrenze ist eine Tagestemperatur von etwa f\u00fcnf Grad plus. Wenn das Thermometer weiter hinuntergeht, ist Kopfbedeckung angesagt.<br \/>\nAlle meine Kopfbedeckungen sind gestrickt. Ich sage ausdr\u00fccklich nicht &#8220;alle meine M\u00fctzen&#8221;, weil in meiner Sammlung auch ein gr\u00f6\u00dferes Umschlagtuch sowie verschiedene Schals sind. Die trage ich dann um den Hals und \u00fcber den Kopf. Das Umschlagtuch hat eine Freundin vor einigen Jahren f\u00fcr mich gestrickt, einen breiten <a href=\"http:\/\/strickforum.de\/weblog\/index.php?itemid=224\" target=\"_blank\">M\u00f6biusschal<\/a> und einen <a href=\"http:\/\/strickforum.de\/weblog\/index.php?itemid=277\" target=\"_blank\">einfachen Kapuzenschal<\/a> habe ich mal selbst entwickelt. Ebenfalls selbst erdacht ist meine <a href=\"http:\/\/www.maus-kreativ-handarbeiten.net\/vertigo-anleitung.html\" target=\"_blank\">&#8220;Vertigo&#8221;-M\u00fctze<\/a> aus ziemlich dickem Farbverlaufsgarn, die ich sehr gern trage und die schnell zu stricken ist. <br \/>\nAu\u00dferdem besitze ich noch einige andere M\u00fctzen, die nach anderer Leute Anleitungen gestrickt sind. Leider kann ich aber nicht jede M\u00fctzenform tragen. Die Barettform und die derzeit so modische Schlabber-Form sehen an mir ziemlich schauerlich aus. Das ist schade, denn ich stricke M\u00fctzen sehr gern. Sie sind schnell fertig, man kann Reste verwerten und die verschiedensten Stricktechniken nutzen. Was mir selbst nicht passt oder steht, l\u00e4sst sich aber immer noch verschenken. Dankbare Abnehmer finden sich eigentlich immer in meinem Bekanntenkreis.<\/p>\n","protected":false},"excerpt":{"rendered":"<p>Das Wollschaf fragt heute: Tragt Ihr im Winter M\u00fctzen oder andere Kopfbedeckungen? Selbstgeh\u00e4kelt? Selbstgestrickt? Gefilzt? Oder gekauft? Wenn Ihr selbstgemachte Kopfbedeckungen tragt \u2013 fertigt Ihr die nach Anleitung oder einfach aus dem Kopf, so wie Ihr denkt? Vielen Dank an Monika f\u00fcr die heutige Frage! Ja, ich trage M\u00fctzen, wenn&#8217;s mir zu kalt wird. Meine &hellip; <a href=\"https:\/\/www.strickforum.de\/blog\/die-verstrickte-dienstagsfrage-472010\/\" class=\"more-link\"><span class=\"screen-reader-text\">\u201eDie verstrickte Dienstagsfrage 47\/2010\u201c <\/span>weiterlesen<\/a><\/p>\n","protected":false},"author":3,"featured_media":0,"comment_status":"open","ping_status":"open","sticky":false,"template":"","format":"standard","meta":{"_seopress_robots_primary_cat":"","_seopress_titles_title":"","_seopress_titles_desc":"","_seopress_robots_index":"","_crdt_document":"","jetpack_post_was_ever_published":false,"_jetpack_newsletter_access":"","_jetpack_dont_email_post_to_subs":false,"_jetpack_newsletter_tier_id":0,"_jetpack_memberships_contains_paywalled_content":false,"_jetpack_memberships_contains_paid_content":false,"footnotes":"","jetpack_publicize_message":"","jetpack_publicize_feature_enabled":true,"jetpack_social_post_already_shared":false,"jetpack_social_options":{"image_generator_settings":{"template":"highway","default_image_id":0,"font":"","enabled":false},"version":2}},"categories":[6],"tags":[],"class_list":["post-1064","post","type-post","status-publish","format-standard","hentry","category-6"],"jetpack_publicize_connections":[],"jetpack_featured_media_url":"","jetpack_sharing_enabled":true,"jetpack_shortlink":"https:\/\/wp.me\/p7JbSI-ha","jetpack-related-posts":[{"id":1335,"url":"https:\/\/www.strickforum.de\/blog\/gewonnen\/","url_meta":{"origin":1064,"position":0},"title":"Gewonnen","author":"Admin","date":"10. M\u00e4rz 2012","format":false,"excerpt":"Wie ich, glaube ich, vergessen habe zu erw\u00e4hnen, beteilige ich mich in diesem Jahr an einer Ravelry-Gruppe namens \u201c12 muetzen \/ hauben\/ huete in 2012\u201d. Dort geht es darum, in diesem Jahr mindestens zw\u00f6lf Kopfbedeckungen zu stricken oder zu h\u00e4keln. Manche Teilnehmer sind so produktiv, dass sie nahezu jede Woche\u2026","rel":"","context":"In &quot;Stricken&quot;","block_context":{"text":"Stricken","link":"https:\/\/www.strickforum.de\/blog\/category\/3\/"},"img":{"alt_text":"","src":"","width":0,"height":0},"classes":[]},{"id":1364,"url":"https:\/\/www.strickforum.de\/blog\/hut-auf-hat-on\/","url_meta":{"origin":1064,"position":1},"title":"Hut auf! &#8211; Hat on!","author":"Admin","date":"19. April 2012","format":false,"excerpt":"Es ist Monatsmitte und damit h\u00f6chste Zeit f\u00fcr meine April-Kopfbedeckung, die ich wieder im Rahmen des 12-M\u00fctzen-Wettbewerbs bei Ravelry pr\u00e4sentieren will. Diesmal habe ich mich besonders ins Zeug gelegt. Aus einem von Frieda handgesponnenen Strang Kamel-Merino-Leinengemisch (knapp 100 g, 95 m Laufl\u00e4nge) entstand dieser fast schon elegante Hut, gestrickt mit\u2026","rel":"","context":"In &quot;Stricken&quot;","block_context":{"text":"Stricken","link":"https:\/\/www.strickforum.de\/blog\/category\/3\/"},"img":{"alt_text":"","src":"","width":0,"height":0},"classes":[]},{"id":741,"url":"https:\/\/www.strickforum.de\/blog\/die-verstrickte-dienstagsfrage-262009\/","url_meta":{"origin":1064,"position":2},"title":"Die verstrickte Dienstagsfrage 26\/2009","author":"Admin","date":"23. Juni 2009","format":false,"excerpt":"Das Wollschaf fragt: Beim Lesen der Blogs f\u00e4llt auf, dass sich einige Stricker\/-innen spezialisiert haben. Manche stricken ein Tuch nach dem anderen, einige \u00fcberwiegend Socken, etliche beschr\u00e4nken sich auf Accessoires wie Schals, M\u00fctzen, Handschuhe, Taschen, Handyt\u00e4schchen. Es gibt einige wenige, die ausschlie\u00dflich Bekleidungsst\u00fccke wie Pullover, Jacken, Westen etc. nadeln. Und\u2026","rel":"","context":"In &quot;Stricken&quot;","block_context":{"text":"Stricken","link":"https:\/\/www.strickforum.de\/blog\/category\/3\/"},"img":{"alt_text":"","src":"","width":0,"height":0},"classes":[]},{"id":81,"url":"https:\/\/www.strickforum.de\/blog\/eine-nette-spielerei\/","url_meta":{"origin":1064,"position":3},"title":"Eine nette Spielerei","author":"Admin","date":"4. November 2005","format":false,"excerpt":"Dies ist eine gestrickte Ansteckbl\u00fcte aus dem RYC-Buch \u201cClassic Women Book Seven\u201d. Man ist die meiste Zeit nur mit Maschenanschlagen und Maschenabketten besch\u00e4ftigt, um die einzelnen Bl\u00fctenbl\u00e4tter zu produzieren. Dank dieses Spezialtrainings kann ich nun den \u201chalf hitch\u201d Anschlag aus aufgeschlungenen Maschen in einem Tempo arbeiten, das ich vor zwei\u2026","rel":"","context":"In &quot;Stricken&quot;","block_context":{"text":"Stricken","link":"https:\/\/www.strickforum.de\/blog\/category\/3\/"},"img":{"alt_text":"gestrickte Bl\u00fcte aus Mohairgarn mit aufgestickten Perlen","src":"https:\/\/i0.wp.com\/www.strickforum.de\/blog\/media\/1\/20051104-strickbluete.jpg?resize=350%2C200","width":350,"height":200},"classes":[]},{"id":3151,"url":"https:\/\/www.strickforum.de\/blog\/winter-set\/","url_meta":{"origin":1064,"position":4},"title":"Winter-Set","author":"Admin","date":"27. Dezember 2020","format":false,"excerpt":"Vor mehr als einem Jahr strickte ich f\u00fcr eine Freundin, die selbst nicht strickt, auf die Schnelle eine \"Vertigo\" M\u00fctze, da die \u00c4rmste f\u00fcr ihre Spazierg\u00e4nge mit dem Hund nicht einmal eine w\u00e4rmende Kopfbedeckung hatte. Lieber h\u00e4tte ich f\u00fcr sie ein ganzes Set, bestehend aus M\u00fctze, Schal und Handschuhen gearbeitet,\u2026","rel":"","context":"In &quot;Stricken&quot;","block_context":{"text":"Stricken","link":"https:\/\/www.strickforum.de\/blog\/category\/3\/"},"img":{"alt_text":"M\u00fctze \"Slipstream\"","src":"https:\/\/i0.wp.com\/www.strickforum.de\/blog\/wp-content\/uploads\/2020\/12\/slipstream-muetze.jpg?resize=350%2C200&ssl=1","width":350,"height":200,"srcset":"https:\/\/i0.wp.com\/www.strickforum.de\/blog\/wp-content\/uploads\/2020\/12\/slipstream-muetze.jpg?resize=350%2C200&ssl=1 1x, https:\/\/i0.wp.com\/www.strickforum.de\/blog\/wp-content\/uploads\/2020\/12\/slipstream-muetze.jpg?resize=525%2C300&ssl=1 1.5x, https:\/\/i0.wp.com\/www.strickforum.de\/blog\/wp-content\/uploads\/2020\/12\/slipstream-muetze.jpg?resize=700%2C400&ssl=1 2x"},"classes":[]},{"id":1111,"url":"https:\/\/www.strickforum.de\/blog\/die-verstrickte-dienstagsfrage-42011\/","url_meta":{"origin":1064,"position":5},"title":"Die verstrickte Dienstagsfrage 4\/2011","author":"Admin","date":"25. Januar 2011","format":false,"excerpt":"Das Wollschaf fragt diese Woche: Was sind eigentlich eure Strickvorlieben? Strickt ihr lieber Kleinteile und Accessoires (also Socken, Handschuhe, Muetzen oder Schals) oder darf es was groesseres sein (z.b. Pullis, Jacken, vielleicht sogar Maentel)? Und warum? Wollt ihr mit euren Strickstuecken schnell fertig sein, oder das stricken dran so richtig\u2026","rel":"","context":"In &quot;Stricken&quot;","block_context":{"text":"Stricken","link":"https:\/\/www.strickforum.de\/blog\/category\/3\/"},"img":{"alt_text":"","src":"","width":0,"height":0},"classes":[]}],"_links":{"self":[{"href":"https:\/\/www.strickforum.de\/blog\/wp-json\/wp\/v2\/posts\/1064","targetHints":{"allow":["GET"]}}],"collection":[{"href":"https:\/\/www.strickforum.de\/blog\/wp-json\/wp\/v2\/posts"}],"about":[{"href":"https:\/\/www.strickforum.de\/blog\/wp-json\/wp\/v2\/types\/post"}],"author":[{"embeddable":true,"href":"https:\/\/www.strickforum.de\/blog\/wp-json\/wp\/v2\/users\/3"}],"replies":[{"embeddable":true,"href":"https:\/\/www.strickforum.de\/blog\/wp-json\/wp\/v2\/comments?post=1064"}],"version-history":[{"count":0,"href":"https:\/\/www.strickforum.de\/blog\/wp-json\/wp\/v2\/posts\/1064\/revisions"}],"wp:attachment":[{"href":"https:\/\/www.strickforum.de\/blog\/wp-json\/wp\/v2\/media?parent=1064"}],"wp:term":[{"taxonomy":"category","embeddable":true,"href":"https:\/\/www.strickforum.de\/blog\/wp-json\/wp\/v2\/categories?post=1064"},{"taxonomy":"post_tag","embeddable":true,"href":"https:\/\/www.strickforum.de\/blog\/wp-json\/wp\/v2\/tags?post=1064"}],"curies":[{"name":"wp","href":"https:\/\/api.w.org\/{rel}","templated":true}]}}