{"id":1068,"date":"2010-11-27T16:01:58","date_gmt":"2010-11-27T15:01:58","guid":{"rendered":"http:\/\/www.strickforum.de\/blog\/?p=1068"},"modified":"2010-11-27T16:01:58","modified_gmt":"2010-11-27T15:01:58","slug":"grus-an-die-thuringer-autofahrer","status":"publish","type":"post","link":"https:\/\/www.strickforum.de\/blog\/grus-an-die-thuringer-autofahrer\/","title":{"rendered":"Gru\u00df an die Th\u00fcringer Autofahrer"},"content":{"rendered":"<p>Und mein Tipp des Tages f\u00fcr einige von Euch: Die Gutausbeute des Scheinwerferlichts l\u00e4sst sich dramatisch erh\u00f6hen, wenn man vor dem Start den Schnee von den Leuchten entfernt. Das gilt \u00fcbrigens auch f\u00fcr das mittlere Bremslicht, das bei vielen Autos oberhalb der Heckscheibe (und deshalb eingeschneit) ist.<\/p>\n","protected":false},"excerpt":{"rendered":"<p>Und mein Tipp des Tages f\u00fcr einige von Euch: Die Gutausbeute des Scheinwerferlichts l\u00e4sst sich dramatisch erh\u00f6hen, wenn man vor dem Start den Schnee von den Leuchten entfernt. Das gilt \u00fcbrigens auch f\u00fcr das mittlere Bremslicht, das bei vielen Autos oberhalb der Heckscheibe (und deshalb eingeschneit) ist.<\/p>\n","protected":false},"author":3,"featured_media":0,"comment_status":"open","ping_status":"open","sticky":false,"template":"","format":"standard","meta":{"_seopress_robots_primary_cat":"","_seopress_titles_title":"","_seopress_titles_desc":"","_seopress_robots_index":"","_crdt_document":"","jetpack_post_was_ever_published":false,"_jetpack_newsletter_access":"","_jetpack_dont_email_post_to_subs":false,"_jetpack_newsletter_tier_id":0,"_jetpack_memberships_contains_paywalled_content":false,"_jetpack_memberships_contains_paid_content":false,"footnotes":"","jetpack_publicize_message":"","jetpack_publicize_feature_enabled":true,"jetpack_social_post_already_shared":false,"jetpack_social_options":{"image_generator_settings":{"template":"highway","default_image_id":0,"font":"","enabled":false},"version":2}},"categories":[5],"tags":[],"class_list":["post-1068","post","type-post","status-publish","format-standard","hentry","category-5"],"jetpack_publicize_connections":[],"jetpack_featured_media_url":"","jetpack_sharing_enabled":true,"jetpack_shortlink":"https:\/\/wp.me\/p7JbSI-he","jetpack-related-posts":[{"id":3378,"url":"https:\/\/www.strickforum.de\/blog\/wolle-und-waschen\/","url_meta":{"origin":1068,"position":0},"title":"Wolle und Waschen","author":"Admin","date":"3. M\u00e4rz 2022","format":false,"excerpt":"Viele Menschen schrecken vor Kleidung aus Wolle und besonderen Garnen wie Alpaka, Angora oder Seide zur\u00fcck, weil sie den Aufwand einer W\u00e4sche von Hand scheuen und Angst haben, das gute gestrickte St\u00fcck (erst recht, wenn's ein Geschenk war) in der Waschmaschine zu ruinieren. Heute m\u00f6chte ich deshalb eine Lanze f\u00fcr\u2026","rel":"","context":"In &quot;Allgemeines&quot;","block_context":{"text":"Allgemeines","link":"https:\/\/www.strickforum.de\/blog\/category\/1\/"},"img":{"alt_text":"","src":"https:\/\/i0.wp.com\/www.strickforum.de\/blog\/wp-content\/uploads\/2022\/03\/waschprogramme.jpg?resize=350%2C200&ssl=1","width":350,"height":200,"srcset":"https:\/\/i0.wp.com\/www.strickforum.de\/blog\/wp-content\/uploads\/2022\/03\/waschprogramme.jpg?resize=350%2C200&ssl=1 1x, https:\/\/i0.wp.com\/www.strickforum.de\/blog\/wp-content\/uploads\/2022\/03\/waschprogramme.jpg?resize=525%2C300&ssl=1 1.5x, https:\/\/i0.wp.com\/www.strickforum.de\/blog\/wp-content\/uploads\/2022\/03\/waschprogramme.jpg?resize=700%2C400&ssl=1 2x"},"classes":[]},{"id":3156,"url":"https:\/\/www.strickforum.de\/blog\/die-eintagsmuetze\/","url_meta":{"origin":1068,"position":1},"title":"Die Eintagsm\u00fctze","author":"Admin","date":"30. Dezember 2020","format":false,"excerpt":"Es gibt Menschen, denen steht jede denkbare M\u00fctzenform. Leider gilt das nicht f\u00fcr mich. Ich bin zwar ein gro\u00dfer M\u00fctzen-Fan (besonders wenn die Au\u00dfentemperatur unter 5 Grad plus sinkt), aber nicht jede Variante ist f\u00fcr mich auch kleidsam. Deshalb freute es mich, dass ich neulich eine Anleitung fand, die vielversprechend\u2026","rel":"","context":"In &quot;Stricken&quot;","block_context":{"text":"Stricken","link":"https:\/\/www.strickforum.de\/blog\/category\/3\/"},"img":{"alt_text":"M\u00fctze \"Amanda\"","src":"https:\/\/i0.wp.com\/www.strickforum.de\/blog\/wp-content\/uploads\/2020\/12\/amanda-muetze.jpg?resize=350%2C200&ssl=1","width":350,"height":200,"srcset":"https:\/\/i0.wp.com\/www.strickforum.de\/blog\/wp-content\/uploads\/2020\/12\/amanda-muetze.jpg?resize=350%2C200&ssl=1 1x, https:\/\/i0.wp.com\/www.strickforum.de\/blog\/wp-content\/uploads\/2020\/12\/amanda-muetze.jpg?resize=525%2C300&ssl=1 1.5x, https:\/\/i0.wp.com\/www.strickforum.de\/blog\/wp-content\/uploads\/2020\/12\/amanda-muetze.jpg?resize=700%2C400&ssl=1 2x"},"classes":[]},{"id":1528,"url":"https:\/\/www.strickforum.de\/blog\/von-den-nadeln-gesprungen\/","url_meta":{"origin":1068,"position":2},"title":"Von den Nadeln gesprungen","author":"Admin","date":"15. M\u00e4rz 2013","format":false,"excerpt":"Auch bei mir geht beim Maschinestricken nicht alles glatt. Als ich das Vorderteil dieser Tunika strickte und die zweite Ausschnitth\u00e4lfte beginnen wollte, hatte ich wohl den Faden nicht richtig eingef\u00e4delt, jedenfalls st\u00fcrzten alle Maschen von den Nadeln in B-Position. Und da ich ein d\u00fcnnes, glattes Seidengarn relativ locker verstrickte, ribbelten\u2026","rel":"","context":"In &quot;Stricken&quot;","block_context":{"text":"Stricken","link":"https:\/\/www.strickforum.de\/blog\/category\/3\/"},"img":{"alt_text":"","src":"","width":0,"height":0},"classes":[]},{"id":3297,"url":"https:\/\/www.strickforum.de\/blog\/gedanken-zum-maschenstich\/","url_meta":{"origin":1068,"position":3},"title":"Gedanken zum Maschenstich","author":"Admin","date":"27. November 2021","format":false,"excerpt":"Wahrscheinlich werde ich meine zw\u00f6lf-M\u00fctzen-Challenge nicht schaffen. Gerade wurde Nummer 10 fertig, und im Dezember werde ich kaum zwei weiteren M\u00fctzen zuwege bringen. Aber im neuen Jahr kann ich es ja noch einmal versuchen. Das \"Get Garter Beret\", das nun nach mehr als zwei Monaten fertig ist, wird quer und\u2026","rel":"","context":"In &quot;Stricken&quot;","block_context":{"text":"Stricken","link":"https:\/\/www.strickforum.de\/blog\/category\/3\/"},"img":{"alt_text":"Fadenverlauf in einer Reihe","src":"https:\/\/i0.wp.com\/www.strickforum.de\/blog\/wp-content\/uploads\/2021\/11\/maschenbogen.jpg?resize=350%2C200&ssl=1","width":350,"height":200,"srcset":"https:\/\/i0.wp.com\/www.strickforum.de\/blog\/wp-content\/uploads\/2021\/11\/maschenbogen.jpg?resize=350%2C200&ssl=1 1x, https:\/\/i0.wp.com\/www.strickforum.de\/blog\/wp-content\/uploads\/2021\/11\/maschenbogen.jpg?resize=525%2C300&ssl=1 1.5x, https:\/\/i0.wp.com\/www.strickforum.de\/blog\/wp-content\/uploads\/2021\/11\/maschenbogen.jpg?resize=700%2C400&ssl=1 2x"},"classes":[]},{"id":464,"url":"https:\/\/www.strickforum.de\/blog\/knopflocher-ausrechnen\/","url_meta":{"origin":1068,"position":4},"title":"Knopfl\u00f6cher ausrechnen","author":"Admin","date":"28. Juli 2008","format":false,"excerpt":"Ich trage nicht gern verschlusslose Jacken oder solche mit nur einem Knopf oder einem Bindeg\u00fcrtel. Wenn schon Jacke, dann bitte ordentlich zukn\u00f6pfbar. Das hei\u00dft: Knopfl\u00f6cher einstricken. Vor allem aber hei\u00dft es: Ausrechnen, an welcher Stelle die Knopfl\u00f6cher sein m\u00fcssen. Nun ist es nicht jedermanns Sache, eine bestimmte Anzahl Knopfl\u00f6cher, die\u2026","rel":"","context":"In &quot;Stricken&quot;","block_context":{"text":"Stricken","link":"https:\/\/www.strickforum.de\/blog\/category\/3\/"},"img":{"alt_text":"","src":"","width":0,"height":0},"classes":[]},{"id":2844,"url":"https:\/\/www.strickforum.de\/blog\/langsam-langsam\/","url_meta":{"origin":1068,"position":5},"title":"Langsam, langsam&#8230;","author":"Admin","date":"16. Oktober 2019","format":false,"excerpt":"Ja, liebe Autofahrer, mir ist durchaus klar, dass man f\u00fcr zu schnelles Fahren innerhalb einer geschlossenen Ortschaft Punkte bekommt, die sich bis zum F\u00fchrerscheinentzug aufsummieren k\u00f6nnen. Deshalb befinden sich in vielen Ortschaften an gewissen Stellen gro\u00dfe oder kleinere K\u00e4sten, die eure Geschwindigkeit messen und damit versuchen, euch von Geschwindigkeits\u00fcbertretungen abzuhalten.\u2026","rel":"","context":"In &quot;Allgemeines&quot;","block_context":{"text":"Allgemeines","link":"https:\/\/www.strickforum.de\/blog\/category\/1\/"},"img":{"alt_text":"","src":"","width":0,"height":0},"classes":[]}],"_links":{"self":[{"href":"https:\/\/www.strickforum.de\/blog\/wp-json\/wp\/v2\/posts\/1068","targetHints":{"allow":["GET"]}}],"collection":[{"href":"https:\/\/www.strickforum.de\/blog\/wp-json\/wp\/v2\/posts"}],"about":[{"href":"https:\/\/www.strickforum.de\/blog\/wp-json\/wp\/v2\/types\/post"}],"author":[{"embeddable":true,"href":"https:\/\/www.strickforum.de\/blog\/wp-json\/wp\/v2\/users\/3"}],"replies":[{"embeddable":true,"href":"https:\/\/www.strickforum.de\/blog\/wp-json\/wp\/v2\/comments?post=1068"}],"version-history":[{"count":0,"href":"https:\/\/www.strickforum.de\/blog\/wp-json\/wp\/v2\/posts\/1068\/revisions"}],"wp:attachment":[{"href":"https:\/\/www.strickforum.de\/blog\/wp-json\/wp\/v2\/media?parent=1068"}],"wp:term":[{"taxonomy":"category","embeddable":true,"href":"https:\/\/www.strickforum.de\/blog\/wp-json\/wp\/v2\/categories?post=1068"},{"taxonomy":"post_tag","embeddable":true,"href":"https:\/\/www.strickforum.de\/blog\/wp-json\/wp\/v2\/tags?post=1068"}],"curies":[{"name":"wp","href":"https:\/\/api.w.org\/{rel}","templated":true}]}}