{"id":1070,"date":"2010-12-01T19:54:13","date_gmt":"2010-12-01T18:54:13","guid":{"rendered":"http:\/\/www.strickforum.de\/blog\/?p=1070"},"modified":"2010-12-01T19:54:13","modified_gmt":"2010-12-01T18:54:13","slug":"die-verstrickte-dienstagsfrage-482010","status":"publish","type":"post","link":"https:\/\/www.strickforum.de\/blog\/die-verstrickte-dienstagsfrage-482010\/","title":{"rendered":"Die verstrickte Dienstagsfrage 48\/2010"},"content":{"rendered":"<p><b>Das <a href=\"http:\/\/daswollschaf.wordpress.com\/2010\/11\/30\/die-verstrickte-dienstagsfrage-482010\/\" target=\"_blank\">Wollschaf<\/a> fragt diesmal:<br \/>\nEs gibt ja so einiges an Zubeh\u00f6r f\u00fcr StrickerInnen. Taschen, Maschenmarkierer, Magnetboarde. Was sollte eurer Meinung nach in keinem Haushalt fehlen (und wo habt ihr es her?) und was ist das total \u00fcberfl\u00fcssigste Strickgimmik? <br \/>\nVielen Dank an <a href=\"http:\/\/wollsturm711.blogspot.com\/\" target=\"_blank\">Tanja<\/a> f\u00fcr die heutige Frage!<\/b><\/p>\n<p>Ich w\u00fcrde sagen, das ist wieder ein klarer Fall f\u00fcr ein ebenso klares Es-kommt-drauf-an. <br \/>\nTaschen: Braucht man meiner Ansicht nach unbedingt, wenn man sein Strickzeug unterwegs dabei haben will. Bei mir tut&#8217;s jeweils ein simpler Stoffbeutel. Das Zubeh\u00f6r (Maschenmarkierer, H\u00e4kelnadel f\u00fcr Fallmaschen, kleine Schere, Nadeln ohne Spitze) ist in einer Ziploc-T\u00fcte. Wenn ich das Unterwegs-Strickzeug wechsle, weil z.B das bisherige zu gro\u00df geworden ist, dann muss ich nur die Ziploc-T\u00fcte umpacken. Das geht f\u00fcr mich schneller als Kn\u00e4ule, Strickzeug und Anleitung umzuladen. <br \/>\nWer viel nach wom\u00f6glich umfangreichen Diagrammen strickt, dem ist sicherlich mit einer Magnettafel geholfen. Es geht aber auch ohne. Breiter Klebezettel auf Anleitungsblatt funktioniert bestens, und diese simple Konstruktion h\u00e4lt sich auf einer abgerundeten Sofalehne besser als eine Hightech-Tafel.<br \/>\nMaschenmarkierer verwende ich h\u00e4ufig. Ich habe sehr sch\u00f6ne in verschiedenen Ausf\u00fchrungen schon geschenkt bekommen, einige nicht ganz so tolle irgendwo jenseits des Atlantiks mal bestellt, und wenn gerade sonst nichts zur Hand ist, nehme ich die Markierungsringe der elektrischen Zahnb\u00fcrste. Ein paar F\u00e4dchen gehen aber auch. Damit markiere ich z.B. beim Maschinestricken strategische Punkte wie Achsel, \u00c4rmelmitte oder Ausschnitt.<br \/>\nIch bin auch ein Reihenz\u00e4hler-Fan, weil ich damit auf einen Blick sehe, in welcher Reihe ich stehengeblieben bin. Zwar habe ich auch schon Fadendurchziehen probiert, aber das hat f\u00fcr mich nicht so gut funktioniert, weil man die Fadenst\u00fcckchen erst z\u00e4hlen muss, w\u00e4hrend ein Reihenz\u00e4hler die Zahl gleich anzeigt.<\/p>\n<p>Was ich bisher nicht vermisst habe: <br \/>\nDekorative lange Stricknadeln mit Bl\u00fcmchen-Dekor,<br \/>\naufsteckbare Nadelschoner f\u00fcrs Nadelspiel,<br \/>\neine Nostepinne (ich habe einen exzellenten elektrischen Wollwickler),<br \/>\nluxuri\u00f6se K\u00e4stchen aus schrillfarbenem Plastik, in denen mal sein Sockenstrickzeug transportiert, <br \/>\nnoch luxuri\u00f6sere Strick-Birkin-Bags mit zahllosen F\u00e4chlein f\u00fcr das, was ich in einer simplen Ziploc-T\u00fcte unterbringe.<\/p>\n","protected":false},"excerpt":{"rendered":"<p>Das Wollschaf fragt diesmal: Es gibt ja so einiges an Zubeh\u00f6r f\u00fcr StrickerInnen. Taschen, Maschenmarkierer, Magnetboarde. Was sollte eurer Meinung nach in keinem Haushalt fehlen (und wo habt ihr es her?) und was ist das total \u00fcberfl\u00fcssigste Strickgimmik? Vielen Dank an Tanja f\u00fcr die heutige Frage! Ich w\u00fcrde sagen, das ist wieder ein klarer Fall &hellip; <a href=\"https:\/\/www.strickforum.de\/blog\/die-verstrickte-dienstagsfrage-482010\/\" class=\"more-link\"><span class=\"screen-reader-text\">\u201eDie verstrickte Dienstagsfrage 48\/2010\u201c <\/span>weiterlesen<\/a><\/p>\n","protected":false},"author":3,"featured_media":0,"comment_status":"open","ping_status":"open","sticky":false,"template":"","format":"standard","meta":{"_seopress_robots_primary_cat":"","_seopress_titles_title":"","_seopress_titles_desc":"","_seopress_robots_index":"","_crdt_document":"","jetpack_post_was_ever_published":false,"_jetpack_newsletter_access":"","_jetpack_dont_email_post_to_subs":false,"_jetpack_newsletter_tier_id":0,"_jetpack_memberships_contains_paywalled_content":false,"_jetpack_memberships_contains_paid_content":false,"footnotes":"","jetpack_publicize_message":"","jetpack_publicize_feature_enabled":true,"jetpack_social_post_already_shared":false,"jetpack_social_options":{"image_generator_settings":{"template":"highway","default_image_id":0,"font":"","enabled":false},"version":2}},"categories":[6],"tags":[],"class_list":["post-1070","post","type-post","status-publish","format-standard","hentry","category-6"],"jetpack_publicize_connections":[],"jetpack_featured_media_url":"","jetpack_sharing_enabled":true,"jetpack_shortlink":"https:\/\/wp.me\/p7JbSI-hg","jetpack-related-posts":[{"id":378,"url":"https:\/\/www.strickforum.de\/blog\/die-verstrickte-dienstagsfrage-the-wool-sheeps-question-172008\/","url_meta":{"origin":1070,"position":0},"title":"Die verstrickte Dienstagsfrage &#8211; the Wool Sheep&#8217;s question 17\/2008","author":"Admin","date":"22. April 2008","format":false,"excerpt":"Hallo liebes Wollschaf, mir ist heut morgen, beim Einpacken meines Strickzeugs f\u00fcr die Mittagpause folgende Frage eingefallen: Wie verpackt ihr euer Strickzeug, wenn ihr es mit nehmt? Wie sorgt ihr daf\u00fcr, dass die Nadeln nicht rausrutschen, abbrechen oder sich durch Innenfutter oder Taschenwand bohren? Vielen Dank an Herzdame f\u00fcr die\u2026","rel":"","context":"In &quot;Stricken&quot;","block_context":{"text":"Stricken","link":"https:\/\/www.strickforum.de\/blog\/category\/3\/"},"img":{"alt_text":"","src":"","width":0,"height":0},"classes":[]},{"id":977,"url":"https:\/\/www.strickforum.de\/blog\/die-verstrickte-dienstagsfrage-272010\/","url_meta":{"origin":1070,"position":1},"title":"Die verstrickte Dienstagsfrage 27\/2010","author":"Admin","date":"6. Juli 2010","format":false,"excerpt":"Das Wollschaf fragt: Was ist f\u00fcr dich das perfekte Urlaubsgestrickt? Etwas Gro\u00dfes, Kompliziertes? Lieber etwas Kleines? Nach welchen Kriterien entscheidest du, was eingepackt wird? Darauf kann ich wieder einmal mit einem klaren \u201ces kommt darauf an\u201d antworten. Was f\u00fcr ein Urlaub soll's denn sein? Wohin soll die Reise gehen, welches\u2026","rel":"","context":"In &quot;Stricken&quot;","block_context":{"text":"Stricken","link":"https:\/\/www.strickforum.de\/blog\/category\/3\/"},"img":{"alt_text":"","src":"","width":0,"height":0},"classes":[]},{"id":965,"url":"https:\/\/www.strickforum.de\/blog\/farbe-bekennen-orange\/","url_meta":{"origin":1070,"position":2},"title":"Farbe bekennen &#8211; Orange","author":"Admin","date":"14. Juni 2010","format":false,"excerpt":"Neulich hatte ich diesen Beutel dabei, um an einem regnerischen Tag mein Strickzeug, das sonst in einer Stofftasche mit mir unterwegs ist, vor N\u00e4sse zu sch\u00fctzen. Ein Bekannter sah Beutel und Schriftzug und meinte, in so einer Tasche finde man bestimmt alles besonders gut wieder. :-) Orange ist nicht so\u2026","rel":"","context":"In &quot;Farbe bekennen&quot;","block_context":{"text":"Farbe bekennen","link":"https:\/\/www.strickforum.de\/blog\/category\/10\/"},"img":{"alt_text":"Farbe bekennen: Orange","src":"https:\/\/i0.wp.com\/www.strickforum.de\/blog\/media\/1\/20100614-farbebekennen_orange.jpg?resize=350%2C200","width":350,"height":200},"classes":[]},{"id":279,"url":"https:\/\/www.strickforum.de\/blog\/ich-packe-meinen-koffer\/","url_meta":{"origin":1070,"position":3},"title":"Ich packe meinen Koffer","author":"Admin","date":"15. September 2007","format":false,"excerpt":"Denn ich besuche morgen Europas gr\u00f6\u00dfte Patchwork- und Quiltausstellung im Val d'Argent in Frankreich. Um unterwegs (die Fahrt ist laaang) f\u00fcr alles ger\u00fcstet zu sein, habe ich vor allem gen\u00fcgend Strickzeug dabei. Au\u00dfer dem aktuellen Handstrickzeug kommt auch ein Ersatz-Strickzeug komplett mit Anleitungsbuch mit, falls das aktuelle schneller fertig wird\u2026","rel":"","context":"In &quot;Allgemeines&quot;","block_context":{"text":"Allgemeines","link":"https:\/\/www.strickforum.de\/blog\/category\/1\/"},"img":{"alt_text":"","src":"","width":0,"height":0},"classes":[]},{"id":1080,"url":"https:\/\/www.strickforum.de\/blog\/die-verstrickte-dienstagsfrage-512010\/","url_meta":{"origin":1070,"position":4},"title":"Die verstrickte Dienstagsfrage 51\/2010","author":"Admin","date":"21. Dezember 2010","format":false,"excerpt":"Das Wollschaf fragt heute: Wo und wann strickt ihr? Begleitet euch das Strickzeug ueberall hin? Strickt ihr schon morgens auf dem Weg zur Arbeit, oder nur abends, z.B. zuhause auf dem Sofa vor dem Fernseher? Habt ihr spezielle Projekte fuer die verschiedenen \u201cStrickzeiten\u201d und \u201cStrickplaetze\u201d? Vielen Dank an Connie f\u00fcr\u2026","rel":"","context":"In &quot;Stricken&quot;","block_context":{"text":"Stricken","link":"https:\/\/www.strickforum.de\/blog\/category\/3\/"},"img":{"alt_text":"","src":"","width":0,"height":0},"classes":[]},{"id":1695,"url":"https:\/\/www.strickforum.de\/blog\/die-verstrickte-dienstagsfrage-522013\/","url_meta":{"origin":1070,"position":5},"title":"Die verstrickte Dienstagsfrage 52\/2013","author":"Admin","date":"27. Dezember 2013","format":false,"excerpt":"Das Wollschaf war leider etwas unp\u00e4sslich und entschuldigt sich f\u00fcr die versp\u00e4tete Dienstagsfrage von dieser Woche! Lasst ihr eure Nadeln \/ euer Strickzeug ueber die Weihnachtsfeiertage ruhen? Oder sind vielleicht die Feiertage (und die Zeit zwischen den Jahren) gerade die Zeit, in der ihr viel strickt? Vielen Dank an Connie\u2026","rel":"","context":"In &quot;Allgemeines&quot;","block_context":{"text":"Allgemeines","link":"https:\/\/www.strickforum.de\/blog\/category\/1\/"},"img":{"alt_text":"","src":"","width":0,"height":0},"classes":[]}],"_links":{"self":[{"href":"https:\/\/www.strickforum.de\/blog\/wp-json\/wp\/v2\/posts\/1070","targetHints":{"allow":["GET"]}}],"collection":[{"href":"https:\/\/www.strickforum.de\/blog\/wp-json\/wp\/v2\/posts"}],"about":[{"href":"https:\/\/www.strickforum.de\/blog\/wp-json\/wp\/v2\/types\/post"}],"author":[{"embeddable":true,"href":"https:\/\/www.strickforum.de\/blog\/wp-json\/wp\/v2\/users\/3"}],"replies":[{"embeddable":true,"href":"https:\/\/www.strickforum.de\/blog\/wp-json\/wp\/v2\/comments?post=1070"}],"version-history":[{"count":0,"href":"https:\/\/www.strickforum.de\/blog\/wp-json\/wp\/v2\/posts\/1070\/revisions"}],"wp:attachment":[{"href":"https:\/\/www.strickforum.de\/blog\/wp-json\/wp\/v2\/media?parent=1070"}],"wp:term":[{"taxonomy":"category","embeddable":true,"href":"https:\/\/www.strickforum.de\/blog\/wp-json\/wp\/v2\/categories?post=1070"},{"taxonomy":"post_tag","embeddable":true,"href":"https:\/\/www.strickforum.de\/blog\/wp-json\/wp\/v2\/tags?post=1070"}],"curies":[{"name":"wp","href":"https:\/\/api.w.org\/{rel}","templated":true}]}}