{"id":1132,"date":"2011-02-25T20:51:45","date_gmt":"2011-02-25T19:51:45","guid":{"rendered":"http:\/\/www.strickforum.de\/blog\/?p=1132"},"modified":"2011-02-25T20:51:45","modified_gmt":"2011-02-25T19:51:45","slug":"weg-war-sie-and-then-it-was-gone","status":"publish","type":"post","link":"https:\/\/www.strickforum.de\/blog\/weg-war-sie-and-then-it-was-gone\/","title":{"rendered":"Weg war sie &#8211; And then it was gone"},"content":{"rendered":"<p>Zum gestrigen M\u00e4dels-Filmabend nahm ich die frisch gestrickte M\u00fctze <a href=\"http:\/\/www.woollywormhead.com\/arbacia\/\" target=\"_blank\">&#8220;Arbacia&#8221;<\/a> (Design: Woolly Wormhead) mit, um sie auf einem h\u00fcbschen Kopf zu fotografieren. Und die Kollegin, die sich zur Verf\u00fcgung stellte, verliebte sich sofort in diese M\u00fctze. Zu allem \u00dcberfluss sah sie auch noch prima damit aus. Da blieb mir ja nichts anderes \u00fcbrig, als ihr die M\u00fctze zu \u00fcberlassen. \ud83d\ude42<br \/>\nZum Gl\u00fcck kann man diesen Entwurf mit der Maschine stricken, und das geht auch noch relativ schnell. Drei Abende habe ich gebraucht, zwei f\u00fcrs Stricken und einen f\u00fcrs Zusammenn\u00e4hen im Maschenstich. Das war \u00fcbrigens gar nicht so einfach, weil man es hier gleichzeitig mit Lochmuster und verk\u00fcrzten Reihen zu tun hat. Das Garn f\u00fcrs n\u00e4chste Exemplar liegt schon bereit.<\/p>\n<p><img data-recalc-dims=\"1\" src=\"https:\/\/i0.wp.com\/www.strickforum.de\/blog\/media\/1\/20110225-arbacia_rot.jpg?resize=450%2C326\" width=\"450\"  height=\"326\"  alt='Design &#8220;Arbacia&#8221;, Woolly Wormhead'  \/><\/p>\n<p>When I went to our chick flick yesterday, I took the brandnew <a href=\"http:\/\/www.woollywormhead.com\/arbacia\/\" target=\"_blank\">&#8220;Arbacia&#8221;<\/a> tam (design: Woolly Wormhead) with me to take a photo on a pretty girl&#8217;s head. And the colleague who was kind enough to pose immediately fell in love with this hat. On top of that, she looked wonderful with it. So I had no chance but to give it to her. \ud83d\ude42<br \/>\nLuckily, this design can be made on the knitting machine, and it is rather quickly done. It took me three nights, two for the knitting and one for the sewing in kitchener stitch. By the way, the sewing was not that easy because of lace patterning and short rows at the same time.<br \/>\nThe yarn for the next hat is already prepared.<\/p>\n","protected":false},"excerpt":{"rendered":"<p>Zum gestrigen M\u00e4dels-Filmabend nahm ich die frisch gestrickte M\u00fctze &#8220;Arbacia&#8221; (Design: Woolly Wormhead) mit, um sie auf einem h\u00fcbschen Kopf zu fotografieren. Und die Kollegin, die sich zur Verf\u00fcgung stellte, verliebte sich sofort in diese M\u00fctze. Zu allem \u00dcberfluss sah sie auch noch prima damit aus. Da blieb mir ja nichts anderes \u00fcbrig, als ihr &hellip; <a href=\"https:\/\/www.strickforum.de\/blog\/weg-war-sie-and-then-it-was-gone\/\" class=\"more-link\"><span class=\"screen-reader-text\">\u201eWeg war sie &#8211; And then it was gone\u201c <\/span>weiterlesen<\/a><\/p>\n","protected":false},"author":3,"featured_media":0,"comment_status":"open","ping_status":"open","sticky":false,"template":"","format":"standard","meta":{"_seopress_robots_primary_cat":"","_seopress_titles_title":"","_seopress_titles_desc":"","_seopress_robots_index":"","_crdt_document":"","jetpack_post_was_ever_published":false,"_jetpack_newsletter_access":"","_jetpack_dont_email_post_to_subs":false,"_jetpack_newsletter_tier_id":0,"_jetpack_memberships_contains_paywalled_content":false,"_jetpack_memberships_contains_paid_content":false,"footnotes":"","jetpack_publicize_message":"","jetpack_publicize_feature_enabled":true,"jetpack_social_post_already_shared":false,"jetpack_social_options":{"image_generator_settings":{"template":"highway","default_image_id":0,"font":"","enabled":false},"version":2}},"categories":[6],"tags":[],"class_list":["post-1132","post","type-post","status-publish","format-standard","hentry","category-6"],"jetpack_publicize_connections":[],"jetpack_featured_media_url":"","jetpack_sharing_enabled":true,"jetpack_shortlink":"https:\/\/wp.me\/p7JbSI-ig","jetpack-related-posts":[{"id":2947,"url":"https:\/\/www.strickforum.de\/blog\/schwerstarbeit\/","url_meta":{"origin":1132,"position":0},"title":"Schwerstarbeit","author":"Admin","date":"4. M\u00e4rz 2020","format":false,"excerpt":"In fast jeder Strick-Publikation kann man lesen, dass das Stricken mit dicken Garnen \"leicht und schnell\" gehe. Ich warte immer noch darauf, dass mir die Fachleute erkl\u00e4ren, weshalb das so sein soll. Die dicke M\u00fctze, die ich gestern nach knapp drei Wochen fertigstellte, bereitete mir n\u00e4mlich einige M\u00fche, und von\u2026","rel":"","context":"In &quot;Stricken&quot;","block_context":{"text":"Stricken","link":"https:\/\/www.strickforum.de\/blog\/category\/3\/"},"img":{"alt_text":"Bryce Canyon","src":"https:\/\/i0.wp.com\/www.strickforum.de\/blog\/wp-content\/uploads\/2020\/03\/bryce-canyon_700.jpg?resize=350%2C200&ssl=1","width":350,"height":200,"srcset":"https:\/\/i0.wp.com\/www.strickforum.de\/blog\/wp-content\/uploads\/2020\/03\/bryce-canyon_700.jpg?resize=350%2C200&ssl=1 1x, https:\/\/i0.wp.com\/www.strickforum.de\/blog\/wp-content\/uploads\/2020\/03\/bryce-canyon_700.jpg?resize=525%2C300&ssl=1 1.5x, https:\/\/i0.wp.com\/www.strickforum.de\/blog\/wp-content\/uploads\/2020\/03\/bryce-canyon_700.jpg?resize=700%2C400&ssl=1 2x"},"classes":[]},{"id":3533,"url":"https:\/\/www.strickforum.de\/blog\/wieder-eine-schnelle-muetze\/","url_meta":{"origin":1132,"position":1},"title":"Wieder eine schnelle M\u00fctze","author":"Admin","date":"20. Januar 2023","format":false,"excerpt":"M\u00fctzen habe ich 2021 ziemlich viele (f\u00fcr meine Verh\u00e4ltnisse jedenfalls) gestrickt. Die meisten gingen an eine gute Bekannte, eine Betreuerin. Die verteilt sie an Bed\u00fcrftige aus dem Kreis ihrer Klienten. Im vergangenen Jahr hatte es sich dann bei mir weitgehend ausgem\u00fctzt. Andere Strickprojekte waren f\u00fcr mich interessanter. Bis ich vor\u2026","rel":"","context":"In &quot;Stricken&quot;","block_context":{"text":"Stricken","link":"https:\/\/www.strickforum.de\/blog\/category\/3\/"},"img":{"alt_text":"","src":"https:\/\/i0.wp.com\/www.strickforum.de\/blog\/wp-content\/uploads\/2023\/01\/muetze_tweed-delight.jpg?resize=350%2C200&ssl=1","width":350,"height":200,"srcset":"https:\/\/i0.wp.com\/www.strickforum.de\/blog\/wp-content\/uploads\/2023\/01\/muetze_tweed-delight.jpg?resize=350%2C200&ssl=1 1x, https:\/\/i0.wp.com\/www.strickforum.de\/blog\/wp-content\/uploads\/2023\/01\/muetze_tweed-delight.jpg?resize=525%2C300&ssl=1 1.5x, https:\/\/i0.wp.com\/www.strickforum.de\/blog\/wp-content\/uploads\/2023\/01\/muetze_tweed-delight.jpg?resize=700%2C400&ssl=1 2x"},"classes":[]},{"id":3240,"url":"https:\/\/www.strickforum.de\/blog\/york-slouch\/","url_meta":{"origin":1132,"position":2},"title":"York Slouch","author":"Admin","date":"25. April 2021","format":false,"excerpt":"Ja, genau, die achte M\u00fctze ist fertig. Und falls ihr euch fragt, weshalb es hier (fast) Schlag auf Schlag geht: Ich m\u00f6chte mindestens das angepeilte Dutzend abgearbeitet haben, bevor ich die Lust auf M\u00fctzen verliere. :-) Vor wenigen Tagen erhielt ich von Ruth Kindla ein Wollpaket mit Farbverlaufsgarnen. F\u00fcr mich\u2026","rel":"","context":"In &quot;Stricken&quot;","block_context":{"text":"Stricken","link":"https:\/\/www.strickforum.de\/blog\/category\/3\/"},"img":{"alt_text":"","src":"https:\/\/i0.wp.com\/www.strickforum.de\/blog\/wp-content\/uploads\/2021\/04\/york-slouch_seite.jpg?resize=350%2C200&ssl=1","width":350,"height":200,"srcset":"https:\/\/i0.wp.com\/www.strickforum.de\/blog\/wp-content\/uploads\/2021\/04\/york-slouch_seite.jpg?resize=350%2C200&ssl=1 1x, https:\/\/i0.wp.com\/www.strickforum.de\/blog\/wp-content\/uploads\/2021\/04\/york-slouch_seite.jpg?resize=525%2C300&ssl=1 1.5x, https:\/\/i0.wp.com\/www.strickforum.de\/blog\/wp-content\/uploads\/2021\/04\/york-slouch_seite.jpg?resize=700%2C400&ssl=1 2x"},"classes":[]},{"id":3182,"url":"https:\/\/www.strickforum.de\/blog\/mein-grosser-plan\/","url_meta":{"origin":1132,"position":3},"title":"Mein gro\u00dfer Plan","author":"Admin","date":"7. Februar 2021","format":false,"excerpt":"Etwa einmal monatlich bekomme ich einen Newsletter von Woolly Wormhead. Sie entwirft M\u00fctzen in allen vorstellbaren Varianten, in Runden, quer in Reihen oder auch mal diagonal, sowie f\u00fcr die verschiedensten Garnst\u00e4rken. Ich besitze viele ihrer Anleitungen und habe im Laufe der Jahre bereits diverse Modelle von ihr nachgestrickt. In Zusammenhang\u2026","rel":"","context":"In &quot;Stricken&quot;","block_context":{"text":"Stricken","link":"https:\/\/www.strickforum.de\/blog\/category\/3\/"},"img":{"alt_text":"Comfort Slouch","src":"https:\/\/i0.wp.com\/www.strickforum.de\/blog\/wp-content\/uploads\/2021\/02\/comfort-slouch.jpg?resize=350%2C200&ssl=1","width":350,"height":200,"srcset":"https:\/\/i0.wp.com\/www.strickforum.de\/blog\/wp-content\/uploads\/2021\/02\/comfort-slouch.jpg?resize=350%2C200&ssl=1 1x, https:\/\/i0.wp.com\/www.strickforum.de\/blog\/wp-content\/uploads\/2021\/02\/comfort-slouch.jpg?resize=525%2C300&ssl=1 1.5x, https:\/\/i0.wp.com\/www.strickforum.de\/blog\/wp-content\/uploads\/2021\/02\/comfort-slouch.jpg?resize=700%2C400&ssl=1 2x"},"classes":[]},{"id":3156,"url":"https:\/\/www.strickforum.de\/blog\/die-eintagsmuetze\/","url_meta":{"origin":1132,"position":4},"title":"Die Eintagsm\u00fctze","author":"Admin","date":"30. Dezember 2020","format":false,"excerpt":"Es gibt Menschen, denen steht jede denkbare M\u00fctzenform. Leider gilt das nicht f\u00fcr mich. Ich bin zwar ein gro\u00dfer M\u00fctzen-Fan (besonders wenn die Au\u00dfentemperatur unter 5 Grad plus sinkt), aber nicht jede Variante ist f\u00fcr mich auch kleidsam. Deshalb freute es mich, dass ich neulich eine Anleitung fand, die vielversprechend\u2026","rel":"","context":"In &quot;Stricken&quot;","block_context":{"text":"Stricken","link":"https:\/\/www.strickforum.de\/blog\/category\/3\/"},"img":{"alt_text":"M\u00fctze \"Amanda\"","src":"https:\/\/i0.wp.com\/www.strickforum.de\/blog\/wp-content\/uploads\/2020\/12\/amanda-muetze.jpg?resize=350%2C200&ssl=1","width":350,"height":200,"srcset":"https:\/\/i0.wp.com\/www.strickforum.de\/blog\/wp-content\/uploads\/2020\/12\/amanda-muetze.jpg?resize=350%2C200&ssl=1 1x, https:\/\/i0.wp.com\/www.strickforum.de\/blog\/wp-content\/uploads\/2020\/12\/amanda-muetze.jpg?resize=525%2C300&ssl=1 1.5x, https:\/\/i0.wp.com\/www.strickforum.de\/blog\/wp-content\/uploads\/2020\/12\/amanda-muetze.jpg?resize=700%2C400&ssl=1 2x"},"classes":[]},{"id":3151,"url":"https:\/\/www.strickforum.de\/blog\/winter-set\/","url_meta":{"origin":1132,"position":5},"title":"Winter-Set","author":"Admin","date":"27. Dezember 2020","format":false,"excerpt":"Vor mehr als einem Jahr strickte ich f\u00fcr eine Freundin, die selbst nicht strickt, auf die Schnelle eine \"Vertigo\" M\u00fctze, da die \u00c4rmste f\u00fcr ihre Spazierg\u00e4nge mit dem Hund nicht einmal eine w\u00e4rmende Kopfbedeckung hatte. Lieber h\u00e4tte ich f\u00fcr sie ein ganzes Set, bestehend aus M\u00fctze, Schal und Handschuhen gearbeitet,\u2026","rel":"","context":"In &quot;Stricken&quot;","block_context":{"text":"Stricken","link":"https:\/\/www.strickforum.de\/blog\/category\/3\/"},"img":{"alt_text":"M\u00fctze \"Slipstream\"","src":"https:\/\/i0.wp.com\/www.strickforum.de\/blog\/wp-content\/uploads\/2020\/12\/slipstream-muetze.jpg?resize=350%2C200&ssl=1","width":350,"height":200,"srcset":"https:\/\/i0.wp.com\/www.strickforum.de\/blog\/wp-content\/uploads\/2020\/12\/slipstream-muetze.jpg?resize=350%2C200&ssl=1 1x, https:\/\/i0.wp.com\/www.strickforum.de\/blog\/wp-content\/uploads\/2020\/12\/slipstream-muetze.jpg?resize=525%2C300&ssl=1 1.5x, https:\/\/i0.wp.com\/www.strickforum.de\/blog\/wp-content\/uploads\/2020\/12\/slipstream-muetze.jpg?resize=700%2C400&ssl=1 2x"},"classes":[]}],"_links":{"self":[{"href":"https:\/\/www.strickforum.de\/blog\/wp-json\/wp\/v2\/posts\/1132","targetHints":{"allow":["GET"]}}],"collection":[{"href":"https:\/\/www.strickforum.de\/blog\/wp-json\/wp\/v2\/posts"}],"about":[{"href":"https:\/\/www.strickforum.de\/blog\/wp-json\/wp\/v2\/types\/post"}],"author":[{"embeddable":true,"href":"https:\/\/www.strickforum.de\/blog\/wp-json\/wp\/v2\/users\/3"}],"replies":[{"embeddable":true,"href":"https:\/\/www.strickforum.de\/blog\/wp-json\/wp\/v2\/comments?post=1132"}],"version-history":[{"count":0,"href":"https:\/\/www.strickforum.de\/blog\/wp-json\/wp\/v2\/posts\/1132\/revisions"}],"wp:attachment":[{"href":"https:\/\/www.strickforum.de\/blog\/wp-json\/wp\/v2\/media?parent=1132"}],"wp:term":[{"taxonomy":"category","embeddable":true,"href":"https:\/\/www.strickforum.de\/blog\/wp-json\/wp\/v2\/categories?post=1132"},{"taxonomy":"post_tag","embeddable":true,"href":"https:\/\/www.strickforum.de\/blog\/wp-json\/wp\/v2\/tags?post=1132"}],"curies":[{"name":"wp","href":"https:\/\/api.w.org\/{rel}","templated":true}]}}