{"id":115,"date":"2006-01-24T19:33:46","date_gmt":"2006-01-24T18:33:46","guid":{"rendered":"http:\/\/www.strickforum.de\/blog\/?p=115"},"modified":"2006-01-24T19:33:46","modified_gmt":"2006-01-24T18:33:46","slug":"wozu-noch-selbst-telefonieren","status":"publish","type":"post","link":"https:\/\/www.strickforum.de\/blog\/wozu-noch-selbst-telefonieren\/","title":{"rendered":"Wozu noch selbst telefonieren?"},"content":{"rendered":"<p>Viel sch\u00f6ner ist es, wenn das zwei Automaten selbstt\u00e4tig erledigen. Wie sich das anh\u00f6rt, konnte ich heute abend auf meinem Anrufbeantworter nacherleben. <\/p>\n<p>Ein automatischer Anrufdienst hatte tags\u00fcber angerufen, um sich nach meiner Interessenlage zur Fu\u00dfball-WM zu erkundigen. Mein Anrufbeantworter nahm brav ab, was den automatischen Anrufer (\u00fcbrigens mit synthetiksamtweicher Frauenstimme) zu der Annahme veranla\u00dfte, es sei eine echte Person dran. Der Synthetiksamt bedankte sich zun\u00e4chst freundlich f\u00fcr das Interesse meines AB an der Umfrage und fragte ihn dann, ob er zur Weltmeisterschaft eine positive oder negative Einstellung habe; bei &#8220;positiv&#8221; solle er die 1 dr\u00fccken und bei &#8220;negativ&#8221; die 2. <\/p>\n<p>Mein AB hat allerdings \u00fcberhaupt keine Meinung zu Fu\u00dfball, und Kn\u00f6pfchen dr\u00fcckt er auch nicht. Also verstrichen etliche Sekunden, und der Anruf-Automat verk\u00fcndete schlie\u00dflich freundlich, leider sei keine g\u00fcltige Wahl getroffen worden. Er wiederholte seine Frage, aber mein AB verweigerte wiederum die Aussage. Der Synthetiksamt am anderen Ende wirkte nun fast verunsichert, als er nochmals sein Bedauern \u00fcber die ung\u00fcltige Wahl \u00e4u\u00dferte, und danach verabschiedete er sich erstaunlich z\u00fcgig. Dauer des Spektakels: 181 Sekunden. Dauer der L\u00f6schaktion: 5 Sekunden.<\/p>\n","protected":false},"excerpt":{"rendered":"<p>Viel sch\u00f6ner ist es, wenn das zwei Automaten selbstt\u00e4tig erledigen. Wie sich das anh\u00f6rt, konnte ich heute abend auf meinem Anrufbeantworter nacherleben. Ein automatischer Anrufdienst hatte tags\u00fcber angerufen, um sich nach meiner Interessenlage zur Fu\u00dfball-WM zu erkundigen. Mein Anrufbeantworter nahm brav ab, was den automatischen Anrufer (\u00fcbrigens mit synthetiksamtweicher Frauenstimme) zu der Annahme veranla\u00dfte, es &hellip; <a href=\"https:\/\/www.strickforum.de\/blog\/wozu-noch-selbst-telefonieren\/\" class=\"more-link\"><span class=\"screen-reader-text\">\u201eWozu noch selbst telefonieren?\u201c <\/span>weiterlesen<\/a><\/p>\n","protected":false},"author":3,"featured_media":0,"comment_status":"open","ping_status":"open","sticky":false,"template":"","format":"standard","meta":{"_seopress_robots_primary_cat":"","_seopress_titles_title":"","_seopress_titles_desc":"","_seopress_robots_index":"","_crdt_document":"","jetpack_post_was_ever_published":false,"_jetpack_newsletter_access":"","_jetpack_dont_email_post_to_subs":false,"_jetpack_newsletter_tier_id":0,"_jetpack_memberships_contains_paywalled_content":false,"_jetpack_memberships_contains_paid_content":false,"footnotes":"","jetpack_publicize_message":"","jetpack_publicize_feature_enabled":true,"jetpack_social_post_already_shared":false,"jetpack_social_options":{"image_generator_settings":{"template":"highway","default_image_id":0,"font":"","enabled":false},"version":2}},"categories":[5],"tags":[],"class_list":["post-115","post","type-post","status-publish","format-standard","hentry","category-5"],"jetpack_publicize_connections":[],"jetpack_featured_media_url":"","jetpack_sharing_enabled":true,"jetpack_shortlink":"https:\/\/wp.me\/p7JbSI-1R","jetpack-related-posts":[{"id":161,"url":"https:\/\/www.strickforum.de\/blog\/exkurs-uber-die-auswirkungen-der-fusball-weltmeisterschaft-auf-die-psychische-belastbarkeit-einer-minderheit-der-weiblichen-arbeitnehmerschaft-suddeutschlands\/","url_meta":{"origin":115,"position":0},"title":"Exkurs \u00fcber die Auswirkungen der Fu\u00dfball-Weltmeisterschaft auf die psychische Belastbarkeit einer Minderheit der weiblichen Arbeitnehmerschaft S\u00fcddeutschlands","author":"Admin","date":"15. Juni 2006","format":false,"excerpt":"Eigentlich wollte ich hier gar nichts \u00fcber die WM schreiben. Aber eines mu\u00df ich loswerden: Ich bin heilfroh, wenn der ganze Zinnober endlich vorbei ist, damit ich nicht mehr t\u00e4glich ab 23:00 bis open end den obligatorischen Auto-Korso ertragen mu\u00df. Nach der sechsten Nacht in Folge ohne ausreichenden Schlaf (Ohropax\u2026","rel":"","context":"In &quot;Allgemeines&quot;","block_context":{"text":"Allgemeines","link":"https:\/\/www.strickforum.de\/blog\/category\/1\/"},"img":{"alt_text":"","src":"","width":0,"height":0},"classes":[]},{"id":1390,"url":"https:\/\/www.strickforum.de\/blog\/wieder-einmal-halbzeit-half-time-again\/","url_meta":{"origin":115,"position":1},"title":"Wieder einmal Halbzeit &#8211; Half-time again","author":"Admin","date":"10. Juni 2012","format":false,"excerpt":"Nein, nicht beim Fu\u00dfball, sondern beim zweiten Versuch der gr\u00fcn-gestreiften Ulina-Jacke. Verglichen mit dem ersten (siehe Blog-Eintrag vom 26. Mai) gef\u00e4llt mir diese Version viel besser, und das nicht nur, weil ich diesmal die richtige Maschenzahl angeschlagen habe. Die ineinander verlaufenden Streifen sehen viel h\u00fcbscher aus als die Blockstreifen zuvor.\u2026","rel":"","context":"In &quot;Stricken&quot;","block_context":{"text":"Stricken","link":"https:\/\/www.strickforum.de\/blog\/category\/3\/"},"img":{"alt_text":"","src":"","width":0,"height":0},"classes":[]},{"id":963,"url":"https:\/\/www.strickforum.de\/blog\/wir-machen-das-mit-den-fahnchen\/","url_meta":{"origin":115,"position":2},"title":"Wir machen das mit den F\u00e4hnchen","author":"Admin","date":"11. Juni 2010","format":false,"excerpt":"Gestern abend musste selbst einer Banausin wie mir auffallen, dass die Fu\u00dfball-WM nun startet. Viele Autos haben an ihren hinteren Seitenfenstern wieder frische F\u00e4hnchen befestigt, ganz so wie vor vier Jahren. Naja, um ehrlich zu sein, wurde ich schon vor ein paar Tagen \u00fcberdeutlichst auf die WM hingewiesen, als ein\u2026","rel":"","context":"In &quot;Allgemeines&quot;","block_context":{"text":"Allgemeines","link":"https:\/\/www.strickforum.de\/blog\/category\/1\/"},"img":{"alt_text":"","src":"","width":0,"height":0},"classes":[]},{"id":1628,"url":"https:\/\/www.strickforum.de\/blog\/endlich-neue-topflappen\/","url_meta":{"origin":115,"position":3},"title":"Endlich neue Topflappen","author":"Admin","date":"25. September 2013","format":false,"excerpt":"Sie sind fertig geworden und k\u00f6nnen zum Einsatz kommen: Meine sechseckigen Topflappen aus (nat\u00fcrlich) Topflappenbaumwolle. Die Anleitung ist aus dem Buch \u201cPfiffige Topflappen h\u00e4keln\u201d, das schon etwas \u00e4lter, aber gebraucht noch preiswert erh\u00e4ltlich ist. Der erste, mit dem gr\u00fcnen Rand, ist \u00fcbrigens etwas kleiner ausgefallen als der zweite, und er\u2026","rel":"","context":"In &quot;13aus13 \/ 13from13&quot;","block_context":{"text":"13aus13 \/ 13from13","link":"https:\/\/www.strickforum.de\/blog\/category\/11\/"},"img":{"alt_text":"","src":"","width":0,"height":0},"classes":[]},{"id":3479,"url":"https:\/\/www.strickforum.de\/blog\/so-geht-gutes-beschwerdemanagement\/","url_meta":{"origin":115,"position":4},"title":"So geht gutes Beschwerdemanagement","author":"Admin","date":"12. Oktober 2022","format":false,"excerpt":"Ja, ich nahm tats\u00e4chlich Kontakt mit Dr. Oetker auf und beschrieb detailliert, in welcher Hinsicht ich mit dem Rezept unzufrieden bzw. nicht gl\u00fccklich war. Und am n\u00e4chsten Werktag kam eine R\u00fcckmeldung per Mail. Man bat um meine Telefonnummer und einen Terminvorschlag, um mein Vorgehen und das Ergebnis telefonisch zu analysieren.\u2026","rel":"","context":"In &quot;Kulinarisches&quot;","block_context":{"text":"Kulinarisches","link":"https:\/\/www.strickforum.de\/blog\/category\/7\/"},"img":{"alt_text":"","src":"","width":0,"height":0},"classes":[]},{"id":3590,"url":"https:\/\/www.strickforum.de\/blog\/negativ-ist-positiv\/","url_meta":{"origin":115,"position":5},"title":"Negativ ist positiv","author":"Admin","date":"6. April 2023","format":false,"excerpt":"Es ist kein sch\u00f6nes Gef\u00fchl, wenn man drei Jahre nach Beginn der Pandemie, nach insgesamt vier Impfungen mit drei verschiedenen Vakzinen und Wochen und Monaten der Vorsicht feststellen muss, dass der elende Zustand, in dem man sich befindet, auf eine Covid-Infektion zur\u00fcckzuf\u00fchren ist. Es begann um den 19. M\u00e4rz herum\u2026","rel":"","context":"In &quot;Allgemeines&quot;","block_context":{"text":"Allgemeines","link":"https:\/\/www.strickforum.de\/blog\/category\/1\/"},"img":{"alt_text":"","src":"https:\/\/i0.wp.com\/www.strickforum.de\/blog\/wp-content\/uploads\/2023\/04\/covid-negativ.jpg?resize=350%2C200&ssl=1","width":350,"height":200,"srcset":"https:\/\/i0.wp.com\/www.strickforum.de\/blog\/wp-content\/uploads\/2023\/04\/covid-negativ.jpg?resize=350%2C200&ssl=1 1x, https:\/\/i0.wp.com\/www.strickforum.de\/blog\/wp-content\/uploads\/2023\/04\/covid-negativ.jpg?resize=525%2C300&ssl=1 1.5x, https:\/\/i0.wp.com\/www.strickforum.de\/blog\/wp-content\/uploads\/2023\/04\/covid-negativ.jpg?resize=700%2C400&ssl=1 2x"},"classes":[]}],"_links":{"self":[{"href":"https:\/\/www.strickforum.de\/blog\/wp-json\/wp\/v2\/posts\/115","targetHints":{"allow":["GET"]}}],"collection":[{"href":"https:\/\/www.strickforum.de\/blog\/wp-json\/wp\/v2\/posts"}],"about":[{"href":"https:\/\/www.strickforum.de\/blog\/wp-json\/wp\/v2\/types\/post"}],"author":[{"embeddable":true,"href":"https:\/\/www.strickforum.de\/blog\/wp-json\/wp\/v2\/users\/3"}],"replies":[{"embeddable":true,"href":"https:\/\/www.strickforum.de\/blog\/wp-json\/wp\/v2\/comments?post=115"}],"version-history":[{"count":0,"href":"https:\/\/www.strickforum.de\/blog\/wp-json\/wp\/v2\/posts\/115\/revisions"}],"wp:attachment":[{"href":"https:\/\/www.strickforum.de\/blog\/wp-json\/wp\/v2\/media?parent=115"}],"wp:term":[{"taxonomy":"category","embeddable":true,"href":"https:\/\/www.strickforum.de\/blog\/wp-json\/wp\/v2\/categories?post=115"},{"taxonomy":"post_tag","embeddable":true,"href":"https:\/\/www.strickforum.de\/blog\/wp-json\/wp\/v2\/tags?post=115"}],"curies":[{"name":"wp","href":"https:\/\/api.w.org\/{rel}","templated":true}]}}