{"id":1202,"date":"2011-07-10T16:50:20","date_gmt":"2011-07-10T14:50:20","guid":{"rendered":"http:\/\/www.strickforum.de\/blog\/?p=1202"},"modified":"2017-08-25T21:14:11","modified_gmt":"2017-08-25T19:14:11","slug":"druck-machen","status":"publish","type":"post","link":"https:\/\/www.strickforum.de\/blog\/druck-machen\/","title":{"rendered":"Druck machen"},"content":{"rendered":"<p>Ich habe einen ziemlich antiken Tintenstrahldrucker, einen Epson Stylus Photo 870. Leider zeigt er in der letzten Zeit immer wieder Diva-All\u00fcren. Heute wollte ich beispielsweise Teile einer <a href=\"http:\/\/www.knitswirl.com\/?page_id=255\" target=\"_blank\" rel=\"noopener\">Errata-Seite<\/a> ausdrucken, um sie in das dazugeh\u00f6rige Buch zu legen, aber die Schwarz-Patrone zickte auch nach mehrmaliger D\u00fcsenreinigung. Schlie\u00dflich reichte es mir, und ich suchte im Internet nach einem neuen Drucker. Ein Farb-Laserdrucker sollte es sein. Diese Ger\u00e4te gibt es ja mittlerweile zu Preisen, die nicht wesentlich h\u00f6her sind als die eines Tintenstrahldruckers zu der Zeit, als der Epson gekauft wurde.<br \/>\nEin wenig erschrocken las ich dann, wieviel so ein Teil wiegt, wenn es verschickt wird: 43 (in Worten: dreiundvierzig) Kilogramm. Das schreckte mich mehr ab als der Preis. Ich beschloss, dem alten Epson sozusagen bei ge\u00f6ffneter Internet-H\u00e4ndlerseite noch eine letzte Chance zu geben.<\/p>\n<p><img data-recalc-dims=\"1\" loading=\"lazy\" decoding=\"async\" src=\"https:\/\/i0.wp.com\/www.strickforum.de\/blog\/media\/1\/20110710-epson-drucker.jpg?resize=450%2C412\" alt=\"Epson Drucker\" width=\"450\" height=\"412\" \/><\/p>\n<p>Deckel auf, manuelle Druckkopfreinigung gedr\u00fcckt und gewartet. Dann die Errata-Seite nochmals gedruckt. Voil\u00e0: ein nahezu perfektes Druckergebnis.<br \/>\nBestimmt hat der alte Drucker gesp\u00fcrt, dass es in diesem Moment f\u00fcr ihn um Sein oder Nichtsein ging.<\/p>\n","protected":false},"excerpt":{"rendered":"<p>Ich habe einen ziemlich antiken Tintenstrahldrucker, einen Epson Stylus Photo 870. Leider zeigt er in der letzten Zeit immer wieder Diva-All\u00fcren. Heute wollte ich beispielsweise Teile einer Errata-Seite ausdrucken, um sie in das dazugeh\u00f6rige Buch zu legen, aber die Schwarz-Patrone zickte auch nach mehrmaliger D\u00fcsenreinigung. Schlie\u00dflich reichte es mir, und ich suchte im Internet nach &hellip; <a href=\"https:\/\/www.strickforum.de\/blog\/druck-machen\/\" class=\"more-link\"><span class=\"screen-reader-text\">\u201eDruck machen\u201c <\/span>weiterlesen<\/a><\/p>\n","protected":false},"author":3,"featured_media":0,"comment_status":"open","ping_status":"open","sticky":false,"template":"","format":"standard","meta":{"_seopress_robots_primary_cat":"","_seopress_titles_title":"","_seopress_titles_desc":"","_seopress_robots_index":"","_crdt_document":"","jetpack_post_was_ever_published":false,"_jetpack_newsletter_access":"","_jetpack_dont_email_post_to_subs":false,"_jetpack_newsletter_tier_id":0,"_jetpack_memberships_contains_paywalled_content":false,"_jetpack_memberships_contains_paid_content":false,"footnotes":"","jetpack_publicize_message":"","jetpack_publicize_feature_enabled":true,"jetpack_social_post_already_shared":false,"jetpack_social_options":{"image_generator_settings":{"template":"highway","default_image_id":0,"font":"","enabled":false},"version":2}},"categories":[5],"tags":[],"class_list":["post-1202","post","type-post","status-publish","format-standard","hentry","category-5"],"jetpack_publicize_connections":[],"jetpack_featured_media_url":"","jetpack_sharing_enabled":true,"jetpack_shortlink":"https:\/\/wp.me\/p7JbSI-jo","jetpack-related-posts":[{"id":1839,"url":"https:\/\/www.strickforum.de\/blog\/die-verstrickte-dienstagsfrage-422014\/","url_meta":{"origin":1202,"position":0},"title":"Die verstrickte Dienstagsfrage 42\/2014","author":"Admin","date":"21. Oktober 2014","format":false,"excerpt":"Diese Woche stellt das Wollschaf eine Frage von Jana: Derzeit erweitere ich immer wieder meine B\u00fcchersammlung zum Thema Stricken. Daher interessiert es mich, was eure Bibliothek bisher so beinhaltet. Sind es Musterb\u00fccher, Grundlagenb\u00fccher, B\u00fccher zu bestimmten Themen wie Socken oder Oberteilen? Sind die B\u00fccher in eurer Muttersprache geschrieben oder nutzt\u2026","rel":"","context":"In &quot;Stricken&quot;","block_context":{"text":"Stricken","link":"https:\/\/www.strickforum.de\/blog\/category\/3\/"},"img":{"alt_text":"","src":"","width":0,"height":0},"classes":[]},{"id":2754,"url":"https:\/\/www.strickforum.de\/blog\/die-verstrickte-dienstagsfrage-21-2019\/","url_meta":{"origin":1202,"position":1},"title":"Die verstrickte Dienstagsfrage 21\/2019","author":"Admin","date":"11. Juni 2019","format":false,"excerpt":"Vorgestern habe ich festgestellt, dass es (wohl schon seit einiger Zeit) wieder Dienstagsfragen beim \"Wollkistchen\" gibt. Nun versuche ich, die aktuelle von heute zu beantworten, die, wie mein Blog mir verr\u00e4t, auch schon am 30. Oktober 2007 gestellt wurde. Das Internet ist voll von wundersch\u00f6nen und noch dazu kostenlosen Anleitungen\u2026","rel":"","context":"In &quot;Stricken&quot;","block_context":{"text":"Stricken","link":"https:\/\/www.strickforum.de\/blog\/category\/3\/"},"img":{"alt_text":"","src":"","width":0,"height":0},"classes":[]},{"id":1373,"url":"https:\/\/www.strickforum.de\/blog\/die-verstrickte-dienstagsfrage-202012\/","url_meta":{"origin":1202,"position":2},"title":"Die verstrickte Dienstagsfrage 20\/2012","author":"Admin","date":"15. Mai 2012","format":false,"excerpt":"Das Wollschaf zieht eine Frage aus dem Hut Archiv vom 22.03.2005: Wie sehen deine Aufzeichnungen f\u00fcr Strickprojekte aus? Strichliste, Tabellenkalkulation, Skizzen? Oder notierst du gar nichts? Das handhabe ich unterschiedlich. Zu fast jedem Projekt habe ich Notizen in meinem Projektbuch. Das sind aber in den seltensten F\u00e4llen vollst\u00e4ndige Anleitungen. Projekte,\u2026","rel":"","context":"In &quot;Stricken&quot;","block_context":{"text":"Stricken","link":"https:\/\/www.strickforum.de\/blog\/category\/3\/"},"img":{"alt_text":"","src":"","width":0,"height":0},"classes":[]},{"id":1697,"url":"https:\/\/www.strickforum.de\/blog\/noch-ein-weihnachtsgeschenk\/","url_meta":{"origin":1202,"position":3},"title":"Noch ein Weihnachtsgeschenk","author":"Admin","date":"30. Dezember 2013","format":false,"excerpt":"Diesen Nachdruck eines alten Handarbeitsbuches bekam ich ebenfalls zu Weihnachten geschenkt. Gedruckt ist das Buch in Fraktur, was sicherlich nicht jedermanns Sache ist; ich kann es aber m\u00fchelos lesen. Leider geht aus dem Nachdruck nicht hervor, wann das Buch urspr\u00fcnglich erschienen ist. Aufgrund diverser Hinweise im Internet vermute ich, dass\u2026","rel":"","context":"In &quot;Allgemeines&quot;","block_context":{"text":"Allgemeines","link":"https:\/\/www.strickforum.de\/blog\/category\/1\/"},"img":{"alt_text":"","src":"","width":0,"height":0},"classes":[]},{"id":682,"url":"https:\/\/www.strickforum.de\/blog\/abenteuer-zollamt\/","url_meta":{"origin":1202,"position":4},"title":"Abenteuer Zollamt","author":"Admin","date":"3. April 2009","format":false,"excerpt":"Vergangenen Monat, als es noch so kalt war, bestellte ich mir in Neuseeland beim Nature Shop (Tipp einer Freundin) zwei Paar warme, preiswerte Stiefel. Der n\u00e4chste Winter kommt ja bestimmt, und da werde ich sie gut gebrauchen k\u00f6nnen. Letzten Dienstag fand ich im Briefkasten eine Benachrichtigung des Paketzustellers, dass das\u2026","rel":"","context":"In &quot;Allgemeines&quot;","block_context":{"text":"Allgemeines","link":"https:\/\/www.strickforum.de\/blog\/category\/1\/"},"img":{"alt_text":"","src":"","width":0,"height":0},"classes":[]},{"id":1306,"url":"https:\/\/www.strickforum.de\/blog\/die-verstrickte-dienstagsfrage-32012\/","url_meta":{"origin":1202,"position":5},"title":"Die verstrickte Dienstagsfrage 3\/2012","author":"Admin","date":"17. Januar 2012","format":false,"excerpt":"Das Wollschaf fragt diese Woche: In den letzten Tagen habe ich in skandinavischen und baltischen Strickblogs des \u00f6fteren gelesen, dass viele den \u201cVorwand\u201d der Jahreszahl 2012 nehmen wollen, um besondere Projektreihen zu starten: Einige haben sich f\u00fcr 2012 vorgenommen, in 12 Monaten 20 Sockenpaare stricken, andere 12 Pullover in 12\u2026","rel":"","context":"In &quot;Stricken&quot;","block_context":{"text":"Stricken","link":"https:\/\/www.strickforum.de\/blog\/category\/3\/"},"img":{"alt_text":"","src":"","width":0,"height":0},"classes":[]}],"_links":{"self":[{"href":"https:\/\/www.strickforum.de\/blog\/wp-json\/wp\/v2\/posts\/1202","targetHints":{"allow":["GET"]}}],"collection":[{"href":"https:\/\/www.strickforum.de\/blog\/wp-json\/wp\/v2\/posts"}],"about":[{"href":"https:\/\/www.strickforum.de\/blog\/wp-json\/wp\/v2\/types\/post"}],"author":[{"embeddable":true,"href":"https:\/\/www.strickforum.de\/blog\/wp-json\/wp\/v2\/users\/3"}],"replies":[{"embeddable":true,"href":"https:\/\/www.strickforum.de\/blog\/wp-json\/wp\/v2\/comments?post=1202"}],"version-history":[{"count":1,"href":"https:\/\/www.strickforum.de\/blog\/wp-json\/wp\/v2\/posts\/1202\/revisions"}],"predecessor-version":[{"id":2376,"href":"https:\/\/www.strickforum.de\/blog\/wp-json\/wp\/v2\/posts\/1202\/revisions\/2376"}],"wp:attachment":[{"href":"https:\/\/www.strickforum.de\/blog\/wp-json\/wp\/v2\/media?parent=1202"}],"wp:term":[{"taxonomy":"category","embeddable":true,"href":"https:\/\/www.strickforum.de\/blog\/wp-json\/wp\/v2\/categories?post=1202"},{"taxonomy":"post_tag","embeddable":true,"href":"https:\/\/www.strickforum.de\/blog\/wp-json\/wp\/v2\/tags?post=1202"}],"curies":[{"name":"wp","href":"https:\/\/api.w.org\/{rel}","templated":true}]}}