{"id":1204,"date":"2011-07-13T19:03:04","date_gmt":"2011-07-13T17:03:04","guid":{"rendered":"http:\/\/www.strickforum.de\/blog\/?p=1204"},"modified":"2011-07-13T19:03:04","modified_gmt":"2011-07-13T17:03:04","slug":"die-verstrickte-dienstagsfrage-282011","status":"publish","type":"post","link":"https:\/\/www.strickforum.de\/blog\/die-verstrickte-dienstagsfrage-282011\/","title":{"rendered":"Die verstrickte Dienstagsfrage 28\/2011"},"content":{"rendered":"<p><b>Das <a href=\"http:\/\/daswollschaf.wordpress.com\/2011\/07\/12\/die-verstrickte-dienstagsfrage-282011\/#comments\" target=\"_blank\">Wollschaf<\/a> fragt diese Woche:<br \/>\nIch sortiere gerade meine Strickbuchsammlung neu und finde kein wirklich logisches Ordnungssystem. Daher w\u00fcrde mich mal interessieren, wie andere ihre Strick-Fachliteratur organisieren.<br \/>\nNach Autor? Nach Sachgebiet (Modellb\u00fccher, Mustersammlungen, Techniken)? Falls letzteres, was macht Ihr mit B\u00fcchern, die in mehrere Kategorien passen? Oder habt Ihr vielleicht ein ganz anderes System?<br \/>\nVielen Dank an <a href=\"http:\/\/www.tichiro.net\/\" target=\"_blank\">Tina<\/a> f\u00fcr die heutige Frage!<\/b><\/p>\n<p>Ich sortiere meine Strickb\u00fccher strikt alphabetisch nach Autor und innerhalb dieser Sortierung nach Jahr, soweit das m\u00f6glich ist. B\u00fccher, die keinen ausgewiesenen Autor haben, stehen am Ende der Reihe. Damit finde ich mich gut zurecht. Sortieren nach Kategorie hatte ich mal probiert, aber das fand ich unpraktisch. Da w\u00e4ren dann verschiedene Sub-Kategorien angefallen wie z.B. Mustersammlungen und Modellsammlungen f\u00fcrs Hand- und\/oder f\u00fcrs Maschinestricken; ich konnte mich nicht entscheiden, welche Kategorie die h\u00f6here sein sollte, es gab entsetzlich viele \u00dcberschneidungen, und alles in allem war es nicht sehr zielf\u00fchrend. Alphabetisch ist eindeutig und einfacher.<br \/>\nAllerdings wird der Platz bei mir mittlerweile knapp. Ich muss mal sehen, wie und wo ich zus\u00e4tzlichen Stauraum requirieren kann.<br \/>\nZeitschriften laufen \u00fcbrigens bei mir getrennt; die sind jedes Fabrikat f\u00fcr sich jahrgangsweise in Stehsammlern untergebracht. Und auch da wird&#8217;s allm\u00e4hlich eng&#8230;<\/p>\n","protected":false},"excerpt":{"rendered":"<p>Das Wollschaf fragt diese Woche: Ich sortiere gerade meine Strickbuchsammlung neu und finde kein wirklich logisches Ordnungssystem. Daher w\u00fcrde mich mal interessieren, wie andere ihre Strick-Fachliteratur organisieren. Nach Autor? Nach Sachgebiet (Modellb\u00fccher, Mustersammlungen, Techniken)? Falls letzteres, was macht Ihr mit B\u00fcchern, die in mehrere Kategorien passen? Oder habt Ihr vielleicht ein ganz anderes System? Vielen &hellip; <a href=\"https:\/\/www.strickforum.de\/blog\/die-verstrickte-dienstagsfrage-282011\/\" class=\"more-link\"><span class=\"screen-reader-text\">\u201eDie verstrickte Dienstagsfrage 28\/2011\u201c <\/span>weiterlesen<\/a><\/p>\n","protected":false},"author":3,"featured_media":0,"comment_status":"open","ping_status":"open","sticky":false,"template":"","format":"standard","meta":{"_seopress_robots_primary_cat":"","_seopress_titles_title":"","_seopress_titles_desc":"","_seopress_robots_index":"","_crdt_document":"","jetpack_post_was_ever_published":false,"_jetpack_newsletter_access":"","_jetpack_dont_email_post_to_subs":false,"_jetpack_newsletter_tier_id":0,"_jetpack_memberships_contains_paywalled_content":false,"_jetpack_memberships_contains_paid_content":false,"footnotes":"","jetpack_publicize_message":"","jetpack_publicize_feature_enabled":true,"jetpack_social_post_already_shared":false,"jetpack_social_options":{"image_generator_settings":{"template":"highway","default_image_id":0,"font":"","enabled":false},"version":2}},"categories":[6],"tags":[],"class_list":["post-1204","post","type-post","status-publish","format-standard","hentry","category-6"],"jetpack_publicize_connections":[],"jetpack_featured_media_url":"","jetpack_sharing_enabled":true,"jetpack_shortlink":"https:\/\/wp.me\/p7JbSI-jq","jetpack-related-posts":[{"id":1054,"url":"https:\/\/www.strickforum.de\/blog\/die-verstrickte-dienstagsfrage-452010\/","url_meta":{"origin":1204,"position":0},"title":"Die verstrickte Dienstagsfrage 45\/2010","author":"Admin","date":"9. November 2010","format":false,"excerpt":"Das Wollschaf fragt heute: Welche Strickb\u00fccher stehen \u00fcberwiegend in eurem Schrank? Hier eine Entscheidungshilfe, evtl. f\u00fcr eine Rangfolge: a) Musterb\u00fccher f\u00fcr die eigenen Designs b) Technik- und Grundlagenb\u00fccher wie von Katharina Buss, Hanna Jaacks, Nicky Epstein, etc.. c) Sockenanleitungen d) Designerb\u00fccher wie Starmore, Fassett, Schulz, etc. e) Magazine und Hefte\u2026","rel":"","context":"In &quot;Stricken&quot;","block_context":{"text":"Stricken","link":"https:\/\/www.strickforum.de\/blog\/category\/3\/"},"img":{"alt_text":"","src":"","width":0,"height":0},"classes":[]},{"id":361,"url":"https:\/\/www.strickforum.de\/blog\/meine-kleine-buchkritik-my-little-book-review-john-allens-treasury-of-machine-knitting-stitches\/","url_meta":{"origin":1204,"position":1},"title":"Meine kleine Buchkritik &#8211; my little book review: John Allen&#8217;s Treasury of Machine Knitting Stitches","author":"Admin","date":"22. M\u00e4rz 2008","format":false,"excerpt":"Dieses Buch enth\u00e4lt keine Anleitungen, sondern es ist eine Sammlung von Mustern f\u00fcr die Strickmaschine, \u00e4hnlich den Mustersammlungen f\u00fcrs Handstricken. Der Autor beschr\u00e4nkt sich dabei auf Einbett-Muster f\u00fcr Lochkarten-Maschinen (24-Maschen-Rapport). Die Mustertechniken sind Fangmuster, Lochmuster, verk\u00fcrzte Reihen, Jacquard (Norwegertechnik), Zopfmuster, aufgeschnittene Spannf\u00e4den, Webmuster und als Bonus eine eindrucksvolle Sammlung von\u2026","rel":"","context":"In &quot;Buchkritiken&quot;","block_context":{"text":"Buchkritiken","link":"https:\/\/www.strickforum.de\/blog\/category\/8\/"},"img":{"alt_text":"John Allen","src":"https:\/\/i0.wp.com\/www.strickforum.de\/blog\/media\/1\/20080322-allen_02a.jpg?resize=350%2C200","width":350,"height":200},"classes":[]},{"id":1803,"url":"https:\/\/www.strickforum.de\/blog\/die-verstrickte-dienstagsfrage-302014\/","url_meta":{"origin":1204,"position":2},"title":"Die verstrickte Dienstagsfrage 30\/2014","author":"Admin","date":"22. Juli 2014","format":false,"excerpt":"Diese Woche lautet die Wollschaf-Frage: Habt Ihr ein oder mehrere Lieblings-Strickb\u00fccher? Wenn ja, welche(s)? Aus welchem Buch habt Ihr bisher die meisten Modelle nachgestrickt? Welches Buch in Eurer Strickbibliothek hat Euch bisher den meisten Nutzen gebracht und warum? Leider habe ich kein richtiges Lieblings-Strickbuch, was m\u00f6glicherweise daran liegt, dass ich\u2026","rel":"","context":"In &quot;Stricken&quot;","block_context":{"text":"Stricken","link":"https:\/\/www.strickforum.de\/blog\/category\/3\/"},"img":{"alt_text":"","src":"","width":0,"height":0},"classes":[]},{"id":392,"url":"https:\/\/www.strickforum.de\/blog\/meine-kleine-buchkritik-my-little-book-review-catherine-cartwright-jones-roy-jones-enchanted-knitting\/","url_meta":{"origin":1204,"position":3},"title":"Meine kleine Buchkritik &#8211; My little book review: Catherine Cartwright-Jones, Roy Jones, &#8220;Enchanted Knitting&#8221;","author":"Admin","date":"17. Mai 2008","format":false,"excerpt":"Erschienen 1997 bei Interweave Press, 96 Seiten, US$19.95. Es ist in erster Linie eine Mustersammlung und enth\u00e4lt mehr als 200 Musterdiagramme in den verschiedensten Gr\u00f6\u00dfen und von teils ungew\u00f6hnlicher Thematik, so z.B. Totensch\u00e4del, tibetanische Drachen, mythologische Figuren sowie Bord\u00fcrenmuster. Obwohl man die Muster nat\u00fcrlich auch von Hand stricken kann, sind\u2026","rel":"","context":"In &quot;Buchkritiken&quot;","block_context":{"text":"Buchkritiken","link":"https:\/\/www.strickforum.de\/blog\/category\/8\/"},"img":{"alt_text":"\u201cEnchanted Knitting\u201d","src":"https:\/\/i0.wp.com\/www.strickforum.de\/blog\/media\/1\/20080517-enchantedknitting.jpg?resize=350%2C200","width":350,"height":200},"classes":[]},{"id":779,"url":"https:\/\/www.strickforum.de\/blog\/die-verstrickte-dienstagsfrage-352009\/","url_meta":{"origin":1204,"position":4},"title":"Die verstrickte Dienstagsfrage 35\/2009","author":"Admin","date":"25. August 2009","format":false,"excerpt":"Das Wollschaf fragt: Tammina w\u00fcrde gerne wissen, wie lange Ihr Eure Strickzeitschriften aufbewahrt: Nur f\u00fcr die Saison, ein Jahr oder l\u00e4nger? Werden aussortierte Hefte weggeworfen, verkauft oder verschenkt? Archiviert Ihr einzelne Anleitungen aus Heften? Herzlichen Dank an Tammina f\u00fcr die heutige Frage! Das meiste bewahre ich ewig auf. K\u00f6nnte ja\u2026","rel":"","context":"In &quot;Stricken&quot;","block_context":{"text":"Stricken","link":"https:\/\/www.strickforum.de\/blog\/category\/3\/"},"img":{"alt_text":"","src":"","width":0,"height":0},"classes":[]},{"id":2647,"url":"https:\/\/www.strickforum.de\/blog\/bernd-kestlers-mittens\/","url_meta":{"origin":1204,"position":5},"title":"Bernd Kestler&#8217;s Mittens","author":"Admin","date":"25. Januar 2019","format":false,"excerpt":"Es war noch im November, als ich irgendwo im Web auf das Titelbild dieses Buchs stie\u00df. Es ist von einem deutschen Autor namens Bernd Kestler in japanischer Sprache verfasst (der Gute lebt schon seit Jahrzehnten in Japan), und es enth\u00e4lt \u00fcber 30 Anleitungen in verschiedenen Gr\u00f6\u00dfen f\u00fcr ungew\u00f6hnliche F\u00e4ustlinge sowie\u2026","rel":"","context":"In &quot;Buchkritiken&quot;","block_context":{"text":"Buchkritiken","link":"https:\/\/www.strickforum.de\/blog\/category\/8\/"},"img":{"alt_text":"Bernd Kestler's Mittens","src":"https:\/\/i0.wp.com\/www.strickforum.de\/blog\/wp-content\/uploads\/2019\/01\/bernd-kestler_mitts.jpg?resize=350%2C200&ssl=1","width":350,"height":200,"srcset":"https:\/\/i0.wp.com\/www.strickforum.de\/blog\/wp-content\/uploads\/2019\/01\/bernd-kestler_mitts.jpg?resize=350%2C200&ssl=1 1x, https:\/\/i0.wp.com\/www.strickforum.de\/blog\/wp-content\/uploads\/2019\/01\/bernd-kestler_mitts.jpg?resize=525%2C300&ssl=1 1.5x, https:\/\/i0.wp.com\/www.strickforum.de\/blog\/wp-content\/uploads\/2019\/01\/bernd-kestler_mitts.jpg?resize=700%2C400&ssl=1 2x"},"classes":[]}],"_links":{"self":[{"href":"https:\/\/www.strickforum.de\/blog\/wp-json\/wp\/v2\/posts\/1204","targetHints":{"allow":["GET"]}}],"collection":[{"href":"https:\/\/www.strickforum.de\/blog\/wp-json\/wp\/v2\/posts"}],"about":[{"href":"https:\/\/www.strickforum.de\/blog\/wp-json\/wp\/v2\/types\/post"}],"author":[{"embeddable":true,"href":"https:\/\/www.strickforum.de\/blog\/wp-json\/wp\/v2\/users\/3"}],"replies":[{"embeddable":true,"href":"https:\/\/www.strickforum.de\/blog\/wp-json\/wp\/v2\/comments?post=1204"}],"version-history":[{"count":0,"href":"https:\/\/www.strickforum.de\/blog\/wp-json\/wp\/v2\/posts\/1204\/revisions"}],"wp:attachment":[{"href":"https:\/\/www.strickforum.de\/blog\/wp-json\/wp\/v2\/media?parent=1204"}],"wp:term":[{"taxonomy":"category","embeddable":true,"href":"https:\/\/www.strickforum.de\/blog\/wp-json\/wp\/v2\/categories?post=1204"},{"taxonomy":"post_tag","embeddable":true,"href":"https:\/\/www.strickforum.de\/blog\/wp-json\/wp\/v2\/tags?post=1204"}],"curies":[{"name":"wp","href":"https:\/\/api.w.org\/{rel}","templated":true}]}}