{"id":1233,"date":"2011-09-15T18:44:00","date_gmt":"2011-09-15T16:44:00","guid":{"rendered":"http:\/\/www.strickforum.de\/blog\/?p=1233"},"modified":"2011-09-15T18:44:00","modified_gmt":"2011-09-15T16:44:00","slug":"die-verstrickte-dienstagsfrage-372011","status":"publish","type":"post","link":"https:\/\/www.strickforum.de\/blog\/die-verstrickte-dienstagsfrage-372011\/","title":{"rendered":"Die verstrickte Dienstagsfrage 37\/2011"},"content":{"rendered":"<p><b>Das <a href=\"http:\/\/daswollschaf.wordpress.com\/2011\/09\/13\/die-verstrickte-dienstagsfrage-372011\/#comments\" target=\"_blank\">Wollschaf<\/a> fragt diese Woche:<br \/>\nWurde schon jemandem von euch das Stricken verboten?<br \/>\nVielen Dank an <a href=\"http:\/\/www.stricktagebuch.de\/stb.php?stbid=141&amp;datstart=0\" target=\"_blank\">Michaela<\/a> f\u00fcr die heutige Frage!<\/b><\/p>\n<p>Diese Woche bin ich etwas sp\u00e4t dran, aber das macht hoffentlich nichts. <br \/>\nSo richtig verboten wurde mir das Stricken noch nie. Mein Ex-Mann und ich hatten aber seinerzeit eine Art Abkommen, dass nach 21:00 nicht mehr an der Strickmaschine gestrickt w\u00fcrde. Da ich damals (wie auch heute) einen Vollzeit-Job hatte, folglich nur abends zum Stricken kam und praktisch gar nicht mit der Hand strickte, begrenzte das meine Strickzeit automatisch.<br \/>\nDass die Ehe scheiterte, war allerdings nicht auf meine Strickbegeisterung zur\u00fcckzuf\u00fchren. \ud83d\ude09<\/p>\n","protected":false},"excerpt":{"rendered":"<p>Das Wollschaf fragt diese Woche: Wurde schon jemandem von euch das Stricken verboten? Vielen Dank an Michaela f\u00fcr die heutige Frage! Diese Woche bin ich etwas sp\u00e4t dran, aber das macht hoffentlich nichts. So richtig verboten wurde mir das Stricken noch nie. Mein Ex-Mann und ich hatten aber seinerzeit eine Art Abkommen, dass nach 21:00 &hellip; <a href=\"https:\/\/www.strickforum.de\/blog\/die-verstrickte-dienstagsfrage-372011\/\" class=\"more-link\"><span class=\"screen-reader-text\">\u201eDie verstrickte Dienstagsfrage 37\/2011\u201c <\/span>weiterlesen<\/a><\/p>\n","protected":false},"author":3,"featured_media":0,"comment_status":"open","ping_status":"open","sticky":false,"template":"","format":"standard","meta":{"_seopress_robots_primary_cat":"","_seopress_titles_title":"","_seopress_titles_desc":"","_seopress_robots_index":"","_crdt_document":"","jetpack_post_was_ever_published":false,"_jetpack_newsletter_access":"","_jetpack_dont_email_post_to_subs":false,"_jetpack_newsletter_tier_id":0,"_jetpack_memberships_contains_paywalled_content":false,"_jetpack_memberships_contains_paid_content":false,"footnotes":"","jetpack_publicize_message":"","jetpack_publicize_feature_enabled":true,"jetpack_social_post_already_shared":false,"jetpack_social_options":{"image_generator_settings":{"template":"highway","default_image_id":0,"font":"","enabled":false},"version":2}},"categories":[6],"tags":[],"class_list":["post-1233","post","type-post","status-publish","format-standard","hentry","category-6"],"jetpack_publicize_connections":[],"jetpack_featured_media_url":"","jetpack_sharing_enabled":true,"jetpack_shortlink":"https:\/\/wp.me\/p7JbSI-jT","jetpack-related-posts":[{"id":1193,"url":"https:\/\/www.strickforum.de\/blog\/die-verstrickte-dienstagsfrage-252011\/","url_meta":{"origin":1233,"position":0},"title":"Die verstrickte Dienstagsfrage 25\/2011","author":"Admin","date":"21. Juni 2011","format":false,"excerpt":"Das Wollschaf fragt diese Woche: Irgendwann m\u00fcssen wir dran denken, aus diesem Leben abzutreten. Was habt ihr f\u00fcr diesen Fall f\u00fcr eure Garne, Strickanleitungen und das ganze Strickzubeh\u00f6r verf\u00fcgt? Immerhin besitzen einige ja beachtliche Werte. Ich bin schon gespannt und erhoffe mir Anregungen. Vielen Dank an Michaela f\u00fcr die heutige\u2026","rel":"","context":"In &quot;Stricken&quot;","block_context":{"text":"Stricken","link":"https:\/\/www.strickforum.de\/blog\/category\/3\/"},"img":{"alt_text":"","src":"","width":0,"height":0},"classes":[]},{"id":1521,"url":"https:\/\/www.strickforum.de\/blog\/die-verstrickte-dienstagsfrage-82013\/","url_meta":{"origin":1233,"position":1},"title":"Die verstrickte Dienstagsfrage 8\/2013","author":"Admin","date":"19. Februar 2013","format":false,"excerpt":"Diese Woche fragt das Wollschaf: Irgendwann haben alle einmal das Stricken freiwillig oder durch einen Bildungsplan verordnet gelernt. Erinnert ihr euch noch, wie das war? Was machte euch die meisten Probleme? Wann fing es an, euch richtig zu packen? Vielen Dank an Michaela f\u00fcr die heutige Frage! Meine ersten Strickversuche\u2026","rel":"","context":"In &quot;Stricken&quot;","block_context":{"text":"Stricken","link":"https:\/\/www.strickforum.de\/blog\/category\/3\/"},"img":{"alt_text":"","src":"","width":0,"height":0},"classes":[]},{"id":1511,"url":"https:\/\/www.strickforum.de\/blog\/die-verstrickte-dienstagsfrage-62013\/","url_meta":{"origin":1233,"position":2},"title":"Die verstrickte Dienstagsfrage 6\/2013","author":"Admin","date":"6. Februar 2013","format":false,"excerpt":"Diese Woche fragt das Wollschaf: Angeregt von den aktuellen Beitr\u00e4gen auf Tichiros Blog \u00fcber explodierende Preise von vergriffenen Strickb\u00fcchern oder alten Rowan-Heften w\u00fcrde mich mal interessieren: Wieviel seid Ihr bereit, f\u00fcr ein vergriffenes Heft oder Buch zu bezahlen \u2013 wo liegt eure Schmerzgrenze? Meine teuerste Anschaffung in diesem Bereich war\u2026","rel":"","context":"In &quot;Stricken&quot;","block_context":{"text":"Stricken","link":"https:\/\/www.strickforum.de\/blog\/category\/3\/"},"img":{"alt_text":"","src":"","width":0,"height":0},"classes":[]},{"id":1421,"url":"https:\/\/www.strickforum.de\/blog\/die-verstrickte-dienstagsfrage-342012\/","url_meta":{"origin":1233,"position":3},"title":"Die verstrickte Dienstagsfrage 34\/2012","author":"Admin","date":"21. August 2012","format":false,"excerpt":"Diese Woche fragt das Wollschaf: Was sch\u00e4tzt ihr: Wie viele Kilogramm Garn habt ihr in eurem Strickleben schon verarbeitet? Und wie viele Kilometer? Vielen Dank an Michaela f\u00fcr die heutige Frage! Gute G\u00fcte, jetzt geht's um gro\u00dfe Zahlen und hinunter in die Tiefen der Vergangenheit. :-) F\u00fcr die ersten Jahre\u2026","rel":"","context":"In &quot;Stricken&quot;","block_context":{"text":"Stricken","link":"https:\/\/www.strickforum.de\/blog\/category\/3\/"},"img":{"alt_text":"","src":"","width":0,"height":0},"classes":[]},{"id":1699,"url":"https:\/\/www.strickforum.de\/blog\/die-verstrickte-dienstagsfrage-12014\/","url_meta":{"origin":1233,"position":4},"title":"Die verstrickte Dienstagsfrage 1\/2014","author":"Admin","date":"31. Dezember 2013","format":false,"excerpt":"Diese Woche fragt das Wollschaf: Mir ist aufgefallen, dass viele Strickerinnen (und H\u00e4klerinnen) Haustiere haben. Hast Du auch eines? Was f\u00fcr eines? Hast Du es schon bestrickt oder beh\u00e4kelt? Mit was? Vielen Dank an Lavendelmaschen f\u00fcr die heutige Frage! \u201cGoldfische k\u00f6nnen wir uns nicht leisten, wir haben nur Silberfischchen\u201d. Derzeit\u2026","rel":"","context":"In &quot;Allgemeines&quot;","block_context":{"text":"Allgemeines","link":"https:\/\/www.strickforum.de\/blog\/category\/1\/"},"img":{"alt_text":"","src":"","width":0,"height":0},"classes":[]},{"id":1240,"url":"https:\/\/www.strickforum.de\/blog\/die-verstrickte-dienstagsfrage-392011\/","url_meta":{"origin":1233,"position":5},"title":"Die verstrickte Dienstagsfrage 39\/2011","author":"Admin","date":"27. September 2011","format":false,"excerpt":"Das Wollschaf fragt diesmal: Hast Du schon mal einen Strickauftrag bekommen \u2013 von wem auch immer? Wie lief Dein erster Auftrag ab? Vielen Dank an Angela f\u00fcr die heutige Frage! Ich habe fr\u00fcher sehr viele Auftr\u00e4ge bekommen und auch gestrickt. Es begann 1987, nachdem ich mir eine Strickmaschine gekauft hatte.\u2026","rel":"","context":"In &quot;Stricken&quot;","block_context":{"text":"Stricken","link":"https:\/\/www.strickforum.de\/blog\/category\/3\/"},"img":{"alt_text":"","src":"","width":0,"height":0},"classes":[]}],"_links":{"self":[{"href":"https:\/\/www.strickforum.de\/blog\/wp-json\/wp\/v2\/posts\/1233","targetHints":{"allow":["GET"]}}],"collection":[{"href":"https:\/\/www.strickforum.de\/blog\/wp-json\/wp\/v2\/posts"}],"about":[{"href":"https:\/\/www.strickforum.de\/blog\/wp-json\/wp\/v2\/types\/post"}],"author":[{"embeddable":true,"href":"https:\/\/www.strickforum.de\/blog\/wp-json\/wp\/v2\/users\/3"}],"replies":[{"embeddable":true,"href":"https:\/\/www.strickforum.de\/blog\/wp-json\/wp\/v2\/comments?post=1233"}],"version-history":[{"count":0,"href":"https:\/\/www.strickforum.de\/blog\/wp-json\/wp\/v2\/posts\/1233\/revisions"}],"wp:attachment":[{"href":"https:\/\/www.strickforum.de\/blog\/wp-json\/wp\/v2\/media?parent=1233"}],"wp:term":[{"taxonomy":"category","embeddable":true,"href":"https:\/\/www.strickforum.de\/blog\/wp-json\/wp\/v2\/categories?post=1233"},{"taxonomy":"post_tag","embeddable":true,"href":"https:\/\/www.strickforum.de\/blog\/wp-json\/wp\/v2\/tags?post=1233"}],"curies":[{"name":"wp","href":"https:\/\/api.w.org\/{rel}","templated":true}]}}