{"id":1236,"date":"2011-09-20T19:00:00","date_gmt":"2011-09-20T17:00:00","guid":{"rendered":"http:\/\/www.strickforum.de\/blog\/?p=1236"},"modified":"2011-09-20T19:00:00","modified_gmt":"2011-09-20T17:00:00","slug":"die-verstrickte-dienstagsfrage-382011","status":"publish","type":"post","link":"https:\/\/www.strickforum.de\/blog\/die-verstrickte-dienstagsfrage-382011\/","title":{"rendered":"Die verstrickte Dienstagsfrage 38\/2011"},"content":{"rendered":"<p><b>Das <a href=\"http:\/\/daswollschaf.wordpress.com\/2011\/09\/20\/die-verstrickte-dienstagsfrage-382011\/#comments\" target=\"_blank\">Wollschaf<\/a> fragt diese Woche:<br \/>\nMich w\u00fcrde interessieren, wie andere ihre &#8220;To do&#8221;-Liste verwalten. Ich habe f\u00fcr mich den Eindruck, da\u00df ich wie ein Hamster Anleitungen und Anregungen sammle und diese dann wieder vergesse. Irgendwann f\u00e4llt mir die Anleitung oder ein Bild in die H\u00e4nde und ich denke: &#8220;Ach, das wolltest du ja auch mal machen.&#8221; Wie behalten andere Strickerinnen den \u00dcberblick? Schreibt man sich alles auf (quasi mit Heft- und Modellnummer oder -name), arbeitet man mit Postits? Ich hab mir auch schon Ordner mit PDF-Dateien angelegt \u2013 aber auch die schaue ich ja dann nicht st\u00e4ndig an. Vielleicht hat ja jemand eine z\u00fcndende Idee.<br \/>\nVielen Dank an Iris f\u00fcr die heutige Frage!<\/b><\/p>\n<p>Das Problem ist mir bekannt, aber ich habe auch keine perfekte L\u00f6sung daf\u00fcr. Ich habe es versucht mit Zetteln (die verloren gingen), Notizheften (die zweckentfremdet wurden) und Dateien (die einmal angelegt und dann nie wieder ge\u00f6ffnet wurden). Ich habe es auch mit der allseits beliebten Ravelry-Queue probiert. Aber da schaue ich zu selten hinein, und au\u00dferdem habe ich nicht immer einen Rechner vor der Nase, wenn ich \u00fcberlege, was als n\u00e4chstes gestrickt werden sollte. Erschwerend kommt hinzu, dass mein Geschmack und meine Strick-Interessen sich immer wieder \u00e4ndern. Sachen, die ich vor ein oder zwei Jahren noch toll fand, w\u00fcrden mich jetzt nicht mehr hinterm Ofen hervorlocken und umgekehrt. Au\u00dferdem kommen st\u00e4ndig so viele neue und interessante Anleitungen auf den Markt, dass es schrecklich w\u00e4re, wenn man wirklich der Reihe nach alles abarbeiten m\u00fcsste, was man irgendwann mal in die Warteschlange aufgenommen hat. <br \/>\nDeshalb entscheide ich ziemlich spontan und planlos, daf\u00fcr aber meistens orientiert am aktuellen Bedarf, was als n\u00e4chstes gestrickt wird. <\/p>\n","protected":false},"excerpt":{"rendered":"<p>Das Wollschaf fragt diese Woche: Mich w\u00fcrde interessieren, wie andere ihre &#8220;To do&#8221;-Liste verwalten. Ich habe f\u00fcr mich den Eindruck, da\u00df ich wie ein Hamster Anleitungen und Anregungen sammle und diese dann wieder vergesse. Irgendwann f\u00e4llt mir die Anleitung oder ein Bild in die H\u00e4nde und ich denke: &#8220;Ach, das wolltest du ja auch mal &hellip; <a href=\"https:\/\/www.strickforum.de\/blog\/die-verstrickte-dienstagsfrage-382011\/\" class=\"more-link\"><span class=\"screen-reader-text\">\u201eDie verstrickte Dienstagsfrage 38\/2011\u201c <\/span>weiterlesen<\/a><\/p>\n","protected":false},"author":3,"featured_media":0,"comment_status":"open","ping_status":"open","sticky":false,"template":"","format":"standard","meta":{"_seopress_robots_primary_cat":"","_seopress_titles_title":"","_seopress_titles_desc":"","_seopress_robots_index":"","_crdt_document":"","jetpack_post_was_ever_published":false,"_jetpack_newsletter_access":"","_jetpack_dont_email_post_to_subs":false,"_jetpack_newsletter_tier_id":0,"_jetpack_memberships_contains_paywalled_content":false,"_jetpack_memberships_contains_paid_content":false,"footnotes":"","jetpack_publicize_message":"","jetpack_publicize_feature_enabled":true,"jetpack_social_post_already_shared":false,"jetpack_social_options":{"image_generator_settings":{"template":"highway","default_image_id":0,"font":"","enabled":false},"version":2}},"categories":[6],"tags":[],"class_list":["post-1236","post","type-post","status-publish","format-standard","hentry","category-6"],"jetpack_publicize_connections":[],"jetpack_featured_media_url":"","jetpack_sharing_enabled":true,"jetpack_shortlink":"https:\/\/wp.me\/p7JbSI-jW","jetpack-related-posts":[{"id":779,"url":"https:\/\/www.strickforum.de\/blog\/die-verstrickte-dienstagsfrage-352009\/","url_meta":{"origin":1236,"position":0},"title":"Die verstrickte Dienstagsfrage 35\/2009","author":"Admin","date":"25. August 2009","format":false,"excerpt":"Das Wollschaf fragt: Tammina w\u00fcrde gerne wissen, wie lange Ihr Eure Strickzeitschriften aufbewahrt: Nur f\u00fcr die Saison, ein Jahr oder l\u00e4nger? Werden aussortierte Hefte weggeworfen, verkauft oder verschenkt? Archiviert Ihr einzelne Anleitungen aus Heften? Herzlichen Dank an Tammina f\u00fcr die heutige Frage! Das meiste bewahre ich ewig auf. K\u00f6nnte ja\u2026","rel":"","context":"In &quot;Stricken&quot;","block_context":{"text":"Stricken","link":"https:\/\/www.strickforum.de\/blog\/category\/3\/"},"img":{"alt_text":"","src":"","width":0,"height":0},"classes":[]},{"id":1075,"url":"https:\/\/www.strickforum.de\/blog\/die-verstrickte-dienstagsfrage-502010\/","url_meta":{"origin":1236,"position":1},"title":"Die verstrickte Dienstagsfrage 50\/2010","author":"Admin","date":"14. Dezember 2010","format":false,"excerpt":"Das Wollschaf fragt diesmal: Macht ihr Euch Notizen w\u00e4hrend der Strickarbeit und wenn ja wie? Nur zu eigenen Entw\u00fcrfen oder auch in fertigen Schnittmustern? Was macht ihr damit, wenn ihr fertig seid \u2013 entsorgen oder abheften? Vielen Dank an Mneme f\u00fcr die heutige Frage! Bei selbst entworfenen Modellen mache ich\u2026","rel":"","context":"In &quot;Stricken&quot;","block_context":{"text":"Stricken","link":"https:\/\/www.strickforum.de\/blog\/category\/3\/"},"img":{"alt_text":"","src":"","width":0,"height":0},"classes":[]},{"id":1038,"url":"https:\/\/www.strickforum.de\/blog\/die-verstrickte-dienstagsfrage-412010\/","url_meta":{"origin":1236,"position":2},"title":"Die verstrickte Dienstagsfrage 41\/2010","author":"Admin","date":"12. Oktober 2010","format":false,"excerpt":"Das Wollschaf fragt heute: Du hast dir ein Strickheft gekauft und es dir gem\u00fctlich gemacht, um es zu lesen. Wie gehst du vor? 1. Ich beginne mit dem Editorial oder dem Inhaltsverzeichnis und lese Seite f\u00fcr Seite bis zum Schluss. Die Anleitungen beachte ich nicht. 2. Ich \u00fcberfliege nur alles\u2026","rel":"","context":"In &quot;Stricken&quot;","block_context":{"text":"Stricken","link":"https:\/\/www.strickforum.de\/blog\/category\/3\/"},"img":{"alt_text":"neue Handarbeitszeitschriften","src":"https:\/\/i0.wp.com\/www.strickforum.de\/blog\/media\/1\/20101012-zeitschriften.jpg?resize=350%2C200","width":350,"height":200},"classes":[]},{"id":1152,"url":"https:\/\/www.strickforum.de\/blog\/die-verstrickte-dienstagsfrage-122011\/","url_meta":{"origin":1236,"position":3},"title":"Die verstrickte Dienstagsfrage 12\/2011","author":"Admin","date":"22. M\u00e4rz 2011","format":false,"excerpt":"Das Wollschaf fragt diesmal: Wie archiviert ihr eure Zeitschriften und Anleitungen? In Ordnern, einscannen, lose Sammlungen? Sortiert ihr nach Themen, Jahrg\u00e4ngen oder \u00e4hnlichem. Wie merkt ihr euch die Dinge die gestrickt werden sollen? Vielen Dank an Stefanie f\u00fcr die heutige Frage! Zeitschriften kommen sortiert nach Jahr und Monat in Stehsammler,\u2026","rel":"","context":"In &quot;Stricken&quot;","block_context":{"text":"Stricken","link":"https:\/\/www.strickforum.de\/blog\/category\/3\/"},"img":{"alt_text":"","src":"","width":0,"height":0},"classes":[]},{"id":1803,"url":"https:\/\/www.strickforum.de\/blog\/die-verstrickte-dienstagsfrage-302014\/","url_meta":{"origin":1236,"position":4},"title":"Die verstrickte Dienstagsfrage 30\/2014","author":"Admin","date":"22. Juli 2014","format":false,"excerpt":"Diese Woche lautet die Wollschaf-Frage: Habt Ihr ein oder mehrere Lieblings-Strickb\u00fccher? Wenn ja, welche(s)? Aus welchem Buch habt Ihr bisher die meisten Modelle nachgestrickt? Welches Buch in Eurer Strickbibliothek hat Euch bisher den meisten Nutzen gebracht und warum? Leider habe ich kein richtiges Lieblings-Strickbuch, was m\u00f6glicherweise daran liegt, dass ich\u2026","rel":"","context":"In &quot;Stricken&quot;","block_context":{"text":"Stricken","link":"https:\/\/www.strickforum.de\/blog\/category\/3\/"},"img":{"alt_text":"","src":"","width":0,"height":0},"classes":[]},{"id":357,"url":"https:\/\/www.strickforum.de\/blog\/brazilia-anleitungen-brazilia-instructions\/","url_meta":{"origin":1236,"position":5},"title":"Brazilia-Anleitungen &#8211; Brazilia Instructions","author":"Admin","date":"13. M\u00e4rz 2008","format":false,"excerpt":"Neulich schickte mir eine fr\u00fchere Kollegin, die meine Strickbegeisterung kennt, ein kleines Heft mit Anleitungen, das \u201cBrazilia-Journal\u201d mit den Modellen 5605 bis 5618, das sind Schals, kleine T\u00fccher, Ketten, M\u00fctzen und \u00e4hnliches. Nun bin ich ja nicht so der gro\u00dfe Fan von Effektgarnen und \u00fcberlegte zuerst, das Heftchen weiterzuverschenken. Beim\u2026","rel":"","context":"In &quot;Stricken&quot;","block_context":{"text":"Stricken","link":"https:\/\/www.strickforum.de\/blog\/category\/3\/"},"img":{"alt_text":"Karomuster, square pattern","src":"https:\/\/i0.wp.com\/www.strickforum.de\/blog\/media\/1\/20080313-karomuster_braziliajournal.jpg?resize=350%2C200","width":350,"height":200},"classes":[]}],"_links":{"self":[{"href":"https:\/\/www.strickforum.de\/blog\/wp-json\/wp\/v2\/posts\/1236","targetHints":{"allow":["GET"]}}],"collection":[{"href":"https:\/\/www.strickforum.de\/blog\/wp-json\/wp\/v2\/posts"}],"about":[{"href":"https:\/\/www.strickforum.de\/blog\/wp-json\/wp\/v2\/types\/post"}],"author":[{"embeddable":true,"href":"https:\/\/www.strickforum.de\/blog\/wp-json\/wp\/v2\/users\/3"}],"replies":[{"embeddable":true,"href":"https:\/\/www.strickforum.de\/blog\/wp-json\/wp\/v2\/comments?post=1236"}],"version-history":[{"count":0,"href":"https:\/\/www.strickforum.de\/blog\/wp-json\/wp\/v2\/posts\/1236\/revisions"}],"wp:attachment":[{"href":"https:\/\/www.strickforum.de\/blog\/wp-json\/wp\/v2\/media?parent=1236"}],"wp:term":[{"taxonomy":"category","embeddable":true,"href":"https:\/\/www.strickforum.de\/blog\/wp-json\/wp\/v2\/categories?post=1236"},{"taxonomy":"post_tag","embeddable":true,"href":"https:\/\/www.strickforum.de\/blog\/wp-json\/wp\/v2\/tags?post=1236"}],"curies":[{"name":"wp","href":"https:\/\/api.w.org\/{rel}","templated":true}]}}