{"id":1243,"date":"2011-09-29T19:44:06","date_gmt":"2011-09-29T17:44:06","guid":{"rendered":"http:\/\/www.strickforum.de\/blog\/?p=1243"},"modified":"2011-09-29T19:44:06","modified_gmt":"2011-09-29T17:44:06","slug":"nicht-immer-nur-etwas-anfangen","status":"publish","type":"post","link":"https:\/\/www.strickforum.de\/blog\/nicht-immer-nur-etwas-anfangen\/","title":{"rendered":"Nicht immer nur etwas anfangen"},"content":{"rendered":"<p>Damit es nicht so scheint, als w\u00fcrde ich am laufenden Band nur neue Strickprojekte beginnen, pr\u00e4sentiere ich heute mal etwas Fertiges: <\/p>\n<p><img data-recalc-dims=\"1\" loading=\"lazy\" decoding=\"async\" src=\"https:\/\/i0.wp.com\/www.strickforum.de\/images\/blog\/arietta_450.jpg?resize=450%2C420\" width=\"450\" height=\"420\" alt=\"Arietta Schal\" title=\"Arietta Schal\" \/><\/p>\n<p>Arietta nach einer <a href=\"http:\/\/www.ravelry.com\/patterns\/library\/arietta-2\" target=\"_blank\">Anleitung von \u00c5sa Tricosa<\/a> (Ravelry-Link), ein flacher Dreieck-Schal aus einem Rest (60 g) einer d\u00fcnnen Wollmischung, die Dagmar von der <a href=\"http:\/\/www.wollerey.de\" target=\"_blank\">Wollerey<\/a> mal f\u00fcr ein gr\u00f6\u00dferes Projekt eigens f\u00fcr mich gef\u00e4rbt hatte. Die Anleitung enth\u00e4lt Strickschriften und ist verst\u00e4ndlich geschrieben; und das Tuch l\u00e4sst sich in fast jeder beliebigen Gr\u00f6\u00dfe stricken: Wenn knapp die H\u00e4lfte des vorhandenen Garns verbraucht und ein Rapport beendet ist, f\u00e4ngt man mit den Abnahmen an.<br \/>\nWeil das Garn, anders als &#8220;richtiges&#8221; Lace-Garn, relativ elastisch ist, habe ich das Tuch nur glattgestrichen, aber nicht kr\u00e4ftig gespannt. Das Muster kommt trotzdem sehr sch\u00f6n zur Geltung. Das Tuch ist etwa 150 cm lang und 42 cm hoch an der breitesten Stelle.<\/p>\n","protected":false},"excerpt":{"rendered":"<p>Damit es nicht so scheint, als w\u00fcrde ich am laufenden Band nur neue Strickprojekte beginnen, pr\u00e4sentiere ich heute mal etwas Fertiges: Arietta nach einer Anleitung von \u00c5sa Tricosa (Ravelry-Link), ein flacher Dreieck-Schal aus einem Rest (60 g) einer d\u00fcnnen Wollmischung, die Dagmar von der Wollerey mal f\u00fcr ein gr\u00f6\u00dferes Projekt eigens f\u00fcr mich gef\u00e4rbt hatte. &hellip; <a href=\"https:\/\/www.strickforum.de\/blog\/nicht-immer-nur-etwas-anfangen\/\" class=\"more-link\"><span class=\"screen-reader-text\">\u201eNicht immer nur etwas anfangen\u201c <\/span>weiterlesen<\/a><\/p>\n","protected":false},"author":3,"featured_media":0,"comment_status":"open","ping_status":"open","sticky":false,"template":"","format":"standard","meta":{"_seopress_robots_primary_cat":"","_seopress_titles_title":"","_seopress_titles_desc":"","_seopress_robots_index":"","_crdt_document":"","jetpack_post_was_ever_published":false,"_jetpack_newsletter_access":"","_jetpack_dont_email_post_to_subs":false,"_jetpack_newsletter_tier_id":0,"_jetpack_memberships_contains_paywalled_content":false,"_jetpack_memberships_contains_paid_content":false,"footnotes":"","jetpack_publicize_message":"","jetpack_publicize_feature_enabled":true,"jetpack_social_post_already_shared":false,"jetpack_social_options":{"image_generator_settings":{"template":"highway","default_image_id":0,"font":"","enabled":false},"version":2}},"categories":[6],"tags":[],"class_list":["post-1243","post","type-post","status-publish","format-standard","hentry","category-6"],"jetpack_publicize_connections":[],"jetpack_featured_media_url":"","jetpack_sharing_enabled":true,"jetpack_shortlink":"https:\/\/wp.me\/p7JbSI-k3","jetpack-related-posts":[{"id":1373,"url":"https:\/\/www.strickforum.de\/blog\/die-verstrickte-dienstagsfrage-202012\/","url_meta":{"origin":1243,"position":0},"title":"Die verstrickte Dienstagsfrage 20\/2012","author":"Admin","date":"15. Mai 2012","format":false,"excerpt":"Das Wollschaf zieht eine Frage aus dem Hut Archiv vom 22.03.2005: Wie sehen deine Aufzeichnungen f\u00fcr Strickprojekte aus? Strichliste, Tabellenkalkulation, Skizzen? Oder notierst du gar nichts? Das handhabe ich unterschiedlich. Zu fast jedem Projekt habe ich Notizen in meinem Projektbuch. Das sind aber in den seltensten F\u00e4llen vollst\u00e4ndige Anleitungen. Projekte,\u2026","rel":"","context":"In &quot;Stricken&quot;","block_context":{"text":"Stricken","link":"https:\/\/www.strickforum.de\/blog\/category\/3\/"},"img":{"alt_text":"","src":"","width":0,"height":0},"classes":[]},{"id":2898,"url":"https:\/\/www.strickforum.de\/blog\/wips-zuwenig-genau-richtig-zuviel\/","url_meta":{"origin":1243,"position":1},"title":"WIPs: Zuwenig? Genau richtig? Zuviel?","author":"Admin","date":"15. Januar 2020","format":false,"excerpt":"Es ist zwar schon relativ sp\u00e4t, aber da ich lange nichts von mir h\u00f6ren bzw. lesen lie\u00df, w\u00fcnsche ich meinen Leserinnen und Lesern erst einmal ein sch\u00f6nes und erfolgreiches neues Jahr. Gute Vors\u00e4tze f\u00fcr 2020 habe ich \u00fcbrigens keine; in meinem Alter sollte man unrealistischen Tr\u00e4umen nicht mehr nachjagen. Stattdessen\u2026","rel":"","context":"In &quot;Stricken&quot;","block_context":{"text":"Stricken","link":"https:\/\/www.strickforum.de\/blog\/category\/3\/"},"img":{"alt_text":"","src":"https:\/\/i0.wp.com\/www.strickforum.de\/blog\/wp-content\/uploads\/2020\/01\/delicate-dreiecktuch.jpg?resize=350%2C200&ssl=1","width":350,"height":200,"srcset":"https:\/\/i0.wp.com\/www.strickforum.de\/blog\/wp-content\/uploads\/2020\/01\/delicate-dreiecktuch.jpg?resize=350%2C200&ssl=1 1x, https:\/\/i0.wp.com\/www.strickforum.de\/blog\/wp-content\/uploads\/2020\/01\/delicate-dreiecktuch.jpg?resize=525%2C300&ssl=1 1.5x, https:\/\/i0.wp.com\/www.strickforum.de\/blog\/wp-content\/uploads\/2020\/01\/delicate-dreiecktuch.jpg?resize=700%2C400&ssl=1 2x"},"classes":[]},{"id":1551,"url":"https:\/\/www.strickforum.de\/blog\/die-verstrickte-dienstagsfrage-172013\/","url_meta":{"origin":1243,"position":2},"title":"Die verstrickte Dienstagsfrage 17\/2013","author":"Admin","date":"23. April 2013","format":false,"excerpt":"Diese Woche stellt das Wollschaf eine Frage aus dem Archiv vom 24.04.2007: Wie ausf\u00fchrlich wollt Ihr \u00fcber den Fortschritt eines bestimmten Strickprojektes in den Blogs lesen? Welche Projekte und Details interessieren Euch dabei am meisten? Das Wollschaf bedankt sich bei Arlene! Wie schon von anderen geschrieben, finde ich \u00f6de Fortschrittsmeldungen\u2026","rel":"","context":"In &quot;Stricken&quot;","block_context":{"text":"Stricken","link":"https:\/\/www.strickforum.de\/blog\/category\/3\/"},"img":{"alt_text":"","src":"","width":0,"height":0},"classes":[]},{"id":735,"url":"https:\/\/www.strickforum.de\/blog\/die-verstrickte-dienstagsfrage-252009\/","url_meta":{"origin":1243,"position":3},"title":"Die verstrickte Dienstagsfrage 25\/2009","author":"Admin","date":"16. Juni 2009","format":false,"excerpt":"Das Wollschaf fragt: Nach welchen Kriterien w\u00e4hlt Ihr Eure Projekte aus? Nach dem Garn in Euren Vorr\u00e4ten? Nach den L\u00fccken im Kleiderschrank (wenn z.B. ein warmer Pullover f\u00fcr den Winter fehlt)? Nach der Popularit\u00e4t (z.B. bevorzugt Knitalongs)? Weil die Stricktechnik oder der Schnitt spannend aussieht? Um eine neue Technik zu\u2026","rel":"","context":"In &quot;Stricken&quot;","block_context":{"text":"Stricken","link":"https:\/\/www.strickforum.de\/blog\/category\/3\/"},"img":{"alt_text":"","src":"","width":0,"height":0},"classes":[]},{"id":3276,"url":"https:\/\/www.strickforum.de\/blog\/befreiend\/","url_meta":{"origin":1243,"position":4},"title":"Befreiend","author":"Admin","date":"7. September 2021","format":false,"excerpt":"Ein Strickprojekt fertigzustellen gibt einem das gute Gef\u00fchl, etwas geschafft zu haben. So ging es mir mit dem zweifarbigen Tuch vom vorigen Eintrag. Aber was tut man, wenn man mittendrin feststellt, dass einem weder das Stricken noch das voraussichtliche Endergebnis gef\u00e4llt? Ja, es betraf wiederum etwas Zweifarbiges. Ja, es war\u2026","rel":"","context":"In &quot;Stricken&quot;","block_context":{"text":"Stricken","link":"https:\/\/www.strickforum.de\/blog\/category\/3\/"},"img":{"alt_text":"","src":"https:\/\/i0.wp.com\/www.strickforum.de\/blog\/wp-content\/uploads\/2021\/09\/geometrica-tuch.jpg?resize=350%2C200&ssl=1","width":350,"height":200,"srcset":"https:\/\/i0.wp.com\/www.strickforum.de\/blog\/wp-content\/uploads\/2021\/09\/geometrica-tuch.jpg?resize=350%2C200&ssl=1 1x, https:\/\/i0.wp.com\/www.strickforum.de\/blog\/wp-content\/uploads\/2021\/09\/geometrica-tuch.jpg?resize=525%2C300&ssl=1 1.5x, https:\/\/i0.wp.com\/www.strickforum.de\/blog\/wp-content\/uploads\/2021\/09\/geometrica-tuch.jpg?resize=700%2C400&ssl=1 2x"},"classes":[]},{"id":1539,"url":"https:\/\/www.strickforum.de\/blog\/endlich\/","url_meta":{"origin":1243,"position":5},"title":"Endlich!","author":"Admin","date":"1. April 2013","format":false,"excerpt":"Es ist geschafft, der \u201cStrandwanderer\u201d ist fertig, und ein ungeliebter Strang Wollmeise ist verarbeitet. Ich habe insgesamt 18 Querstreifen gestrickt, wie in der Anleitung angegeben. Zwar hatte ich in den letzten Reihen Angst, dass das Garn nicht reichen w\u00fcrde, aber ich hab's einfach riskiert, und zu guter Letzt waren sogar\u2026","rel":"","context":"In &quot;Stricken&quot;","block_context":{"text":"Stricken","link":"https:\/\/www.strickforum.de\/blog\/category\/3\/"},"img":{"alt_text":"","src":"","width":0,"height":0},"classes":[]}],"_links":{"self":[{"href":"https:\/\/www.strickforum.de\/blog\/wp-json\/wp\/v2\/posts\/1243","targetHints":{"allow":["GET"]}}],"collection":[{"href":"https:\/\/www.strickforum.de\/blog\/wp-json\/wp\/v2\/posts"}],"about":[{"href":"https:\/\/www.strickforum.de\/blog\/wp-json\/wp\/v2\/types\/post"}],"author":[{"embeddable":true,"href":"https:\/\/www.strickforum.de\/blog\/wp-json\/wp\/v2\/users\/3"}],"replies":[{"embeddable":true,"href":"https:\/\/www.strickforum.de\/blog\/wp-json\/wp\/v2\/comments?post=1243"}],"version-history":[{"count":0,"href":"https:\/\/www.strickforum.de\/blog\/wp-json\/wp\/v2\/posts\/1243\/revisions"}],"wp:attachment":[{"href":"https:\/\/www.strickforum.de\/blog\/wp-json\/wp\/v2\/media?parent=1243"}],"wp:term":[{"taxonomy":"category","embeddable":true,"href":"https:\/\/www.strickforum.de\/blog\/wp-json\/wp\/v2\/categories?post=1243"},{"taxonomy":"post_tag","embeddable":true,"href":"https:\/\/www.strickforum.de\/blog\/wp-json\/wp\/v2\/tags?post=1243"}],"curies":[{"name":"wp","href":"https:\/\/api.w.org\/{rel}","templated":true}]}}