{"id":1267,"date":"2011-11-08T20:38:43","date_gmt":"2011-11-08T19:38:43","guid":{"rendered":"http:\/\/www.strickforum.de\/blog\/?p=1267"},"modified":"2011-11-08T20:38:43","modified_gmt":"2011-11-08T19:38:43","slug":"die-verstrickte-dienstagsfrage-452011","status":"publish","type":"post","link":"https:\/\/www.strickforum.de\/blog\/die-verstrickte-dienstagsfrage-452011\/","title":{"rendered":"Die verstrickte Dienstagsfrage 45\/2011"},"content":{"rendered":"<p><b>Das <a href=\"http:\/\/daswollschaf.wordpress.com\/2011\/11\/08\/die-verstrickte-dienstagsfrage-452011\/#comments\">Wollschaf<\/a> fragt diesmal (aus dem Archiv vom 25.01.2005:<br \/>\nAngenommen, du sitzt auf dem Sofa (Sessel, Bank, Stuhl\u2026) und strickst. Was brauchst du unbedingt in Griffweite?<\/b><\/p>\n<p>Ich brauche Garn, Stricknadel(n) und gegebenenfalls eine Anleitung. Ich bin anspruchslos und kann notfalls im Stehen stricken, wenn ich z.B. auf Bus oder Bahn warte. <br \/>\nBei komplexen Projekten oder wenn bestimmte Projektstadien erreicht werden, schaden Schere, Sticknadel, H\u00e4kelhaken, Maschenmarkierer oder Ma\u00dfband nicht. Aber ich stricke ohnehin nur sehr selten stundenlang am St\u00fcck, und wenn ich zwischendurch mal aufstehen kann\/muss, um mir ein Glas Wasser, einen Kaffee, die Schere, das Ma\u00dfband oder ein frisches Kn\u00e4uel zu holen, finde ich das ganz angenehm.<\/p>\n","protected":false},"excerpt":{"rendered":"<p>Das Wollschaf fragt diesmal (aus dem Archiv vom 25.01.2005: Angenommen, du sitzt auf dem Sofa (Sessel, Bank, Stuhl\u2026) und strickst. Was brauchst du unbedingt in Griffweite? Ich brauche Garn, Stricknadel(n) und gegebenenfalls eine Anleitung. Ich bin anspruchslos und kann notfalls im Stehen stricken, wenn ich z.B. auf Bus oder Bahn warte. Bei komplexen Projekten oder &hellip; <a href=\"https:\/\/www.strickforum.de\/blog\/die-verstrickte-dienstagsfrage-452011\/\" class=\"more-link\"><span class=\"screen-reader-text\">\u201eDie verstrickte Dienstagsfrage 45\/2011\u201c <\/span>weiterlesen<\/a><\/p>\n","protected":false},"author":3,"featured_media":0,"comment_status":"open","ping_status":"open","sticky":false,"template":"","format":"standard","meta":{"_seopress_robots_primary_cat":"","_seopress_titles_title":"","_seopress_titles_desc":"","_seopress_robots_index":"","_crdt_document":"","jetpack_post_was_ever_published":false,"_jetpack_newsletter_access":"","_jetpack_dont_email_post_to_subs":false,"_jetpack_newsletter_tier_id":0,"_jetpack_memberships_contains_paywalled_content":false,"_jetpack_memberships_contains_paid_content":false,"footnotes":"","jetpack_publicize_message":"","jetpack_publicize_feature_enabled":true,"jetpack_social_post_already_shared":false,"jetpack_social_options":{"image_generator_settings":{"template":"highway","default_image_id":0,"font":"","enabled":false},"version":2}},"categories":[6],"tags":[],"class_list":["post-1267","post","type-post","status-publish","format-standard","hentry","category-6"],"jetpack_publicize_connections":[],"jetpack_featured_media_url":"","jetpack_sharing_enabled":true,"jetpack_shortlink":"https:\/\/wp.me\/p7JbSI-kr","jetpack-related-posts":[{"id":977,"url":"https:\/\/www.strickforum.de\/blog\/die-verstrickte-dienstagsfrage-272010\/","url_meta":{"origin":1267,"position":0},"title":"Die verstrickte Dienstagsfrage 27\/2010","author":"Admin","date":"6. Juli 2010","format":false,"excerpt":"Das Wollschaf fragt: Was ist f\u00fcr dich das perfekte Urlaubsgestrickt? Etwas Gro\u00dfes, Kompliziertes? Lieber etwas Kleines? Nach welchen Kriterien entscheidest du, was eingepackt wird? Darauf kann ich wieder einmal mit einem klaren \u201ces kommt darauf an\u201d antworten. Was f\u00fcr ein Urlaub soll's denn sein? Wohin soll die Reise gehen, welches\u2026","rel":"","context":"In &quot;Stricken&quot;","block_context":{"text":"Stricken","link":"https:\/\/www.strickforum.de\/blog\/category\/3\/"},"img":{"alt_text":"","src":"","width":0,"height":0},"classes":[]},{"id":1070,"url":"https:\/\/www.strickforum.de\/blog\/die-verstrickte-dienstagsfrage-482010\/","url_meta":{"origin":1267,"position":1},"title":"Die verstrickte Dienstagsfrage 48\/2010","author":"Admin","date":"1. Dezember 2010","format":false,"excerpt":"Das Wollschaf fragt diesmal: Es gibt ja so einiges an Zubeh\u00f6r f\u00fcr StrickerInnen. Taschen, Maschenmarkierer, Magnetboarde. Was sollte eurer Meinung nach in keinem Haushalt fehlen (und wo habt ihr es her?) und was ist das total \u00fcberfl\u00fcssigste Strickgimmik? Vielen Dank an Tanja f\u00fcr die heutige Frage! Ich w\u00fcrde sagen, das\u2026","rel":"","context":"In &quot;Stricken&quot;","block_context":{"text":"Stricken","link":"https:\/\/www.strickforum.de\/blog\/category\/3\/"},"img":{"alt_text":"","src":"","width":0,"height":0},"classes":[]},{"id":1080,"url":"https:\/\/www.strickforum.de\/blog\/die-verstrickte-dienstagsfrage-512010\/","url_meta":{"origin":1267,"position":2},"title":"Die verstrickte Dienstagsfrage 51\/2010","author":"Admin","date":"21. Dezember 2010","format":false,"excerpt":"Das Wollschaf fragt heute: Wo und wann strickt ihr? Begleitet euch das Strickzeug ueberall hin? Strickt ihr schon morgens auf dem Weg zur Arbeit, oder nur abends, z.B. zuhause auf dem Sofa vor dem Fernseher? Habt ihr spezielle Projekte fuer die verschiedenen \u201cStrickzeiten\u201d und \u201cStrickplaetze\u201d? Vielen Dank an Connie f\u00fcr\u2026","rel":"","context":"In &quot;Stricken&quot;","block_context":{"text":"Stricken","link":"https:\/\/www.strickforum.de\/blog\/category\/3\/"},"img":{"alt_text":"","src":"","width":0,"height":0},"classes":[]},{"id":1198,"url":"https:\/\/www.strickforum.de\/blog\/die-verstrickte-dienstagsfrage-262011\/","url_meta":{"origin":1267,"position":3},"title":"Die verstrickte Dienstagsfrage 26\/2011","author":"Admin","date":"28. Juni 2011","format":false,"excerpt":"Diese Woche fragt das Wollschaf: Angenommen, Ihr k\u00f6nntet ein Jahr mit euren Liebsten in eine sch\u00f6ne aber abgeschiedene Gegend. Ihr werdet rundum versorgt, aber es gibt kein Internet und keine Wollgesch\u00e4fte. Welches Garn, welche Strick-B\u00fccher bzw. welche Anleitungen w\u00fcrdet ihr f\u00fcr dieses Jahr mitnehmen? Vielen Dank an Reni f\u00fcr die\u2026","rel":"","context":"In &quot;Stricken&quot;","block_context":{"text":"Stricken","link":"https:\/\/www.strickforum.de\/blog\/category\/3\/"},"img":{"alt_text":"","src":"","width":0,"height":0},"classes":[]},{"id":1162,"url":"https:\/\/www.strickforum.de\/blog\/die-verstrickte-dienstagsfrage-162011\/","url_meta":{"origin":1267,"position":4},"title":"Die verstrickte Dienstagsfrage 16\/2011","author":"Admin","date":"19. April 2011","format":false,"excerpt":"Diesmal fragt das Wollschaf : Besitzst Du \u201chistorisches\u201d Handarbeitszubeh\u00f6r, z. B. alte Strick- oder H\u00e4kelnadeln, Anleitungshefte, Kl\u00f6ppelkissen, Stopfeier oder \u00e4hnliches? Wie kam es in Deinen Besitz? Verwendest Du es noch, oder bewahrst Du es z. B. nur aus \u201csentimentalen\u201d Gr\u00fcnden auf? Vielen Dank an Kerstin (das bin ich) f\u00fcr die\u2026","rel":"","context":"In &quot;Stricken&quot;","block_context":{"text":"Stricken","link":"https:\/\/www.strickforum.de\/blog\/category\/3\/"},"img":{"alt_text":"","src":"","width":0,"height":0},"classes":[]},{"id":1121,"url":"https:\/\/www.strickforum.de\/blog\/die-verstrickte-dienstagsfrage-62011\/","url_meta":{"origin":1267,"position":5},"title":"Die verstrickte Dienstagsfrage 6\/2011","author":"Admin","date":"8. Februar 2011","format":false,"excerpt":"Das Wollschaf fragt diesmal: Dicke Garne sind momentan \u201cin\u201d, werden in Frauenzeitschriften f\u00fcr die dortigen Modelle verwendet und finden sich verst\u00e4rkt in Wollgesch\u00e4ften. Wie h\u00e4ltst Du es damit? Verwendest Du solche Garne? Wenn ja, wof\u00fcr? Bist Du zufrieden mit den Ergebnissen? Und was ist f\u00fcr Stricknadelst\u00e4rken Dein Komfortbereich? Vielen Dank\u2026","rel":"","context":"In &quot;Stricken&quot;","block_context":{"text":"Stricken","link":"https:\/\/www.strickforum.de\/blog\/category\/3\/"},"img":{"alt_text":"","src":"","width":0,"height":0},"classes":[]}],"_links":{"self":[{"href":"https:\/\/www.strickforum.de\/blog\/wp-json\/wp\/v2\/posts\/1267","targetHints":{"allow":["GET"]}}],"collection":[{"href":"https:\/\/www.strickforum.de\/blog\/wp-json\/wp\/v2\/posts"}],"about":[{"href":"https:\/\/www.strickforum.de\/blog\/wp-json\/wp\/v2\/types\/post"}],"author":[{"embeddable":true,"href":"https:\/\/www.strickforum.de\/blog\/wp-json\/wp\/v2\/users\/3"}],"replies":[{"embeddable":true,"href":"https:\/\/www.strickforum.de\/blog\/wp-json\/wp\/v2\/comments?post=1267"}],"version-history":[{"count":0,"href":"https:\/\/www.strickforum.de\/blog\/wp-json\/wp\/v2\/posts\/1267\/revisions"}],"wp:attachment":[{"href":"https:\/\/www.strickforum.de\/blog\/wp-json\/wp\/v2\/media?parent=1267"}],"wp:term":[{"taxonomy":"category","embeddable":true,"href":"https:\/\/www.strickforum.de\/blog\/wp-json\/wp\/v2\/categories?post=1267"},{"taxonomy":"post_tag","embeddable":true,"href":"https:\/\/www.strickforum.de\/blog\/wp-json\/wp\/v2\/tags?post=1267"}],"curies":[{"name":"wp","href":"https:\/\/api.w.org\/{rel}","templated":true}]}}