{"id":1278,"date":"2011-11-29T07:35:02","date_gmt":"2011-11-29T06:35:02","guid":{"rendered":"http:\/\/www.strickforum.de\/blog\/?p=1278"},"modified":"2011-11-29T07:35:02","modified_gmt":"2011-11-29T06:35:02","slug":"die-verstrickte-dienstagsfrage-482011","status":"publish","type":"post","link":"https:\/\/www.strickforum.de\/blog\/die-verstrickte-dienstagsfrage-482011\/","title":{"rendered":"Die verstrickte Dienstagsfrage 48\/2011"},"content":{"rendered":"<p><b>Das <a href=\"http:\/\/daswollschaf.wordpress.com\/2011\/11\/29\/die-verstrickte-dienstagsfrage-482011\/#comments\" target=\"_blank\">Wollschaf<\/a> fragt diesmal:<br \/>\nIch stricke gerne und viel, &#8230;<br \/>\nWer verf\u00fchrt uns eigentlich zu dieser Kaufsucht? <br \/>\nSind es Frauen oder M\u00e4nner die dieses Werk vollbringen? <br \/>\nWas glaubt Ihr liebe Strickerinnen und Stricker????<br \/>\nVielen Dank an Sylvia f\u00fcr die heutige Frage!<\/b><\/p>\n<p>Was f\u00fcr eine wunderbar philosophische und romantische Frage (ich habe allerdings aus Platzgr\u00fcnden den philosophischsten und romantischsten Teil weggelassen). Offenbar haben die Haptik nagelneuer Wollkn\u00e4ule und Stricknadeln der Fragestellerin ein wenig das Hirn vernebelt, so dass sie simple wirtschaftliche Mechanismen nicht mehr durchschaut. <br \/>\nIch &#8220;glaube&#8221;, h\u00f6chst unromantisch: Die Garn- und Strickzubeh\u00f6rproduzenten brauchen Geld, um ihre Rechnungen zu bezahlen. Damit die mehr oder weniger vern\u00fcnftigen Strickerinnen dieser Welt ihnen immer wieder neues Geld geben, machen besagte Produzenten uns immer wieder neue Versprechungen, dass wir Wohlbehagen und Gesundheit durch den Kauf ihrer Produkte erlangen. Das nennt man Marketing.<br \/>\nDie ach so g\u00fctigen Verf\u00fchrer sind Marketingfachleute, die sich immer neues Zeug ausdenken, damit sie, verf\u00fchrt durch andere Marketingfachleute, sich unter anderem von Deinem Geld, liebe Sylvia, einen neuen Fernseher oder ein neues Handy kaufen k\u00f6nnen.<br \/>\nSorry, wenn ich jetzt irgendjemandes Illusionen zerst\u00f6rt habe.<\/p>\n","protected":false},"excerpt":{"rendered":"<p>Das Wollschaf fragt diesmal: Ich stricke gerne und viel, &#8230; Wer verf\u00fchrt uns eigentlich zu dieser Kaufsucht? Sind es Frauen oder M\u00e4nner die dieses Werk vollbringen? Was glaubt Ihr liebe Strickerinnen und Stricker???? Vielen Dank an Sylvia f\u00fcr die heutige Frage! Was f\u00fcr eine wunderbar philosophische und romantische Frage (ich habe allerdings aus Platzgr\u00fcnden den &hellip; <a href=\"https:\/\/www.strickforum.de\/blog\/die-verstrickte-dienstagsfrage-482011\/\" class=\"more-link\"><span class=\"screen-reader-text\">\u201eDie verstrickte Dienstagsfrage 48\/2011\u201c <\/span>weiterlesen<\/a><\/p>\n","protected":false},"author":3,"featured_media":0,"comment_status":"open","ping_status":"open","sticky":false,"template":"","format":"standard","meta":{"_seopress_robots_primary_cat":"","_seopress_titles_title":"","_seopress_titles_desc":"","_seopress_robots_index":"","_crdt_document":"","jetpack_post_was_ever_published":false,"_jetpack_newsletter_access":"","_jetpack_dont_email_post_to_subs":false,"_jetpack_newsletter_tier_id":0,"_jetpack_memberships_contains_paywalled_content":false,"_jetpack_memberships_contains_paid_content":false,"footnotes":"","jetpack_publicize_message":"","jetpack_publicize_feature_enabled":true,"jetpack_social_post_already_shared":false,"jetpack_social_options":{"image_generator_settings":{"template":"highway","default_image_id":0,"font":"","enabled":false},"version":2}},"categories":[6],"tags":[],"class_list":["post-1278","post","type-post","status-publish","format-standard","hentry","category-6"],"jetpack_publicize_connections":[],"jetpack_featured_media_url":"","jetpack_sharing_enabled":true,"jetpack_shortlink":"https:\/\/wp.me\/p7JbSI-kC","jetpack-related-posts":[{"id":1383,"url":"https:\/\/www.strickforum.de\/blog\/die-verstrickte-dienstagsfrage-222012\/","url_meta":{"origin":1278,"position":0},"title":"Die verstrickte Dienstagsfrage 22\/2012","author":"Admin","date":"29. Mai 2012","format":false,"excerpt":"Diesmal fragt das Wollschaf: Sozusagen zusammenfassend einiger der letzten ergibt sich f\u00fcr mich eine neue Frage. Was haltet ihr davon, das leidige Problem der oft \u201cNichtAusreichendenWolle\u201d beim Sockenstricken mit der ToeUp-Methode grunds\u00e4tzlich aus der Welt zu schaffen? Da k\u00f6nnten wir gleich auch noch die verschiedenen Anschlagmethoden aus der Frage 18\/2012\u2026","rel":"","context":"In &quot;Stricken&quot;","block_context":{"text":"Stricken","link":"https:\/\/www.strickforum.de\/blog\/category\/3\/"},"img":{"alt_text":"","src":"","width":0,"height":0},"classes":[]},{"id":1141,"url":"https:\/\/www.strickforum.de\/blog\/die-verstrickte-dienstagsfrage-102011\/","url_meta":{"origin":1278,"position":1},"title":"Die verstrickte Dienstagsfrage 10\/2011","author":"Admin","date":"8. M\u00e4rz 2011","format":false,"excerpt":"Das Wollschaf fragt heute: F\u00e4llt euch auch auf, dass die Strick-Anleitungen immer l\u00e4nger werden? Selbst Anleitungen f\u00fcr einfache Strickst\u00fccke umfassen mittlerweile mehrere Seiten. Was haltet ihr davon? Vielen Dank an Michaela f\u00fcr die heutige Frage! Bei Anleitungen aus deutschen Zeitschriften passiert einem das eher nicht. Die sind relativ kurz und\u2026","rel":"","context":"In &quot;Stricken&quot;","block_context":{"text":"Stricken","link":"https:\/\/www.strickforum.de\/blog\/category\/3\/"},"img":{"alt_text":"","src":"","width":0,"height":0},"classes":[]},{"id":1295,"url":"https:\/\/www.strickforum.de\/blog\/die-verstrickte-dienstagsfrage-12012\/","url_meta":{"origin":1278,"position":2},"title":"Die verstrickte Dienstagsfrage 1\/2012","author":"Admin","date":"3. Januar 2012","format":false,"excerpt":"Diese Woche fragt das Wollschaf: Mich w\u00fcrde mal interessieren, wo Ihr Eure Anleitungen her bekommt. Denkt Ihr Euch selbst was aus und schreibt eigene Anleitungen, oder kauft Ihr Euch Zeitungen\/B\u00fccher, st\u00f6bert Ihr im Internet oder tauscht Ihr vielleicht auf Stricktreffen mit anderen StrickerInnen Anleitungen aus? Vielen Dank an Nadja f\u00fcr\u2026","rel":"","context":"In &quot;Stricken&quot;","block_context":{"text":"Stricken","link":"https:\/\/www.strickforum.de\/blog\/category\/3\/"},"img":{"alt_text":"","src":"","width":0,"height":0},"classes":[]},{"id":1103,"url":"https:\/\/www.strickforum.de\/blog\/die-verstrickte-dienstagsfrage-22011\/","url_meta":{"origin":1278,"position":3},"title":"Die verstrickte Dienstagsfrage 2\/2011","author":"Admin","date":"11. Januar 2011","format":false,"excerpt":"Das Wollschaf fragt diese Woche: Gehoert ihr zu den StrickerInnen, die immer nur an einem Projekt arbeiten, oder liegen mehrere angestrickte Projekte in eurem Strickkorb\/eurer Stricktasche\/eurer Strickkiste? Wenn ja, woran liegt das? Weil ihr der Wolle nicht widerstehen konntet, oder Abwechslung braucht beim Stricken? Und was sind das gerade fuer\u2026","rel":"","context":"In &quot;Stricken&quot;","block_context":{"text":"Stricken","link":"https:\/\/www.strickforum.de\/blog\/category\/3\/"},"img":{"alt_text":"","src":"","width":0,"height":0},"classes":[]},{"id":1442,"url":"https:\/\/www.strickforum.de\/blog\/die-verstrickte-dienstagsfrage-412012\/","url_meta":{"origin":1278,"position":4},"title":"Die verstrickte Dienstagsfrage 41\/2012","author":"Admin","date":"9. Oktober 2012","format":false,"excerpt":"Diese Woche hat das Wollschaf eine Frage von mir ausgew\u00e4hlt: Ich lese immer wieder von Restedecken, Monstersocken und \u00e4hnlichem. Manche Strickerinnen schaffen es anscheinend, auch den letzten Meter Garn noch irgendwie sinnvoll zu verwerten. Wie weit gehst Du da? Welche Mengen verarbeitest Du noch zu irgendetwas? Ab wann (wieviel Gramm,\u2026","rel":"","context":"In &quot;Stricken&quot;","block_context":{"text":"Stricken","link":"https:\/\/www.strickforum.de\/blog\/category\/3\/"},"img":{"alt_text":"","src":"","width":0,"height":0},"classes":[]},{"id":782,"url":"https:\/\/www.strickforum.de\/blog\/die-verstrickte-dienstagsfrage-362009\/","url_meta":{"origin":1278,"position":5},"title":"Die verstrickte Dienstagsfrage 36\/2009","author":"Admin","date":"1. September 2009","format":false,"excerpt":"Das Wollschaf fragt: was machen eigentlich all die StrickerInnen mit gestrickten Oberteilen, die ihnen direkt nach ihrer Vollendung doch nicht (mehr) gefallen - aufribbeln, verschenken, in die hinterste Schrankecke verbannen? Vielen Dank an Sonja f\u00fcr die heutige Frage! Oh jeh, fast schon eine peinliche Frage. ;-) Ja, trotz aller Bem\u00fchungen\u2026","rel":"","context":"In &quot;Stricken&quot;","block_context":{"text":"Stricken","link":"https:\/\/www.strickforum.de\/blog\/category\/3\/"},"img":{"alt_text":"","src":"","width":0,"height":0},"classes":[]}],"_links":{"self":[{"href":"https:\/\/www.strickforum.de\/blog\/wp-json\/wp\/v2\/posts\/1278","targetHints":{"allow":["GET"]}}],"collection":[{"href":"https:\/\/www.strickforum.de\/blog\/wp-json\/wp\/v2\/posts"}],"about":[{"href":"https:\/\/www.strickforum.de\/blog\/wp-json\/wp\/v2\/types\/post"}],"author":[{"embeddable":true,"href":"https:\/\/www.strickforum.de\/blog\/wp-json\/wp\/v2\/users\/3"}],"replies":[{"embeddable":true,"href":"https:\/\/www.strickforum.de\/blog\/wp-json\/wp\/v2\/comments?post=1278"}],"version-history":[{"count":0,"href":"https:\/\/www.strickforum.de\/blog\/wp-json\/wp\/v2\/posts\/1278\/revisions"}],"wp:attachment":[{"href":"https:\/\/www.strickforum.de\/blog\/wp-json\/wp\/v2\/media?parent=1278"}],"wp:term":[{"taxonomy":"category","embeddable":true,"href":"https:\/\/www.strickforum.de\/blog\/wp-json\/wp\/v2\/categories?post=1278"},{"taxonomy":"post_tag","embeddable":true,"href":"https:\/\/www.strickforum.de\/blog\/wp-json\/wp\/v2\/tags?post=1278"}],"curies":[{"name":"wp","href":"https:\/\/api.w.org\/{rel}","templated":true}]}}