{"id":1284,"date":"2011-12-21T20:50:18","date_gmt":"2011-12-21T19:50:18","guid":{"rendered":"http:\/\/www.strickforum.de\/blog\/?p=1284"},"modified":"2011-12-21T20:50:18","modified_gmt":"2011-12-21T19:50:18","slug":"die-verstrickte-dienstagsfrage-512011","status":"publish","type":"post","link":"https:\/\/www.strickforum.de\/blog\/die-verstrickte-dienstagsfrage-512011\/","title":{"rendered":"Die verstrickte Dienstagsfrage 51\/2011"},"content":{"rendered":"<p><b>Das <a href=\"http:\/\/daswollschaf.wordpress.com\/2011\/12\/20\/die-verstrickte-dienstagsfrage-512011\/#comments\" target=\"_blank\">Wollschaf<\/a> fragte diesmal:<br \/>\nFertigt ihr gestrickte oder geh\u00e4kelte Weihnachtsgeschenke an?<br \/>\nWann fangt ihr damit an?<br \/>\nWieviel Zeit investiert ihr daf\u00fcr?<br \/>\nWer sind die Beschenkten?<br \/>\nVielen Dank an <a href=\"http:\/\/board.stricknetz.net\/blog\/42-renibib\/\" target=\"_blank\">Reni<\/a> f\u00fcr die heutige Frage!<\/b><\/p>\n<p>Meine Antwort kommt etwas sp\u00e4t, hoffentlich liest \u00fcberhaupt noch jemand mit.<br \/>\nIm Prinzip und \u00fcber die Jahre betrachtet fertigte ich viele gestrickte Geschenke an. Das k\u00f6nnen Pullover sein (gehen schnell mit der Strickmaschine), Socken (gehen noch schneller) oder kleinere handgestrickte Artikel wie M\u00fctzen, Handschuhe oder Schals. In manchen Jahren habe ich die ganze Familie auf diese Weise bedacht. Gestrickt wird daran praktisch das ganze Jahr \u00fcber, immer mal wieder ein Teil, wie es gerade passt und wie ich Lust habe. Blo\u00df kein Stress in letzter Minute.<br \/>\nDieses Jahr verschenke ich aber nur ein gestricktes Teil. Es wurde im Oktober angefangen. Die Empf\u00e4ngerin kennt es, kennt es aber nicht; sie hat es gesehen, hat es aber noch nicht gesehen, und sie hat es in der Hand gehabt, hat es aber noch nicht in der Hand gehabt. \ud83d\ude42<br \/>\nMan k\u00f6nnte, wenn man denn wollte, zu den diesj\u00e4hrigen Geschenken noch einen Pullover und eine Jacke rechnen, aus denen ich *h\u00fcstel* herausgewachsen bin, die aber meiner Schwester perfekt passen. Deshalb hat sie sie vergangenen Monat bekommen (und auch schon getragen).<\/p>\n","protected":false},"excerpt":{"rendered":"<p>Das Wollschaf fragte diesmal: Fertigt ihr gestrickte oder geh\u00e4kelte Weihnachtsgeschenke an? Wann fangt ihr damit an? Wieviel Zeit investiert ihr daf\u00fcr? Wer sind die Beschenkten? Vielen Dank an Reni f\u00fcr die heutige Frage! Meine Antwort kommt etwas sp\u00e4t, hoffentlich liest \u00fcberhaupt noch jemand mit. Im Prinzip und \u00fcber die Jahre betrachtet fertigte ich viele gestrickte &hellip; <a href=\"https:\/\/www.strickforum.de\/blog\/die-verstrickte-dienstagsfrage-512011\/\" class=\"more-link\"><span class=\"screen-reader-text\">\u201eDie verstrickte Dienstagsfrage 51\/2011\u201c <\/span>weiterlesen<\/a><\/p>\n","protected":false},"author":3,"featured_media":0,"comment_status":"open","ping_status":"open","sticky":false,"template":"","format":"standard","meta":{"_seopress_robots_primary_cat":"","_seopress_titles_title":"","_seopress_titles_desc":"","_seopress_robots_index":"","_crdt_document":"","jetpack_post_was_ever_published":false,"_jetpack_newsletter_access":"","_jetpack_dont_email_post_to_subs":false,"_jetpack_newsletter_tier_id":0,"_jetpack_memberships_contains_paywalled_content":false,"_jetpack_memberships_contains_paid_content":false,"footnotes":"","jetpack_publicize_message":"","jetpack_publicize_feature_enabled":true,"jetpack_social_post_already_shared":false,"jetpack_social_options":{"image_generator_settings":{"template":"highway","default_image_id":0,"font":"","enabled":false},"version":2}},"categories":[6],"tags":[],"class_list":["post-1284","post","type-post","status-publish","format-standard","hentry","category-6"],"jetpack_publicize_connections":[],"jetpack_featured_media_url":"","jetpack_sharing_enabled":true,"jetpack_shortlink":"https:\/\/wp.me\/p7JbSI-kI","jetpack-related-posts":[{"id":1162,"url":"https:\/\/www.strickforum.de\/blog\/die-verstrickte-dienstagsfrage-162011\/","url_meta":{"origin":1284,"position":0},"title":"Die verstrickte Dienstagsfrage 16\/2011","author":"Admin","date":"19. April 2011","format":false,"excerpt":"Diesmal fragt das Wollschaf : Besitzst Du \u201chistorisches\u201d Handarbeitszubeh\u00f6r, z. B. alte Strick- oder H\u00e4kelnadeln, Anleitungshefte, Kl\u00f6ppelkissen, Stopfeier oder \u00e4hnliches? Wie kam es in Deinen Besitz? Verwendest Du es noch, oder bewahrst Du es z. B. nur aus \u201csentimentalen\u201d Gr\u00fcnden auf? Vielen Dank an Kerstin (das bin ich) f\u00fcr die\u2026","rel":"","context":"In &quot;Stricken&quot;","block_context":{"text":"Stricken","link":"https:\/\/www.strickforum.de\/blog\/category\/3\/"},"img":{"alt_text":"","src":"","width":0,"height":0},"classes":[]},{"id":1064,"url":"https:\/\/www.strickforum.de\/blog\/die-verstrickte-dienstagsfrage-472010\/","url_meta":{"origin":1284,"position":1},"title":"Die verstrickte Dienstagsfrage 47\/2010","author":"Admin","date":"23. November 2010","format":false,"excerpt":"Das Wollschaf fragt heute: Tragt Ihr im Winter M\u00fctzen oder andere Kopfbedeckungen? Selbstgeh\u00e4kelt? Selbstgestrickt? Gefilzt? Oder gekauft? Wenn Ihr selbstgemachte Kopfbedeckungen tragt \u2013 fertigt Ihr die nach Anleitung oder einfach aus dem Kopf, so wie Ihr denkt? Vielen Dank an Monika f\u00fcr die heutige Frage! Ja, ich trage M\u00fctzen, wenn's\u2026","rel":"","context":"In &quot;Stricken&quot;","block_context":{"text":"Stricken","link":"https:\/\/www.strickforum.de\/blog\/category\/3\/"},"img":{"alt_text":"","src":"","width":0,"height":0},"classes":[]},{"id":1152,"url":"https:\/\/www.strickforum.de\/blog\/die-verstrickte-dienstagsfrage-122011\/","url_meta":{"origin":1284,"position":2},"title":"Die verstrickte Dienstagsfrage 12\/2011","author":"Admin","date":"22. M\u00e4rz 2011","format":false,"excerpt":"Das Wollschaf fragt diesmal: Wie archiviert ihr eure Zeitschriften und Anleitungen? In Ordnern, einscannen, lose Sammlungen? Sortiert ihr nach Themen, Jahrg\u00e4ngen oder \u00e4hnlichem. Wie merkt ihr euch die Dinge die gestrickt werden sollen? Vielen Dank an Stefanie f\u00fcr die heutige Frage! Zeitschriften kommen sortiert nach Jahr und Monat in Stehsammler,\u2026","rel":"","context":"In &quot;Stricken&quot;","block_context":{"text":"Stricken","link":"https:\/\/www.strickforum.de\/blog\/category\/3\/"},"img":{"alt_text":"","src":"","width":0,"height":0},"classes":[]},{"id":969,"url":"https:\/\/www.strickforum.de\/blog\/die-verstrickte-dienstagsfrage-252010\/","url_meta":{"origin":1284,"position":3},"title":"Die verstrickte Dienstagsfrage 25\/2010","author":"Admin","date":"22. Juni 2010","format":false,"excerpt":"Das Wollschaf fragt diesmal: Mir f\u00e4llt auf, dass es immer mehr Vorlagen zum Stricken von Haushaltsgegenst\u00e4nden gibt und ich sehe auch in den Blogs interessante Strickst\u00fccke. Ich m\u00f6chte keine Abgrenzung zwischen Gebrauchsgegenst\u00e4nden und Dekorativem machen, weil die Grenzen teilweise flie\u00dfend sind. Hier ein paar Beispiele: Topflappen, Gl\u00e4seruntersetzer, Sp\u00fcl-\/Wischlappen, Schutzh\u00fcllen f\u00fcr\u2026","rel":"","context":"In &quot;Stricken&quot;","block_context":{"text":"Stricken","link":"https:\/\/www.strickforum.de\/blog\/category\/3\/"},"img":{"alt_text":"","src":"","width":0,"height":0},"classes":[]},{"id":800,"url":"https:\/\/www.strickforum.de\/blog\/die-verstrickte-dienstagsfrage-402009\/","url_meta":{"origin":1284,"position":4},"title":"Die verstrickte Dienstagsfrage 40\/2009","author":"Admin","date":"29. September 2009","format":false,"excerpt":"Das Wollschaf fragt: Welches war das gr\u00f6\u00dfte und welches das kleinste Projekt, das Ihr je gestrickt habt? Herzlichen Dank an Kerstin (das bin ich) f\u00fcr die heutige Frage! Oh, da muss ich ein wenig in die Vergangenheit zur\u00fcckgehen. Meine gr\u00f6\u00dften Projekte waren einige Kleider (teils zweiteilig), die ich vor etwa\u2026","rel":"","context":"In &quot;Stricken&quot;","block_context":{"text":"Stricken","link":"https:\/\/www.strickforum.de\/blog\/category\/3\/"},"img":{"alt_text":"","src":"","width":0,"height":0},"classes":[]},{"id":1262,"url":"https:\/\/www.strickforum.de\/blog\/die-verstrickte-dienstagsfrage-442011\/","url_meta":{"origin":1284,"position":5},"title":"Die verstrickte Dienstagsfrage 44\/2011","author":"Admin","date":"1. November 2011","format":false,"excerpt":"Das Wollschaf fragt diesmal: Beim Stricken der Knopflochblende bin ich immer ein bi\u00dfchen unsicher, ob die Knopfl\u00f6cher auch wirklich an der korrekten Stelle von mir gestrickt wurden, wo auf der anderen Blende der Knopf bereits angen\u00e4ht ist, trotz mehrfacher vorheriger Messung. Mich w\u00fcrde interessieren, welche Art von Blenden Ihr an\u2026","rel":"","context":"In &quot;Stricken&quot;","block_context":{"text":"Stricken","link":"https:\/\/www.strickforum.de\/blog\/category\/3\/"},"img":{"alt_text":"","src":"","width":0,"height":0},"classes":[]}],"_links":{"self":[{"href":"https:\/\/www.strickforum.de\/blog\/wp-json\/wp\/v2\/posts\/1284","targetHints":{"allow":["GET"]}}],"collection":[{"href":"https:\/\/www.strickforum.de\/blog\/wp-json\/wp\/v2\/posts"}],"about":[{"href":"https:\/\/www.strickforum.de\/blog\/wp-json\/wp\/v2\/types\/post"}],"author":[{"embeddable":true,"href":"https:\/\/www.strickforum.de\/blog\/wp-json\/wp\/v2\/users\/3"}],"replies":[{"embeddable":true,"href":"https:\/\/www.strickforum.de\/blog\/wp-json\/wp\/v2\/comments?post=1284"}],"version-history":[{"count":0,"href":"https:\/\/www.strickforum.de\/blog\/wp-json\/wp\/v2\/posts\/1284\/revisions"}],"wp:attachment":[{"href":"https:\/\/www.strickforum.de\/blog\/wp-json\/wp\/v2\/media?parent=1284"}],"wp:term":[{"taxonomy":"category","embeddable":true,"href":"https:\/\/www.strickforum.de\/blog\/wp-json\/wp\/v2\/categories?post=1284"},{"taxonomy":"post_tag","embeddable":true,"href":"https:\/\/www.strickforum.de\/blog\/wp-json\/wp\/v2\/tags?post=1284"}],"curies":[{"name":"wp","href":"https:\/\/api.w.org\/{rel}","templated":true}]}}