{"id":1291,"date":"2011-12-31T23:58:00","date_gmt":"2011-12-31T22:58:00","guid":{"rendered":"http:\/\/www.strickforum.de\/blog\/?p=1291"},"modified":"2011-12-31T23:58:00","modified_gmt":"2011-12-31T22:58:00","slug":"ein-gutes-neues-jahr-happy-new-year-2","status":"publish","type":"post","link":"https:\/\/www.strickforum.de\/blog\/ein-gutes-neues-jahr-happy-new-year-2\/","title":{"rendered":"Ein gutes neues Jahr &#8211; Happy New Year"},"content":{"rendered":"<p>Allen Leserinnen und Lesern w\u00fcnsche ich ein gutes, erfolgreiches neues Jahr, mit ausreichend Strickzeit, vielen kreativen Ideen und immer mindestens einem Meter mehr Wolle, als f\u00fcr das jeweilige Strickprojekt ben\u00f6tigt wird.<\/p>\n<p>A happy and prosperous New Year to all of my readers, with enough knitting time, lots of creative ideas and always at least one more yard of yarn than necessary for each knitting project.<\/p>\n","protected":false},"excerpt":{"rendered":"<p>Allen Leserinnen und Lesern w\u00fcnsche ich ein gutes, erfolgreiches neues Jahr, mit ausreichend Strickzeit, vielen kreativen Ideen und immer mindestens einem Meter mehr Wolle, als f\u00fcr das jeweilige Strickprojekt ben\u00f6tigt wird. A happy and prosperous New Year to all of my readers, with enough knitting time, lots of creative ideas and always at least one &hellip; <a href=\"https:\/\/www.strickforum.de\/blog\/ein-gutes-neues-jahr-happy-new-year-2\/\" class=\"more-link\"><span class=\"screen-reader-text\">\u201eEin gutes neues Jahr &#8211; Happy New Year\u201c <\/span>weiterlesen<\/a><\/p>\n","protected":false},"author":3,"featured_media":0,"comment_status":"open","ping_status":"open","sticky":false,"template":"","format":"standard","meta":{"_seopress_robots_primary_cat":"","_seopress_titles_title":"","_seopress_titles_desc":"","_seopress_robots_index":"","_crdt_document":"","jetpack_post_was_ever_published":false,"_jetpack_newsletter_access":"","_jetpack_dont_email_post_to_subs":false,"_jetpack_newsletter_tier_id":0,"_jetpack_memberships_contains_paywalled_content":false,"_jetpack_memberships_contains_paid_content":false,"footnotes":"","jetpack_publicize_message":"","jetpack_publicize_feature_enabled":true,"jetpack_social_post_already_shared":false,"jetpack_social_options":{"image_generator_settings":{"template":"highway","default_image_id":0,"font":"","enabled":false},"version":2}},"categories":[5],"tags":[],"class_list":["post-1291","post","type-post","status-publish","format-standard","hentry","category-5"],"jetpack_publicize_connections":[],"jetpack_featured_media_url":"","jetpack_sharing_enabled":true,"jetpack_shortlink":"https:\/\/wp.me\/p7JbSI-kP","jetpack-related-posts":[{"id":327,"url":"https:\/\/www.strickforum.de\/blog\/ein-gutes-neues-jahr-happy-new-year\/","url_meta":{"origin":1291,"position":0},"title":"Ein gutes Neues Jahr &#8211; Happy New Year!","author":"Admin","date":"1. Januar 2008","format":false,"excerpt":"Allen Leserinnen und Lesern meines Weblogs w\u00fcnsche ich ein friedliches und kreatives Jahr 2008. Habt Spa\u00df beim Stricken und traut Euch mal an Dinge, die Ihr noch nie zuvor probiert habt. Es gibt kaum ein sch\u00f6neres Gef\u00fchl, als eine Herausforderung gemeistert zu haben. :-) A peaceful and creative year 2008\u2026","rel":"","context":"In &quot;Allgemeines&quot;","block_context":{"text":"Allgemeines","link":"https:\/\/www.strickforum.de\/blog\/category\/1\/"},"img":{"alt_text":"","src":"","width":0,"height":0},"classes":[]},{"id":1093,"url":"https:\/\/www.strickforum.de\/blog\/ein-gutes-neues-jahr-a-happy-new-year\/","url_meta":{"origin":1291,"position":1},"title":"Ein gutes neues Jahr &#8211; A happy New Year!","author":"Admin","date":"1. Januar 2011","format":false,"excerpt":"Euch allen da drau\u00dfen in den Weiten des Internet w\u00fcnsche ich ein wundersch\u00f6nes Jahr 2011, voller Kreativit\u00e4t, Erfolg, Gesundheit und immer mit gen\u00fcgend Garn im Vorrat, um Eure Strick-Ideen zu verwirklichen. To all of you out there in the world wide web a wonderful year 2011, packed with creativity, success,\u2026","rel":"","context":"In &quot;Allgemeines&quot;","block_context":{"text":"Allgemeines","link":"https:\/\/www.strickforum.de\/blog\/category\/1\/"},"img":{"alt_text":"","src":"","width":0,"height":0},"classes":[]},{"id":209,"url":"https:\/\/www.strickforum.de\/blog\/trends-und-gute-vorsatze\/","url_meta":{"origin":1291,"position":2},"title":"Trends und gute Vors\u00e4tze","author":"Admin","date":"4. Januar 2007","format":false,"excerpt":"Ich w\u00fcnsche allen meinen Leser(inne)n ein erfolgreiches und gl\u00fcckliches Neues Jahr! :-) Ich f\u00fchle mich schon ein wenig als Trendsetter, wenn ich so lese, da\u00df viele Leute in diesem Jahr genau das nachmachen wollen, was ich mir f\u00fcrs vergangene Jahr vorgenommen und durchgef\u00fchrt habe. ;-) Um was geht es? Na,\u2026","rel":"","context":"In &quot;Stricken&quot;","block_context":{"text":"Stricken","link":"https:\/\/www.strickforum.de\/blog\/category\/3\/"},"img":{"alt_text":"","src":"","width":0,"height":0},"classes":[]},{"id":391,"url":"https:\/\/www.strickforum.de\/blog\/lieblings-strickbuch-favourite-knitting-book\/","url_meta":{"origin":1291,"position":3},"title":"Lieblings-Strickbuch? &#8211; Favourite Knitting Book?","author":"Admin","date":"16. Mai 2008","format":false,"excerpt":"Die Frage nach dem Lieblingsbuch wurde bei Ravelry gestellt. Und ich finde sie nicht einfach zu beantworten, weil meine Lieblingsb\u00fccher \u00fcber die Jahre wechseln. Man \u00e4ndert seine Vorlieben, man lernt und sammelt Erfahrungen, man stolpert \u00fcber neue, aufregende Ideen. Soll man da nach zwanzig oder mehr Jahren allen Ernstes noch\u2026","rel":"","context":"In &quot;Stricken&quot;","block_context":{"text":"Stricken","link":"https:\/\/www.strickforum.de\/blog\/category\/3\/"},"img":{"alt_text":"","src":"","width":0,"height":0},"classes":[]},{"id":601,"url":"https:\/\/www.strickforum.de\/blog\/die-verstrickte-dienstagsfrage-the-wool-sheeps-question-12009\/","url_meta":{"origin":1291,"position":4},"title":"Die verstrickte Dienstagsfrage &#8211; the Wool sheep&#8217;s question 1\/2009","author":"Admin","date":"30. Dezember 2008","format":false,"excerpt":"Das Wollschaf fragt: mich w\u00fcrde mal interessieren was sich die Leute strick- und handarbeitstechnisch so vorgenommen haben f\u00fcr das Neue Jahr - und ob \u00fcberhaupt! Herzlichen Dank an Birgit f\u00fcr die heutige Frage! Um Miss Sophie zu zitieren: Same procedure as every year, James: Ich m\u00f6chte weiter von meinen angesammelten\u2026","rel":"","context":"In &quot;Stricken&quot;","block_context":{"text":"Stricken","link":"https:\/\/www.strickforum.de\/blog\/category\/3\/"},"img":{"alt_text":"","src":"","width":0,"height":0},"classes":[]},{"id":302,"url":"https:\/\/www.strickforum.de\/blog\/kreativ-sein-being-creative\/","url_meta":{"origin":1291,"position":5},"title":"Kreativ sein &#8211; Being creative","author":"Admin","date":"31. Oktober 2007","format":false,"excerpt":"Dank Angelas Wettbewerb, der noch bis zum 28.12. dieses Jahres l\u00e4uft, brauche ich keine Langeweile mehr zu haben, sondern kann mir alle m\u00f6glichen weihnachtlichen Strickereien ausdenken. Ein paar h\u00fcbsche Ideen habe ich schon. Mit etwas Gl\u00fcck finde ich auch die Zeit, wenigstens eine davon bis zum Endtermin umzusetzen. Thanks to\u2026","rel":"","context":"In &quot;Stricken&quot;","block_context":{"text":"Stricken","link":"https:\/\/www.strickforum.de\/blog\/category\/3\/"},"img":{"alt_text":"","src":"","width":0,"height":0},"classes":[]}],"_links":{"self":[{"href":"https:\/\/www.strickforum.de\/blog\/wp-json\/wp\/v2\/posts\/1291","targetHints":{"allow":["GET"]}}],"collection":[{"href":"https:\/\/www.strickforum.de\/blog\/wp-json\/wp\/v2\/posts"}],"about":[{"href":"https:\/\/www.strickforum.de\/blog\/wp-json\/wp\/v2\/types\/post"}],"author":[{"embeddable":true,"href":"https:\/\/www.strickforum.de\/blog\/wp-json\/wp\/v2\/users\/3"}],"replies":[{"embeddable":true,"href":"https:\/\/www.strickforum.de\/blog\/wp-json\/wp\/v2\/comments?post=1291"}],"version-history":[{"count":0,"href":"https:\/\/www.strickforum.de\/blog\/wp-json\/wp\/v2\/posts\/1291\/revisions"}],"wp:attachment":[{"href":"https:\/\/www.strickforum.de\/blog\/wp-json\/wp\/v2\/media?parent=1291"}],"wp:term":[{"taxonomy":"category","embeddable":true,"href":"https:\/\/www.strickforum.de\/blog\/wp-json\/wp\/v2\/categories?post=1291"},{"taxonomy":"post_tag","embeddable":true,"href":"https:\/\/www.strickforum.de\/blog\/wp-json\/wp\/v2\/tags?post=1291"}],"curies":[{"name":"wp","href":"https:\/\/api.w.org\/{rel}","templated":true}]}}