{"id":1293,"date":"2012-01-02T15:53:13","date_gmt":"2012-01-02T14:53:13","guid":{"rendered":"http:\/\/www.strickforum.de\/blog\/?p=1293"},"modified":"2012-01-02T15:53:13","modified_gmt":"2012-01-02T14:53:13","slug":"das-erste-fertige-projekt-the-first-finished-project","status":"publish","type":"post","link":"https:\/\/www.strickforum.de\/blog\/das-erste-fertige-projekt-the-first-finished-project\/","title":{"rendered":"Das erste fertige Projekt &#8211; The first finished project"},"content":{"rendered":"<p>Es ist nat\u00fcrlich nur eine Kleinigkeit, knapp 80 g wiegt diese <a href=\"http:\/\/www.ravelry.com\/patterns\/library\/milo-3\" target=\"_blank\">&#8220;Milo&#8221;<\/a>-Version (Ravelry-Link). Gestrickt ist sie in Gr\u00f6\u00dfe 9-12 Monate. Ich konnte daf\u00fcr drei verschiedene Wollmeise-Reste verwenden (und zwei davon komplett aufbrauchen), die gut zusammenpassen. Bei dieser Farbenpracht finden die Eltern ihr T\u00f6chterchen ganz sicher auch im Dunkeln.<\/p>\n<p><img data-recalc-dims=\"1\" decoding=\"async\" src=\"https:\/\/i0.wp.com\/www.strickforum.de\/images\/blog\/12_01\/milo_450.jpg?w=840\" alt=\"Milo Top\" \/><\/p>\n<p>For a start, this is just a tiny project. This version of the <a href=\"http:\/\/www.ravelry.com\/patterns\/library\/milo-3\" target=\"_blank\">&#8220;Milo&#8221;<\/a> top (Ravelry-Link) weighs just under 80 grams. The size made is for 9-12 months. I was able to use three different oddments of Wollmeise yarn (two of them were completely used up, hurray), which go together quite well. With this blaze of colour, the parents will find their little daughter even in the darkest night.<\/p>\n","protected":false},"excerpt":{"rendered":"<p>Es ist nat\u00fcrlich nur eine Kleinigkeit, knapp 80 g wiegt diese &#8220;Milo&#8221;-Version (Ravelry-Link). Gestrickt ist sie in Gr\u00f6\u00dfe 9-12 Monate. Ich konnte daf\u00fcr drei verschiedene Wollmeise-Reste verwenden (und zwei davon komplett aufbrauchen), die gut zusammenpassen. Bei dieser Farbenpracht finden die Eltern ihr T\u00f6chterchen ganz sicher auch im Dunkeln. For a start, this is just a &hellip; <a href=\"https:\/\/www.strickforum.de\/blog\/das-erste-fertige-projekt-the-first-finished-project\/\" class=\"more-link\"><span class=\"screen-reader-text\">\u201eDas erste fertige Projekt &#8211; The first finished project\u201c <\/span>weiterlesen<\/a><\/p>\n","protected":false},"author":3,"featured_media":0,"comment_status":"open","ping_status":"open","sticky":false,"template":"","format":"standard","meta":{"_seopress_robots_primary_cat":"","_seopress_titles_title":"","_seopress_titles_desc":"","_seopress_robots_index":"","_crdt_document":"","jetpack_post_was_ever_published":false,"_jetpack_newsletter_access":"","_jetpack_dont_email_post_to_subs":false,"_jetpack_newsletter_tier_id":0,"_jetpack_memberships_contains_paywalled_content":false,"_jetpack_memberships_contains_paid_content":false,"footnotes":"","jetpack_publicize_message":"","jetpack_publicize_feature_enabled":true,"jetpack_social_post_already_shared":false,"jetpack_social_options":{"image_generator_settings":{"template":"highway","default_image_id":0,"font":"","enabled":false},"version":2}},"categories":[6],"tags":[],"class_list":["post-1293","post","type-post","status-publish","format-standard","hentry","category-6"],"jetpack_publicize_connections":[],"jetpack_featured_media_url":"","jetpack_sharing_enabled":true,"jetpack_shortlink":"https:\/\/wp.me\/p7JbSI-kR","jetpack-related-posts":[{"id":1486,"url":"https:\/\/www.strickforum.de\/blog\/3aus13-13from13-das-erste-stuck-the-first-project\/","url_meta":{"origin":1293,"position":0},"title":"3aus13 \/ 13from13 &#8211; das erste St\u00fcck &#8211; the first project","author":"Admin","date":"21. Dezember 2012","format":false,"excerpt":"Dies ist meine Version des Modells \u201cStilvoll\u201d aus dem Buch \u201cLust auf Lace\u201d von Anja Belle und Monika Eckert. Im Original ist es ein Raglan-Bolero mit ellenbogenlangen \u00c4rmeln, bei mir ist es eine lang\u00e4rmelige, knapp h\u00fcftlange Jacke geworden. Das Lochmuster, das urspr\u00fcnglich nur 80 Reihen umfasst, habe ich daf\u00fcr auf\u2026","rel":"","context":"In &quot;13aus13 \/ 13from13&quot;","block_context":{"text":"13aus13 \/ 13from13","link":"https:\/\/www.strickforum.de\/blog\/category\/11\/"},"img":{"alt_text":"","src":"","width":0,"height":0},"classes":[]},{"id":1280,"url":"https:\/\/www.strickforum.de\/blog\/knapp-35-gramm-just-under-35-grams\/","url_meta":{"origin":1293,"position":1},"title":"Knapp 35 Gramm &#8211; Just under 35 grams","author":"Admin","date":"1. Dezember 2011","format":false,"excerpt":"Der Ethereal Triangular Shawl ist fertig. Er ist nicht besonders gro\u00df, etwa 140 cm breit und 60 cm hoch, und ich habe ungef\u00e4hr 450 m Garn verarbeitet. Aber er ist das Feinste, Spinnwebigste, das ich je gestrickt habe, und es hat gro\u00dfen Spa\u00df gemacht. Das Muster (Ravelry-Link)ist kostenlos erh\u00e4ltlich, fehlerlos,\u2026","rel":"","context":"In &quot;Stricken&quot;","block_context":{"text":"Stricken","link":"https:\/\/www.strickforum.de\/blog\/category\/3\/"},"img":{"alt_text":"","src":"","width":0,"height":0},"classes":[]},{"id":648,"url":"https:\/\/www.strickforum.de\/blog\/leaf-scarf\/","url_meta":{"origin":1293,"position":2},"title":"Leaf Scarf","author":"Admin","date":"19. Februar 2009","format":false,"excerpt":"Dieser lustige kleine Schal ist eine Variante des \u201cAngora Leaf Scarf\u201d aus Lise-Lotte Lystrups Buch \u201cVintage Knitwear for Modern Knitters\u201d. Er fiel mir sofort ins Auge, als ich das Buch zum ersten Mal durchbl\u00e4tterte, und nun habe ich ihn nachgestrickt, allerdings nicht aus Angora, sondern zu Testzwecken aus einem uralten\u2026","rel":"","context":"In &quot;Stricken&quot;","block_context":{"text":"Stricken","link":"https:\/\/www.strickforum.de\/blog\/category\/3\/"},"img":{"alt_text":"Lise-Lotte Lystrup","src":"https:\/\/i0.wp.com\/www.strickforum.de\/blog\/media\/1\/20090219-leafscarf.jpg?resize=350%2C200","width":350,"height":200},"classes":[]},{"id":1137,"url":"https:\/\/www.strickforum.de\/blog\/wieder-ein-weihnachtsgeschenk-fertig-another-christmas-present-finished\/","url_meta":{"origin":1293,"position":3},"title":"Wieder ein Weihnachtsgeschenk fertig &#8211; Another Christmas present finished","author":"Admin","date":"5. M\u00e4rz 2011","format":false,"excerpt":"Die ersten Weihnachtsgeschenke schon im M\u00e4rz fertig zu haben, gibt einem das Gef\u00fchl von T\u00fcchtigkeit und Flei\u00df. ;-) Hier ist also der Oslo Walk Shawl aus der Interweave Knits Winter 2010, gestrickt aus gut 100 g Wollmeise Lace-Garn in Farbe T\u00fcrkise Markise und knapp 700 Rocaillesperlen in Azurblau mit silbernem\u2026","rel":"","context":"In &quot;Stricken&quot;","block_context":{"text":"Stricken","link":"https:\/\/www.strickforum.de\/blog\/category\/3\/"},"img":{"alt_text":"Oslo Walk Shawl","src":"https:\/\/i0.wp.com\/www.strickforum.de\/blog\/media\/1\/20110305-oslowalkshawl.jpg?resize=350%2C200","width":350,"height":200},"classes":[]},{"id":1364,"url":"https:\/\/www.strickforum.de\/blog\/hut-auf-hat-on\/","url_meta":{"origin":1293,"position":4},"title":"Hut auf! &#8211; Hat on!","author":"Admin","date":"19. April 2012","format":false,"excerpt":"Es ist Monatsmitte und damit h\u00f6chste Zeit f\u00fcr meine April-Kopfbedeckung, die ich wieder im Rahmen des 12-M\u00fctzen-Wettbewerbs bei Ravelry pr\u00e4sentieren will. Diesmal habe ich mich besonders ins Zeug gelegt. Aus einem von Frieda handgesponnenen Strang Kamel-Merino-Leinengemisch (knapp 100 g, 95 m Laufl\u00e4nge) entstand dieser fast schon elegante Hut, gestrickt mit\u2026","rel":"","context":"In &quot;Stricken&quot;","block_context":{"text":"Stricken","link":"https:\/\/www.strickforum.de\/blog\/category\/3\/"},"img":{"alt_text":"","src":"","width":0,"height":0},"classes":[]},{"id":1375,"url":"https:\/\/www.strickforum.de\/blog\/stricken-flechten-spielen-knit-braid-play\/","url_meta":{"origin":1293,"position":5},"title":"Stricken, Flechten, Spielen &#8211; Knit, braid, play","author":"Admin","date":"17. Mai 2012","format":false,"excerpt":"Erstmals sah ich diese gestrickten B\u00e4lle in Michaelas Stricktagebuch (Eintrag vom 31. Juli 2011). Ich fand sie sehr niedlich und gut geeignet f\u00fcr die Verwertung von Resten. Und nat\u00fcrlich f\u00fcr Kinder jeglichen Alters. Die Anleitung ist kostenlos \u00fcber Ravelry erh\u00e4ltlich. Mit der Maschine hat man die ben\u00f6tigten sechs Streifen flott\u2026","rel":"","context":"In &quot;Stricken&quot;","block_context":{"text":"Stricken","link":"https:\/\/www.strickforum.de\/blog\/category\/3\/"},"img":{"alt_text":"","src":"","width":0,"height":0},"classes":[]}],"_links":{"self":[{"href":"https:\/\/www.strickforum.de\/blog\/wp-json\/wp\/v2\/posts\/1293","targetHints":{"allow":["GET"]}}],"collection":[{"href":"https:\/\/www.strickforum.de\/blog\/wp-json\/wp\/v2\/posts"}],"about":[{"href":"https:\/\/www.strickforum.de\/blog\/wp-json\/wp\/v2\/types\/post"}],"author":[{"embeddable":true,"href":"https:\/\/www.strickforum.de\/blog\/wp-json\/wp\/v2\/users\/3"}],"replies":[{"embeddable":true,"href":"https:\/\/www.strickforum.de\/blog\/wp-json\/wp\/v2\/comments?post=1293"}],"version-history":[{"count":0,"href":"https:\/\/www.strickforum.de\/blog\/wp-json\/wp\/v2\/posts\/1293\/revisions"}],"wp:attachment":[{"href":"https:\/\/www.strickforum.de\/blog\/wp-json\/wp\/v2\/media?parent=1293"}],"wp:term":[{"taxonomy":"category","embeddable":true,"href":"https:\/\/www.strickforum.de\/blog\/wp-json\/wp\/v2\/categories?post=1293"},{"taxonomy":"post_tag","embeddable":true,"href":"https:\/\/www.strickforum.de\/blog\/wp-json\/wp\/v2\/tags?post=1293"}],"curies":[{"name":"wp","href":"https:\/\/api.w.org\/{rel}","templated":true}]}}