{"id":1298,"date":"2012-01-07T16:17:49","date_gmt":"2012-01-07T15:17:49","guid":{"rendered":"http:\/\/www.strickforum.de\/blog\/?p=1298"},"modified":"2012-01-07T16:17:49","modified_gmt":"2012-01-07T15:17:49","slug":"uberraschung-3","status":"publish","type":"post","link":"https:\/\/www.strickforum.de\/blog\/uberraschung-3\/","title":{"rendered":"\u00dcberraschung"},"content":{"rendered":"<p>Stell dir  einmal folgendes Szenario vor:<br \/>\nEine Freundin besucht dich, betrachtet angelegentlich deine Diele und meint, dass die mal wieder einen neuen Anstrich vertragen k\u00f6nne. Sie ist handwerklich begabt, renoviert gern und schl\u00e4gt vor, dir die Diele zu streichen, w\u00e4hrend du \u00fcbers Wochenende verreist bist. Du freust dich \u00fcber die Idee und stimmst zu. Du m\u00f6chtest dann gern in der Diele ein paar Bilder aufh\u00e4ngen und h\u00e4ttest deshalb gern alle W\u00e4nde wei\u00df gestrichen. Kein Problem, sagt die Freundin, das geht flott und macht keine M\u00fche.<br \/>\nEinige Wochen sp\u00e4ter ist der gro\u00dfe Termin. Du kommst am Sonntagabend von einer sch\u00f6nen Wochenendreise zur\u00fcck und freust dich schon auf die frisch gewei\u00dfte Diele. Du \u00f6ffnest die T\u00fcr. Deine Freundin steht dort, sie hat noch den Pinsel in der Hand, ist hocherfreut \u00fcber dein Kommen und ganz aufgeregt.<br \/>\nAuf den W\u00e4nden deiner Diele befindet sich ein ganzes Panorama. Deine Freundin hat eine wundersch\u00f6ne, aufwendige toskanische Landschaft gepinselt. Sie hat sich riesige M\u00fche gegeben und ist sicher, dass es dir gef\u00e4llt. Einfach nur alles wei\u00df zu streichen, erkl\u00e4rt sie, war so langweilig. Und au\u00dferdem warst du schon \u00f6fter in Italien im Urlaub, und die Landschaft hat dir gut gefallen. Du magst italienische K\u00fcche, und die warmen freundlichen Farben, die sie verwendet hat, versetzen garantiert jeden in gute Stimmung. <br \/>\nDu verabscheust Landschaften an den W\u00e4nden. Du wolltest die W\u00e4nde wei\u00df haben und sonst gar nichts. Du schluckst. Du wei\u00dft nicht, ob du lachen oder weinen sollst. Du willst sie nicht verletzen. Also bedankst du dich erst einmal herzlich f\u00fcr all die M\u00fche, die sie sich gemacht hat, bevor du sie nach Hause schickst. Im Geiste berechnest du, was es kosten wird, die Diele von einem Maler streichen zu lassen. Und du wei\u00dft, dass du nie wieder Unterst\u00fctzung beim Renovieren von ihr erbitten oder akzeptieren wirst.<\/p>\n<p>Unrealistisch? Nun ja. Ersetze jetzt mal die Freundin durch dich selbst, dich selbst durch deinen Mann\/Freund\/Bruder\/Vater\/Sohn\/Schwager\/Neffen und die Diele durch einen neuen Pullover, den du besagtem m\u00e4nnlichen Wesen zu stricken anbietest. Mann\/Freund\/Bruder\/Vater\/Schwager\/Neffe hat klare Vorstellungen davon: Rippenmuster in Marineblau und ein runder Ausschnitt. Das anzufertigen ist \u00fcberhaupt kein Problem f\u00fcr dich, du machst dich sofort ans Stricken. <br \/>\nAber schon bei der Maschenprobe merkst du: Rippenmuster in Marineblau ist dir zu \u00f6d und zu dunkel. Also stellst du um auf, sagen wir mal, eine Lusekofte-Variante in Graublau mit Natur, mit einem dezenten Norwegermuster und Rei\u00dfverschluss am Hals. Das ist sowieso praktischer. Und sch\u00f6ner findest du das Ganze auch. Es ist zwar etwas m\u00fchsamer, aber ER ist dir das wert. Au\u00dferdem hat er schon mal Urlaub in Norwegen gemacht und isst gern norwegischen R\u00e4ucherlachs.<br \/>\nDer Tag der Pr\u00e4sentation ist gekommen. Du legst ihm das einmalig sch\u00f6ne Modell hin. Und ER? Er schaut es leicht entsetzt an und ist \u00fcberhaupt nicht so begeistert, wie du dir das vorgestellt hattest. Wahrscheinlich \u00fcberlegt er, was ein schlichter marineblauer Rippenpullover im Laden kostet.<br \/>\nErwarte nicht, dass er jemals wieder etwas von dir gestrickt haben m\u00f6chte.<\/p>\n","protected":false},"excerpt":{"rendered":"<p>Stell dir einmal folgendes Szenario vor: Eine Freundin besucht dich, betrachtet angelegentlich deine Diele und meint, dass die mal wieder einen neuen Anstrich vertragen k\u00f6nne. Sie ist handwerklich begabt, renoviert gern und schl\u00e4gt vor, dir die Diele zu streichen, w\u00e4hrend du \u00fcbers Wochenende verreist bist. Du freust dich \u00fcber die Idee und stimmst zu. Du &hellip; <a href=\"https:\/\/www.strickforum.de\/blog\/uberraschung-3\/\" class=\"more-link\"><span class=\"screen-reader-text\">\u201e\u00dcberraschung\u201c <\/span>weiterlesen<\/a><\/p>\n","protected":false},"author":3,"featured_media":0,"comment_status":"open","ping_status":"open","sticky":false,"template":"","format":"standard","meta":{"_seopress_robots_primary_cat":"","_seopress_titles_title":"","_seopress_titles_desc":"","_seopress_robots_index":"","_crdt_document":"","jetpack_post_was_ever_published":false,"_jetpack_newsletter_access":"","_jetpack_dont_email_post_to_subs":false,"_jetpack_newsletter_tier_id":0,"_jetpack_memberships_contains_paywalled_content":false,"_jetpack_memberships_contains_paid_content":false,"footnotes":"","jetpack_publicize_message":"","jetpack_publicize_feature_enabled":true,"jetpack_social_post_already_shared":false,"jetpack_social_options":{"image_generator_settings":{"template":"highway","default_image_id":0,"font":"","enabled":false},"version":2}},"categories":[5],"tags":[],"class_list":["post-1298","post","type-post","status-publish","format-standard","hentry","category-5"],"jetpack_publicize_connections":[],"jetpack_featured_media_url":"","jetpack_sharing_enabled":true,"jetpack_shortlink":"https:\/\/wp.me\/p7JbSI-kW","jetpack-related-posts":[{"id":1433,"url":"https:\/\/www.strickforum.de\/blog\/die-verstrickte-dienstagsfrage-392012\/","url_meta":{"origin":1298,"position":0},"title":"Die verstrickte Dienstagsfrage 39\/2012","author":"Admin","date":"25. September 2012","format":false,"excerpt":"Diese Woche fragt das Wollschaf: 1. Warum bloggst du und wie bist du \u00fcberhaupt dazu gekommen? 2. Was motiviert dich dazu und wor\u00fcber freust du dich dabei? 3. Welchen Blog besuchst du am liebsten? Vielen Dank an Tiffany f\u00fcr die heutige Frage! Dann fangen wir mal an. Achtung, Weiterlesen nur\u2026","rel":"","context":"In &quot;Allgemeines&quot;","block_context":{"text":"Allgemeines","link":"https:\/\/www.strickforum.de\/blog\/category\/1\/"},"img":{"alt_text":"","src":"","width":0,"height":0},"classes":[]},{"id":3487,"url":"https:\/\/www.strickforum.de\/blog\/neue-fingerlose-handschuhe\/","url_meta":{"origin":1298,"position":1},"title":"Neue fingerlose Handschuhe","author":"Admin","date":"5. November 2022","format":false,"excerpt":"Vor zwei Wochen rief mich eine Freundin an, die einige hundert Kilometer von mir entfernt wohnt. Es geht ihr momentan aus mehreren Gr\u00fcnden (die ich hier nicht nennen werde) nicht gut. Wie ich macht sie sich Sorgen wegen der allgemeinen Inflation, ebenso wegen der steigenden Kosten f\u00fcrs Heizen. Uns beiden\u2026","rel":"","context":"In &quot;Stricken&quot;","block_context":{"text":"Stricken","link":"https:\/\/www.strickforum.de\/blog\/category\/3\/"},"img":{"alt_text":"","src":"https:\/\/i0.wp.com\/www.strickforum.de\/blog\/wp-content\/uploads\/2022\/11\/te-ara_prolana.jpg?resize=350%2C200&ssl=1","width":350,"height":200,"srcset":"https:\/\/i0.wp.com\/www.strickforum.de\/blog\/wp-content\/uploads\/2022\/11\/te-ara_prolana.jpg?resize=350%2C200&ssl=1 1x, https:\/\/i0.wp.com\/www.strickforum.de\/blog\/wp-content\/uploads\/2022\/11\/te-ara_prolana.jpg?resize=525%2C300&ssl=1 1.5x, https:\/\/i0.wp.com\/www.strickforum.de\/blog\/wp-content\/uploads\/2022\/11\/te-ara_prolana.jpg?resize=700%2C400&ssl=1 2x, https:\/\/i0.wp.com\/www.strickforum.de\/blog\/wp-content\/uploads\/2022\/11\/te-ara_prolana.jpg?resize=1050%2C600&ssl=1 3x, https:\/\/i0.wp.com\/www.strickforum.de\/blog\/wp-content\/uploads\/2022\/11\/te-ara_prolana.jpg?resize=1400%2C800&ssl=1 4x"},"classes":[]},{"id":1573,"url":"https:\/\/www.strickforum.de\/blog\/die-verstrickte-dienstagsfrage-242013\/","url_meta":{"origin":1298,"position":2},"title":"Die verstrickte Dienstagsfrage 24\/2013","author":"Admin","date":"11. Juni 2013","format":false,"excerpt":"Diese Woche fragt das Wollschaf: Hast Du schon einmal einen Freund oder eine Freundin durchs Stricken kennengelernt? Vielen Dank an \u201ePraagelmam\u201c f\u00fcr die heutige Frage! Und ob. Und zwar nicht erst zu Zeiten des Internets, sondern bereits viele Jahre vorher. Eine sehr liebe Freundin war meine mittlerweile verstorbene Stricklehrerin Dodo\u2026","rel":"","context":"In &quot;Stricken&quot;","block_context":{"text":"Stricken","link":"https:\/\/www.strickforum.de\/blog\/category\/3\/"},"img":{"alt_text":"","src":"","width":0,"height":0},"classes":[]},{"id":3151,"url":"https:\/\/www.strickforum.de\/blog\/winter-set\/","url_meta":{"origin":1298,"position":3},"title":"Winter-Set","author":"Admin","date":"27. Dezember 2020","format":false,"excerpt":"Vor mehr als einem Jahr strickte ich f\u00fcr eine Freundin, die selbst nicht strickt, auf die Schnelle eine \"Vertigo\" M\u00fctze, da die \u00c4rmste f\u00fcr ihre Spazierg\u00e4nge mit dem Hund nicht einmal eine w\u00e4rmende Kopfbedeckung hatte. Lieber h\u00e4tte ich f\u00fcr sie ein ganzes Set, bestehend aus M\u00fctze, Schal und Handschuhen gearbeitet,\u2026","rel":"","context":"In &quot;Stricken&quot;","block_context":{"text":"Stricken","link":"https:\/\/www.strickforum.de\/blog\/category\/3\/"},"img":{"alt_text":"M\u00fctze \"Slipstream\"","src":"https:\/\/i0.wp.com\/www.strickforum.de\/blog\/wp-content\/uploads\/2020\/12\/slipstream-muetze.jpg?resize=350%2C200&ssl=1","width":350,"height":200,"srcset":"https:\/\/i0.wp.com\/www.strickforum.de\/blog\/wp-content\/uploads\/2020\/12\/slipstream-muetze.jpg?resize=350%2C200&ssl=1 1x, https:\/\/i0.wp.com\/www.strickforum.de\/blog\/wp-content\/uploads\/2020\/12\/slipstream-muetze.jpg?resize=525%2C300&ssl=1 1.5x, https:\/\/i0.wp.com\/www.strickforum.de\/blog\/wp-content\/uploads\/2020\/12\/slipstream-muetze.jpg?resize=700%2C400&ssl=1 2x"},"classes":[]},{"id":1240,"url":"https:\/\/www.strickforum.de\/blog\/die-verstrickte-dienstagsfrage-392011\/","url_meta":{"origin":1298,"position":4},"title":"Die verstrickte Dienstagsfrage 39\/2011","author":"Admin","date":"27. September 2011","format":false,"excerpt":"Das Wollschaf fragt diesmal: Hast Du schon mal einen Strickauftrag bekommen \u2013 von wem auch immer? Wie lief Dein erster Auftrag ab? Vielen Dank an Angela f\u00fcr die heutige Frage! Ich habe fr\u00fcher sehr viele Auftr\u00e4ge bekommen und auch gestrickt. Es begann 1987, nachdem ich mir eine Strickmaschine gekauft hatte.\u2026","rel":"","context":"In &quot;Stricken&quot;","block_context":{"text":"Stricken","link":"https:\/\/www.strickforum.de\/blog\/category\/3\/"},"img":{"alt_text":"","src":"","width":0,"height":0},"classes":[]},{"id":1884,"url":"https:\/\/www.strickforum.de\/blog\/die-verstrickte-dienstagsfrage-woche-82015\/","url_meta":{"origin":1298,"position":5},"title":"Die verstrickte Dienstagsfrage Woche 8\/2015","author":"Admin","date":"17. Februar 2015","format":false,"excerpt":"L\u00e4ngere Zeit habe ich mich nicht an den Wollschaf-Fragen beteiligt habe, aber die diesw\u00f6chige Frage finde ich spannend. Sie lautet: Was macht f\u00fcr Dich ein gutes Strickdesign aus? Gutes Strickdesign entsteht f\u00fcr mich, wenn Garn, Farbe(n), Muster und Form eine harmonische Kombination mit vielleicht noch einem Tick Au\u00dfergew\u00f6hnlichkeit bilden. Falls\u2026","rel":"","context":"In &quot;Stricken&quot;","block_context":{"text":"Stricken","link":"https:\/\/www.strickforum.de\/blog\/category\/3\/"},"img":{"alt_text":"","src":"","width":0,"height":0},"classes":[]}],"_links":{"self":[{"href":"https:\/\/www.strickforum.de\/blog\/wp-json\/wp\/v2\/posts\/1298","targetHints":{"allow":["GET"]}}],"collection":[{"href":"https:\/\/www.strickforum.de\/blog\/wp-json\/wp\/v2\/posts"}],"about":[{"href":"https:\/\/www.strickforum.de\/blog\/wp-json\/wp\/v2\/types\/post"}],"author":[{"embeddable":true,"href":"https:\/\/www.strickforum.de\/blog\/wp-json\/wp\/v2\/users\/3"}],"replies":[{"embeddable":true,"href":"https:\/\/www.strickforum.de\/blog\/wp-json\/wp\/v2\/comments?post=1298"}],"version-history":[{"count":0,"href":"https:\/\/www.strickforum.de\/blog\/wp-json\/wp\/v2\/posts\/1298\/revisions"}],"wp:attachment":[{"href":"https:\/\/www.strickforum.de\/blog\/wp-json\/wp\/v2\/media?parent=1298"}],"wp:term":[{"taxonomy":"category","embeddable":true,"href":"https:\/\/www.strickforum.de\/blog\/wp-json\/wp\/v2\/categories?post=1298"},{"taxonomy":"post_tag","embeddable":true,"href":"https:\/\/www.strickforum.de\/blog\/wp-json\/wp\/v2\/tags?post=1298"}],"curies":[{"name":"wp","href":"https:\/\/api.w.org\/{rel}","templated":true}]}}