{"id":1300,"date":"2012-01-11T07:20:52","date_gmt":"2012-01-11T06:20:52","guid":{"rendered":"http:\/\/www.strickforum.de\/blog\/?p=1300"},"modified":"2012-01-11T07:20:52","modified_gmt":"2012-01-11T06:20:52","slug":"die-verstrickte-dienstagsfrage-22012","status":"publish","type":"post","link":"https:\/\/www.strickforum.de\/blog\/die-verstrickte-dienstagsfrage-22012\/","title":{"rendered":"Die verstrickte Dienstagsfrage 2\/2012"},"content":{"rendered":"<p><b>Das <a href=\"http:\/\/daswollschaf.wordpress.com\/2012\/01\/10\/die-verstrickte-dienstagsfrage-22012\/#comments\" target=\"_blank\">Wollschaf<\/a> fragt diesmal:<br \/>\nWie strickt ihr in Runden gestrickte Kleinteile (Socken, M\u00fctzen usw.)? Benutzt ihr ein Nadelspiel? Was f\u00fcr eins, ein herk\u00f6mmliches oder lieber Cubics??? Oder strickt ihr mit dem Magic Loop (Wunderschlinge) ?? Wenn ihr Socken mit Magic Loop strickt, strickt ihr jeden einzeln, oder gleich beide auf einmal????<br \/>\nVielen Dank an <a href=\"http:\/\/elaswollgewusel.blogspot.com\/\" target=\"_blank\">Daniela<\/a> f\u00fcr die heutige Frage!<\/b><\/p>\n<p>Ich bin ja diesmal sp\u00e4t dran und konnte deshalb schon viele Antworten lesen. Das habe ich mit gro\u00dfem Interesse sowie teilweise Brechreiz und Sch\u00fcttelfrost getan. Nein, ich bin nicht krank. Aber die Vorstellung, acht Handschuhfinger und zwei Handschuhdaumen mit Magic Loop zu stricken, erzeugt bei mir hochgradige G\u00e4nsehaut und \u00dcbelkeit. Arme, unschuldige Fingermaschen \u00fcber einen 120 cm langen Rund-Parcours zu qu\u00e4len, wenn eine 12-cm-Sprintstrecke ausreicht, das ist Folter an Mannschaft und Material. <br \/>\nWomit dann wohl auch die Grundfrage beantwortet w\u00e4re. Ich stricke auf der Rundstricknadel, was bequem draufpasst. Den gr\u00f6\u00dften Teil der &#8220;Corella&#8221;-M\u00fctze beispielsweise habe ich auf einer 60-cm-Nadel gestrickt. Als die ersten merklichen Abnahmen folgten, nahm ich die halbe Runde auf eine zweite Rundstricknadel in derselben St\u00e4rke und strickte jede Nadel mit sich selbst ab. Noch weiter oben aber war mir das viel zu viel Geschiebe, da kamen die Maschen auf ein Nadelspiel. So werde ich es auch weiterhin handhaben.<br \/>\nCubic-Nadeln interessieren mich nicht. Ich bin altmodisch und muss nicht jeden neuen Tr\u00f6del ausprobieren, solange es mit meinen bew\u00e4hrten Methoden gut funktioniert.<\/p>\n","protected":false},"excerpt":{"rendered":"<p>Das Wollschaf fragt diesmal: Wie strickt ihr in Runden gestrickte Kleinteile (Socken, M\u00fctzen usw.)? Benutzt ihr ein Nadelspiel? Was f\u00fcr eins, ein herk\u00f6mmliches oder lieber Cubics??? Oder strickt ihr mit dem Magic Loop (Wunderschlinge) ?? Wenn ihr Socken mit Magic Loop strickt, strickt ihr jeden einzeln, oder gleich beide auf einmal???? Vielen Dank an Daniela &hellip; <a href=\"https:\/\/www.strickforum.de\/blog\/die-verstrickte-dienstagsfrage-22012\/\" class=\"more-link\"><span class=\"screen-reader-text\">\u201eDie verstrickte Dienstagsfrage 2\/2012\u201c <\/span>weiterlesen<\/a><\/p>\n","protected":false},"author":3,"featured_media":0,"comment_status":"open","ping_status":"open","sticky":false,"template":"","format":"standard","meta":{"_seopress_robots_primary_cat":"","_seopress_titles_title":"","_seopress_titles_desc":"","_seopress_robots_index":"","_crdt_document":"","jetpack_post_was_ever_published":false,"_jetpack_newsletter_access":"","_jetpack_dont_email_post_to_subs":false,"_jetpack_newsletter_tier_id":0,"_jetpack_memberships_contains_paywalled_content":false,"_jetpack_memberships_contains_paid_content":false,"footnotes":"","jetpack_publicize_message":"","jetpack_publicize_feature_enabled":true,"jetpack_social_post_already_shared":false,"jetpack_social_options":{"image_generator_settings":{"template":"highway","default_image_id":0,"font":"","enabled":false},"version":2}},"categories":[6],"tags":[],"class_list":["post-1300","post","type-post","status-publish","format-standard","hentry","category-6"],"jetpack_publicize_connections":[],"jetpack_featured_media_url":"","jetpack_sharing_enabled":true,"jetpack_shortlink":"https:\/\/wp.me\/p7JbSI-kY","jetpack-related-posts":[{"id":1607,"url":"https:\/\/www.strickforum.de\/blog\/strickfehler\/","url_meta":{"origin":1300,"position":0},"title":"Strickfehler","author":"Admin","date":"24. August 2013","format":false,"excerpt":"Wer seit so langer Zeit strickt wie ich (mehr als 30 Jahre von Hand, mehr als 25 Jahre mit der Maschine), hat schon so ziemlich alle erdenklichen Fehler gemacht. Zu den immer wieder beliebten Evergreens geh\u00f6rt beispielsweise das Vergessen eines Umschlags im Lochmuster oder seines Gegenteils, des Zusammenstrickens zweier Maschen.\u2026","rel":"","context":"In &quot;Stricken&quot;","block_context":{"text":"Stricken","link":"https:\/\/www.strickforum.de\/blog\/category\/3\/"},"img":{"alt_text":"","src":"","width":0,"height":0},"classes":[]},{"id":2600,"url":"https:\/\/www.strickforum.de\/blog\/ein-altes-wip\/","url_meta":{"origin":1300,"position":1},"title":"Ein altes WIP","author":"Admin","date":"5. November 2018","format":false,"excerpt":"Vorgestern fiel mir ein Gestrick in die H\u00e4nde, das ich vor vielen Monaten, wenn nicht sogar einigen Jahren begonnen hatte. Es handelt sich um einen ziemlich simplen Schal aus einem Rest Noro Shinano in Blau-Rot-T\u00f6nen. Den gr\u00f6\u00dferen Teil des Garns hatte ich vor gut f\u00fcnf Jahren im \"Four Quarters\"-Pullover verbraucht.\u2026","rel":"","context":"In &quot;Stricken&quot;","block_context":{"text":"Stricken","link":"https:\/\/www.strickforum.de\/blog\/category\/3\/"},"img":{"alt_text":"Diagonal-Loop","src":"https:\/\/i0.wp.com\/www.strickforum.de\/blog\/wp-content\/uploads\/2018\/11\/diagonal-loop.jpg?resize=350%2C200","width":350,"height":200,"srcset":"https:\/\/i0.wp.com\/www.strickforum.de\/blog\/wp-content\/uploads\/2018\/11\/diagonal-loop.jpg?resize=350%2C200 1x, https:\/\/i0.wp.com\/www.strickforum.de\/blog\/wp-content\/uploads\/2018\/11\/diagonal-loop.jpg?resize=525%2C300 1.5x, https:\/\/i0.wp.com\/www.strickforum.de\/blog\/wp-content\/uploads\/2018\/11\/diagonal-loop.jpg?resize=700%2C400 2x"},"classes":[]},{"id":3151,"url":"https:\/\/www.strickforum.de\/blog\/winter-set\/","url_meta":{"origin":1300,"position":2},"title":"Winter-Set","author":"Admin","date":"27. Dezember 2020","format":false,"excerpt":"Vor mehr als einem Jahr strickte ich f\u00fcr eine Freundin, die selbst nicht strickt, auf die Schnelle eine \"Vertigo\" M\u00fctze, da die \u00c4rmste f\u00fcr ihre Spazierg\u00e4nge mit dem Hund nicht einmal eine w\u00e4rmende Kopfbedeckung hatte. Lieber h\u00e4tte ich f\u00fcr sie ein ganzes Set, bestehend aus M\u00fctze, Schal und Handschuhen gearbeitet,\u2026","rel":"","context":"In &quot;Stricken&quot;","block_context":{"text":"Stricken","link":"https:\/\/www.strickforum.de\/blog\/category\/3\/"},"img":{"alt_text":"M\u00fctze \"Slipstream\"","src":"https:\/\/i0.wp.com\/www.strickforum.de\/blog\/wp-content\/uploads\/2020\/12\/slipstream-muetze.jpg?resize=350%2C200&ssl=1","width":350,"height":200,"srcset":"https:\/\/i0.wp.com\/www.strickforum.de\/blog\/wp-content\/uploads\/2020\/12\/slipstream-muetze.jpg?resize=350%2C200&ssl=1 1x, https:\/\/i0.wp.com\/www.strickforum.de\/blog\/wp-content\/uploads\/2020\/12\/slipstream-muetze.jpg?resize=525%2C300&ssl=1 1.5x, https:\/\/i0.wp.com\/www.strickforum.de\/blog\/wp-content\/uploads\/2020\/12\/slipstream-muetze.jpg?resize=700%2C400&ssl=1 2x"},"classes":[]},{"id":3490,"url":"https:\/\/www.strickforum.de\/blog\/loop-oder-cowl\/","url_meta":{"origin":1300,"position":3},"title":"Loop oder Cowl","author":"Admin","date":"10. November 2022","format":false,"excerpt":"Ihr kennt es sicherlich: Man sieht irgendwo ein sch\u00f6nes Strickteil, und schon \u00fcberkommt einen die Lust, etwas mehr oder weniger \u00c4hnliches zu produzieren. So erging es mir mit diesem Projekt. Den Ansto\u00df gab eine Anleitung von Iris Schreier, die f\u00fcr kurze Zeit kostenlos bei Ravelry verf\u00fcgbar war. So hundertprozentig gefiel\u2026","rel":"","context":"In &quot;Stricken&quot;","block_context":{"text":"Stricken","link":"https:\/\/www.strickforum.de\/blog\/category\/3\/"},"img":{"alt_text":"","src":"https:\/\/i0.wp.com\/www.strickforum.de\/blog\/wp-content\/uploads\/2022\/11\/loop-tuerkis.jpg?resize=350%2C200&ssl=1","width":350,"height":200,"srcset":"https:\/\/i0.wp.com\/www.strickforum.de\/blog\/wp-content\/uploads\/2022\/11\/loop-tuerkis.jpg?resize=350%2C200&ssl=1 1x, https:\/\/i0.wp.com\/www.strickforum.de\/blog\/wp-content\/uploads\/2022\/11\/loop-tuerkis.jpg?resize=525%2C300&ssl=1 1.5x, https:\/\/i0.wp.com\/www.strickforum.de\/blog\/wp-content\/uploads\/2022\/11\/loop-tuerkis.jpg?resize=700%2C400&ssl=1 2x, https:\/\/i0.wp.com\/www.strickforum.de\/blog\/wp-content\/uploads\/2022\/11\/loop-tuerkis.jpg?resize=1050%2C600&ssl=1 3x, https:\/\/i0.wp.com\/www.strickforum.de\/blog\/wp-content\/uploads\/2022\/11\/loop-tuerkis.jpg?resize=1400%2C800&ssl=1 4x"},"classes":[]},{"id":934,"url":"https:\/\/www.strickforum.de\/blog\/die-verstrickte-dienstagsfrage-162010\/","url_meta":{"origin":1300,"position":4},"title":"Die verstrickte Dienstagsfrage 16\/2010","author":"Admin","date":"20. April 2010","format":false,"excerpt":"Das Wollschaf fragt: Was strickt ihr am Liebsten. \u00c4ndert sich eure Vorliebe von Zeit zu Zeit, oder habt ihr absolute Strick-Favoriten, wie z.B. Socken oder so? Wovon ist es abh\u00e4ngig, was ihr gerne strickt? Gibt es Zeiten, in denen ihr \u00fcberhaupt nicht strickt, und warum? Herzlichen Dank an Angi f\u00fcr\u2026","rel":"","context":"In &quot;Stricken&quot;","block_context":{"text":"Stricken","link":"https:\/\/www.strickforum.de\/blog\/category\/3\/"},"img":{"alt_text":"","src":"","width":0,"height":0},"classes":[]},{"id":3519,"url":"https:\/\/www.strickforum.de\/blog\/geht-doch\/","url_meta":{"origin":1300,"position":5},"title":"Geht doch!","author":"Admin","date":"8. Januar 2023","format":false,"excerpt":"Der \"Impulse\" Loop lie\u00df sich anstandslos beenden und ist nun seit drei Tagen fertig. Um die optimale Gr\u00f6\u00dfe f\u00fcr die vorhandene Garnmenge zu ermitteln, hatte ich berechnet, wie viele Maschen mir bis zum Abschluss der vorgesehenen 120 Reihen noch gefehlt hatten, und teilte diese Zahl dann durch 120. Auf ganze\u2026","rel":"","context":"In &quot;Stricken&quot;","block_context":{"text":"Stricken","link":"https:\/\/www.strickforum.de\/blog\/category\/3\/"},"img":{"alt_text":"","src":"https:\/\/i0.wp.com\/www.strickforum.de\/blog\/wp-content\/uploads\/2023\/01\/impulse-cowl-done.jpg?resize=350%2C200&ssl=1","width":350,"height":200,"srcset":"https:\/\/i0.wp.com\/www.strickforum.de\/blog\/wp-content\/uploads\/2023\/01\/impulse-cowl-done.jpg?resize=350%2C200&ssl=1 1x, https:\/\/i0.wp.com\/www.strickforum.de\/blog\/wp-content\/uploads\/2023\/01\/impulse-cowl-done.jpg?resize=525%2C300&ssl=1 1.5x, https:\/\/i0.wp.com\/www.strickforum.de\/blog\/wp-content\/uploads\/2023\/01\/impulse-cowl-done.jpg?resize=700%2C400&ssl=1 2x, https:\/\/i0.wp.com\/www.strickforum.de\/blog\/wp-content\/uploads\/2023\/01\/impulse-cowl-done.jpg?resize=1050%2C600&ssl=1 3x, https:\/\/i0.wp.com\/www.strickforum.de\/blog\/wp-content\/uploads\/2023\/01\/impulse-cowl-done.jpg?resize=1400%2C800&ssl=1 4x"},"classes":[]}],"_links":{"self":[{"href":"https:\/\/www.strickforum.de\/blog\/wp-json\/wp\/v2\/posts\/1300","targetHints":{"allow":["GET"]}}],"collection":[{"href":"https:\/\/www.strickforum.de\/blog\/wp-json\/wp\/v2\/posts"}],"about":[{"href":"https:\/\/www.strickforum.de\/blog\/wp-json\/wp\/v2\/types\/post"}],"author":[{"embeddable":true,"href":"https:\/\/www.strickforum.de\/blog\/wp-json\/wp\/v2\/users\/3"}],"replies":[{"embeddable":true,"href":"https:\/\/www.strickforum.de\/blog\/wp-json\/wp\/v2\/comments?post=1300"}],"version-history":[{"count":0,"href":"https:\/\/www.strickforum.de\/blog\/wp-json\/wp\/v2\/posts\/1300\/revisions"}],"wp:attachment":[{"href":"https:\/\/www.strickforum.de\/blog\/wp-json\/wp\/v2\/media?parent=1300"}],"wp:term":[{"taxonomy":"category","embeddable":true,"href":"https:\/\/www.strickforum.de\/blog\/wp-json\/wp\/v2\/categories?post=1300"},{"taxonomy":"post_tag","embeddable":true,"href":"https:\/\/www.strickforum.de\/blog\/wp-json\/wp\/v2\/tags?post=1300"}],"curies":[{"name":"wp","href":"https:\/\/api.w.org\/{rel}","templated":true}]}}