{"id":1304,"date":"2012-01-14T21:50:00","date_gmt":"2012-01-14T20:50:00","guid":{"rendered":"http:\/\/www.strickforum.de\/blog\/?p=1304"},"modified":"2012-01-14T21:50:00","modified_gmt":"2012-01-14T20:50:00","slug":"laaangweilig-boooring","status":"publish","type":"post","link":"https:\/\/www.strickforum.de\/blog\/laaangweilig-boooring\/","title":{"rendered":"Laaangweilig &#8211; Boooring"},"content":{"rendered":"<p>Zur Zeit habe ich einen simplen Kapuzenschal in Arbeit. Mit Nadelst\u00e4rke 6 verstricke ich Lang &#8220;Montana&#8221;, ein relativ dickes Flamm\u00e9garn aus halb Acryl und halb Wolle\/Alpaka. Grundlage f\u00fcr diesen Schal ist das <a href=\"http:\/\/www.garnstudio.com\/lang\/de\/visoppskrift.php?d_nr=123&amp;d_id=36&amp;lang=de\" target=\"_blank\">Modell 123-36 von Drops<\/a>. Da ich aber eine andere Maschenprobe habe, habe ich meine Maschenzahlen nat\u00fcrlich ge\u00e4ndert. Au\u00dferdem stricke ich den Schal in einem St\u00fcck. <br \/>\nHier arbeite ich \u00fcbrigens mit einer Kettrandmasche: Die erste Masche jeder Reihe wird wie zum Linksstricken abgehoben, die letzte Masche wird rechts gestrickt. F\u00fcr Schals finde ich diese Methode brauchbar. F\u00fcr andere Sachen eher nicht. Damit der Kettrand besser aussieht, ziehe ich die zweite Masche besonders fest an. <\/p>\n<p><img data-recalc-dims=\"1\" decoding=\"async\" src=\"https:\/\/i0.wp.com\/www.strickforum.de\/images\/blog\/12_01\/montana-schal_450.jpg?w=840\" alt=\"Kapuzenschal, hooded scarf\" \/><\/p>\n<p><img data-recalc-dims=\"1\" decoding=\"async\" src=\"https:\/\/i0.wp.com\/www.strickforum.de\/images\/blog\/12_01\/montana-schal_randm_450.jpg?w=840\" alt=\"Randmaschen, edge stitches\" \/><\/p>\n<p>My current work-in-progress is a simple hooded scarf. It is knit with needle size 6 mm and Lang &#8220;Montana&#8221; a rather bulky slub yarn, half acrylic, half wool\/alpaca. I got the basic idea from <a href=\"http:\/\/www.garnstudio.com\/lang\/en\/pattern.php?id=4676&amp;lang=en\" target=\"_blank\">Garnstudio pattern 123-36<\/a>. But as my gauge is different, I adjusted my stitch numbers. And I work the scarf in one piece only.<br \/>\nBy the way, here I work a chain stitch selvedge: The first stitch in each row is slipped as if to purl, the last one is a knit stitch. For scarves, this method is suitable. For other projects, rather not. To achieve a smoother look, I pull the second stitch in every row extra tight.<\/p>\n","protected":false},"excerpt":{"rendered":"<p>Zur Zeit habe ich einen simplen Kapuzenschal in Arbeit. Mit Nadelst\u00e4rke 6 verstricke ich Lang &#8220;Montana&#8221;, ein relativ dickes Flamm\u00e9garn aus halb Acryl und halb Wolle\/Alpaka. Grundlage f\u00fcr diesen Schal ist das Modell 123-36 von Drops. Da ich aber eine andere Maschenprobe habe, habe ich meine Maschenzahlen nat\u00fcrlich ge\u00e4ndert. Au\u00dferdem stricke ich den Schal in &hellip; <a href=\"https:\/\/www.strickforum.de\/blog\/laaangweilig-boooring\/\" class=\"more-link\"><span class=\"screen-reader-text\">\u201eLaaangweilig &#8211; Boooring\u201c <\/span>weiterlesen<\/a><\/p>\n","protected":false},"author":3,"featured_media":0,"comment_status":"open","ping_status":"open","sticky":false,"template":"","format":"standard","meta":{"_seopress_robots_primary_cat":"","_seopress_titles_title":"","_seopress_titles_desc":"","_seopress_robots_index":"","_crdt_document":"","jetpack_post_was_ever_published":false,"_jetpack_newsletter_access":"","_jetpack_dont_email_post_to_subs":false,"_jetpack_newsletter_tier_id":0,"_jetpack_memberships_contains_paywalled_content":false,"_jetpack_memberships_contains_paid_content":false,"footnotes":"","jetpack_publicize_message":"","jetpack_publicize_feature_enabled":true,"jetpack_social_post_already_shared":false,"jetpack_social_options":{"image_generator_settings":{"template":"highway","default_image_id":0,"font":"","enabled":false},"version":2}},"categories":[6],"tags":[],"class_list":["post-1304","post","type-post","status-publish","format-standard","hentry","category-6"],"jetpack_publicize_connections":[],"jetpack_featured_media_url":"","jetpack_sharing_enabled":true,"jetpack_shortlink":"https:\/\/wp.me\/p7JbSI-l2","jetpack-related-posts":[{"id":1358,"url":"https:\/\/www.strickforum.de\/blog\/schwerstarbeit-hard-work\/","url_meta":{"origin":1304,"position":0},"title":"Schwerstarbeit &#8211; Hard work","author":"Admin","date":"7. April 2012","format":false,"excerpt":"Endlich wurde der zweite Kapuzenschal fertig, an dem ich seit Ende Februar gestrickt habe. Das Material ist Bremont \u201cLucia\u201d, ein sehr weiches, aber auch schweres Alpaka-Merino-Gemisch mit einer Laufl\u00e4nge von 100 m auf 100 g. Insgesamt verbrauchte ich 400 g. Ich strickte mit Nadelst\u00e4rke 7 mm, und jede einzelne Masche\u2026","rel":"","context":"In &quot;Stricken&quot;","block_context":{"text":"Stricken","link":"https:\/\/www.strickforum.de\/blog\/category\/3\/"},"img":{"alt_text":"","src":"","width":0,"height":0},"classes":[]},{"id":277,"url":"https:\/\/www.strickforum.de\/blog\/einen-kapuzenschal-ganz-einfach-stricken\/","url_meta":{"origin":1304,"position":1},"title":"Einen Kapuzenschal ganz einfach stricken","author":"Admin","date":"12. September 2007","format":false,"excerpt":"Kaum wird es k\u00e4lter, da schreit alle Welt nach einer Anleitung f\u00fcr einen Kapuzenschal. Hier ist eine supereinfache Variante, so leicht, dass man dabei nicht mal nachdenken muss. Und ich habe dieses Ding an einem Abend gestrickt, allerdings auf der Strickmaschine. Von Hand dauert es l\u00e4nger, ist aber genauso einfach.\u2026","rel":"","context":"In &quot;Stricken&quot;","block_context":{"text":"Stricken","link":"https:\/\/www.strickforum.de\/blog\/category\/3\/"},"img":{"alt_text":"Kapuzenschal, hooded scarf","src":"https:\/\/i0.wp.com\/www.strickforum.de\/blog\/media\/1\/20070912-kapuzenschal2.jpg?resize=350%2C200","width":350,"height":200},"classes":[]},{"id":2627,"url":"https:\/\/www.strickforum.de\/blog\/maschenproben-zum-staunen\/","url_meta":{"origin":1304,"position":2},"title":"Maschenproben zum Staunen","author":"Admin","date":"2. Dezember 2018","format":false,"excerpt":"Wir kennen es alle: Auf den Banderolen so mancher Hersteller sind Nadelst\u00e4rken und daraus resultierende Maschenproben angegeben, \u00fcber die jede halbwegs erfahrene Strickerin nur den Kopf sch\u00fcttelt. Beispielsweise soll man eine Merino-Mischung mit einer Laufl\u00e4nge von 125 m auf 50 g mit Nadelst\u00e4rke 6-7 verstricken und kommt dann auf 18\u2026","rel":"","context":"In &quot;Stricken&quot;","block_context":{"text":"Stricken","link":"https:\/\/www.strickforum.de\/blog\/category\/3\/"},"img":{"alt_text":"Rainbow Cotton mit Maschine gestrickt","src":"https:\/\/i0.wp.com\/www.strickforum.de\/blog\/wp-content\/uploads\/2018\/12\/rainbow-maschine.jpg?resize=350%2C200&ssl=1","width":350,"height":200,"srcset":"https:\/\/i0.wp.com\/www.strickforum.de\/blog\/wp-content\/uploads\/2018\/12\/rainbow-maschine.jpg?resize=350%2C200&ssl=1 1x, https:\/\/i0.wp.com\/www.strickforum.de\/blog\/wp-content\/uploads\/2018\/12\/rainbow-maschine.jpg?resize=525%2C300&ssl=1 1.5x, https:\/\/i0.wp.com\/www.strickforum.de\/blog\/wp-content\/uploads\/2018\/12\/rainbow-maschine.jpg?resize=700%2C400&ssl=1 2x"},"classes":[]},{"id":1951,"url":"https:\/\/www.strickforum.de\/blog\/prima-resteverwertung\/","url_meta":{"origin":1304,"position":3},"title":"Prima Resteverwertung","author":"Admin","date":"17. November 2015","format":false,"excerpt":"Ich mag Schals. Zum einen finde ich sch\u00f6ne Schals und T\u00fccher in jeglicher Form einfach dekorativ; zum anderen bin ich in der Halsgegend recht empfindlich und bekomme schnell Halsschmerzen, wenn ich bei weniger als +10 Grad ohne Halsschutz drau\u00dfen unterwegs bin. Wichtig ist mir vor allem, dass so ein Tuch\u2026","rel":"","context":"In &quot;Stricken&quot;","block_context":{"text":"Stricken","link":"https:\/\/www.strickforum.de\/blog\/category\/3\/"},"img":{"alt_text":"","src":"","width":0,"height":0},"classes":[]},{"id":1121,"url":"https:\/\/www.strickforum.de\/blog\/die-verstrickte-dienstagsfrage-62011\/","url_meta":{"origin":1304,"position":4},"title":"Die verstrickte Dienstagsfrage 6\/2011","author":"Admin","date":"8. Februar 2011","format":false,"excerpt":"Das Wollschaf fragt diesmal: Dicke Garne sind momentan \u201cin\u201d, werden in Frauenzeitschriften f\u00fcr die dortigen Modelle verwendet und finden sich verst\u00e4rkt in Wollgesch\u00e4ften. Wie h\u00e4ltst Du es damit? Verwendest Du solche Garne? Wenn ja, wof\u00fcr? Bist Du zufrieden mit den Ergebnissen? Und was ist f\u00fcr Stricknadelst\u00e4rken Dein Komfortbereich? Vielen Dank\u2026","rel":"","context":"In &quot;Stricken&quot;","block_context":{"text":"Stricken","link":"https:\/\/www.strickforum.de\/blog\/category\/3\/"},"img":{"alt_text":"","src":"","width":0,"height":0},"classes":[]},{"id":1904,"url":"https:\/\/www.strickforum.de\/blog\/lacy-leaves\/","url_meta":{"origin":1304,"position":5},"title":"Lacy Leaves","author":"Admin","date":"12. April 2015","format":false,"excerpt":"Vor einigen Wochen hatte ich wieder einmal Lust, etwas mit Perlen zu stricken. Meine Wahl fiel auf einen Entwurf von Donna Druchunas f\u00fcr elegante fingerlose Handschuhe, die Lacy Leaves Mitts. Aus meinem reichhaltigen Fundus an Garn entschied ich mich f\u00fcr die feine Alpaka-Seiden-Mischung \u201cPeruseda3\u201d von der Wollerey; ein Garn, das\u2026","rel":"","context":"In &quot;Stricken&quot;","block_context":{"text":"Stricken","link":"https:\/\/www.strickforum.de\/blog\/category\/3\/"},"img":{"alt_text":"","src":"","width":0,"height":0},"classes":[]}],"_links":{"self":[{"href":"https:\/\/www.strickforum.de\/blog\/wp-json\/wp\/v2\/posts\/1304","targetHints":{"allow":["GET"]}}],"collection":[{"href":"https:\/\/www.strickforum.de\/blog\/wp-json\/wp\/v2\/posts"}],"about":[{"href":"https:\/\/www.strickforum.de\/blog\/wp-json\/wp\/v2\/types\/post"}],"author":[{"embeddable":true,"href":"https:\/\/www.strickforum.de\/blog\/wp-json\/wp\/v2\/users\/3"}],"replies":[{"embeddable":true,"href":"https:\/\/www.strickforum.de\/blog\/wp-json\/wp\/v2\/comments?post=1304"}],"version-history":[{"count":0,"href":"https:\/\/www.strickforum.de\/blog\/wp-json\/wp\/v2\/posts\/1304\/revisions"}],"wp:attachment":[{"href":"https:\/\/www.strickforum.de\/blog\/wp-json\/wp\/v2\/media?parent=1304"}],"wp:term":[{"taxonomy":"category","embeddable":true,"href":"https:\/\/www.strickforum.de\/blog\/wp-json\/wp\/v2\/categories?post=1304"},{"taxonomy":"post_tag","embeddable":true,"href":"https:\/\/www.strickforum.de\/blog\/wp-json\/wp\/v2\/tags?post=1304"}],"curies":[{"name":"wp","href":"https:\/\/api.w.org\/{rel}","templated":true}]}}