{"id":1306,"date":"2012-01-17T13:00:00","date_gmt":"2012-01-17T12:00:00","guid":{"rendered":"http:\/\/www.strickforum.de\/blog\/?p=1306"},"modified":"2012-01-17T13:00:00","modified_gmt":"2012-01-17T12:00:00","slug":"die-verstrickte-dienstagsfrage-32012","status":"publish","type":"post","link":"https:\/\/www.strickforum.de\/blog\/die-verstrickte-dienstagsfrage-32012\/","title":{"rendered":"Die verstrickte Dienstagsfrage 3\/2012"},"content":{"rendered":"<p><b>Das <a href=\"http:\/\/daswollschaf.wordpress.com\/2012\/01\/17\/die-verstrickte-dienstagsfrage-32012\/#comments\" target=\"_blank\">Wollschaf<\/a> fragt diese Woche:<br \/>\nIn den letzten Tagen habe ich in skandinavischen und baltischen Strickblogs des \u00f6fteren gelesen, dass viele den &#8220;Vorwand&#8221; der Jahreszahl 2012 nehmen wollen, um besondere Projektreihen zu starten: Einige haben sich f\u00fcr 2012 vorgenommen, in 12 Monaten 20 Sockenpaare stricken, andere 12 Pullover in 12 Monaten, andere innerhalb von 12 Monaten an 20 KALs teilzunehmen, andere wiederum wollen 20 Strickwerke \u00e0 12 Kn\u00e4uel anfertigen. Habt Ihr auch schon mal an eine solche Zahlenspielerei gedacht oder w\u00fcrdet Ihr \u00fcberhaupt solche Projektreihen starten wollen?<br \/>\nVielen Dank an <a href=\"http:\/\/www.strickloft.kunst-loft.de\/\" target=\"_blank\">Martine<\/a> f\u00fcr die heutige Frage!<\/b><\/p>\n<p>Solche Vors\u00e4tze gab es, wenn ich mich recht entsinne, auch schon f\u00fcrs vergangene Jahr und f\u00fcr das Jahr davor. Bei Ravelry existieren dazu verschiedene Gruppen, die teilweise ihren Namen allj\u00e4hrlich anpassen.<br \/>\nIch nehme mir nichts fest vor, weil ich den Druck l\u00e4stig finde. Ich habe im Job reichlich Deadlines, da muss ich mir die nicht auch noch bei meinem Hobby setzen. Lieber stricke ich spontan, wonach mir zumute ist oder was gerade gebraucht wird. Damit schaffe ich es trotzdem fast jedes Jahr, mindestens ein Dutzend Pullover zu stricken, ganz ohne Leistungsdruck. <br \/>\n20 KALs (oder auch nur zehn) w\u00e4ren f\u00fcr mich der Horror schlechthin. Im letzten Jahr habe ich an einigen KALs teilgenommen, weil die Ank\u00fcndigungen spannend klangen. Leider war das Ergebnis f\u00fcr mich \u00fcberwiegend entt\u00e4uschend, und das umso mehr, je gr\u00f6\u00dfer der \u00dcberraschungseffekt sein sollte. Unter den Entt\u00e4uschungen befanden sich beispielsweise Wollmeise-Socken und Stephen-West-Designs. (Sollte Herr West sich irgendwann auf das Entwerfen von richtiger Kleidung verlegen, werde ich meine Einsch\u00e4tzung vielleicht \u00fcberdenken.) Zw\u00f6lf oder gar noch mehr T\u00fccher in einem Jahr brauche ich erst recht nicht, obwohl die Dinger nat\u00fcrlich ganz nett zu stricken sein k\u00f6nnen. Aber wenn man  sowieso nur \u00e4u\u00dferst begrenzte Zeit f\u00fcrs Hobby hat, dann konzentriert man sich vielleicht lieber auf N\u00fctzliches und dringend Ben\u00f6tigtes, statt Besch\u00e4ftigungstherapie und Zeittotschlag zu betreiben. Beispielsweise steht in meinem Haushalt der Ersatz diverser Sockenpaare an. Das Garn (4fach-Sockenwolle in h\u00fcbsch gedeckten Farben) ist schon beschafft, und das Stricken wird peu \u00e0 peu an ruhigen Feierabenden mit der Maschine erledigt. Daf\u00fcr brauche ich keinen Jahresplan. <br \/>\nIch habe trotzdem relativ feste Vorstellungen von dem, was ich in diesem Jahr mit hoher Priorit\u00e4t stricken oder fertigstellen m\u00f6chte. Diese Liste ist aber recht kurz. Zur Zeit umfasst sie etwa vier oder f\u00fcnf Dinge, die mir sehr am Herzen liegen. Zu Anfang des Jahres waren es noch zehn, aber drei wurden mittlerweile schon fertig, und einiges andere l\u00e4uft eher unter &#8220;reizvoll, aber nicht \u00fcberlebenswichtig&#8221;.<\/p>\n","protected":false},"excerpt":{"rendered":"<p>Das Wollschaf fragt diese Woche: In den letzten Tagen habe ich in skandinavischen und baltischen Strickblogs des \u00f6fteren gelesen, dass viele den &#8220;Vorwand&#8221; der Jahreszahl 2012 nehmen wollen, um besondere Projektreihen zu starten: Einige haben sich f\u00fcr 2012 vorgenommen, in 12 Monaten 20 Sockenpaare stricken, andere 12 Pullover in 12 Monaten, andere innerhalb von 12 &hellip; <a href=\"https:\/\/www.strickforum.de\/blog\/die-verstrickte-dienstagsfrage-32012\/\" class=\"more-link\"><span class=\"screen-reader-text\">\u201eDie verstrickte Dienstagsfrage 3\/2012\u201c <\/span>weiterlesen<\/a><\/p>\n","protected":false},"author":3,"featured_media":0,"comment_status":"open","ping_status":"open","sticky":false,"template":"","format":"standard","meta":{"_seopress_robots_primary_cat":"","_seopress_titles_title":"","_seopress_titles_desc":"","_seopress_robots_index":"","_crdt_document":"","jetpack_post_was_ever_published":false,"_jetpack_newsletter_access":"","_jetpack_dont_email_post_to_subs":false,"_jetpack_newsletter_tier_id":0,"_jetpack_memberships_contains_paywalled_content":false,"_jetpack_memberships_contains_paid_content":false,"footnotes":"","jetpack_publicize_message":"","jetpack_publicize_feature_enabled":true,"jetpack_social_post_already_shared":false,"jetpack_social_options":{"image_generator_settings":{"template":"highway","default_image_id":0,"font":"","enabled":false},"version":2}},"categories":[6],"tags":[],"class_list":["post-1306","post","type-post","status-publish","format-standard","hentry","category-6"],"jetpack_publicize_connections":[],"jetpack_featured_media_url":"","jetpack_sharing_enabled":true,"jetpack_shortlink":"https:\/\/wp.me\/p7JbSI-l4","jetpack-related-posts":[{"id":1455,"url":"https:\/\/www.strickforum.de\/blog\/die-verstrickte-dienstagsfrage-442012\/","url_meta":{"origin":1306,"position":0},"title":"Die verstrickte Dienstagsfrage 44\/2012","author":"Admin","date":"30. Oktober 2012","format":false,"excerpt":"Diese Woche stellt das Wollschaf eine Frage von mir: Man kann ja f\u00fcrs Stricken eine Menge Geld ausgeben, sowohl f\u00fcr Anleitungen als auch f\u00fcr Wolle und Zubeh\u00f6r. Meistens erz\u00e4hlen wir begeistert von unseren Neuanschaffungen. Aber was ist mit den Fehlk\u00e4ufen? Kam es in den letzten Monaten bei Dir vor, dass\u2026","rel":"","context":"In &quot;Stricken&quot;","block_context":{"text":"Stricken","link":"https:\/\/www.strickforum.de\/blog\/category\/3\/"},"img":{"alt_text":"","src":"","width":0,"height":0},"classes":[]},{"id":1461,"url":"https:\/\/www.strickforum.de\/blog\/die-verstrickte-dienstagsfrage-462012\/","url_meta":{"origin":1306,"position":1},"title":"Die verstrickte Dienstagsfrage 46\/2012","author":"Admin","date":"14. November 2012","format":false,"excerpt":"Diese Woche stellt das Wollschaf wieder eine Frage von mir: Hast Du ein festes monatliches (oder j\u00e4hrliches) Budget, das Du f\u00fcr Dein Hobby verwenden kannst? W\u00fcrdest Du es den Wollschaf-Lesern nennen? Ein festes Budget habe ich nicht. Ich kaufe Wolle oder B\u00fccher beispielsweise: - wenn mir etwas gut gef\u00e4llt, -\u2026","rel":"","context":"In &quot;Stricken&quot;","block_context":{"text":"Stricken","link":"https:\/\/www.strickforum.de\/blog\/category\/3\/"},"img":{"alt_text":"","src":"","width":0,"height":0},"classes":[]},{"id":1295,"url":"https:\/\/www.strickforum.de\/blog\/die-verstrickte-dienstagsfrage-12012\/","url_meta":{"origin":1306,"position":2},"title":"Die verstrickte Dienstagsfrage 1\/2012","author":"Admin","date":"3. Januar 2012","format":false,"excerpt":"Diese Woche fragt das Wollschaf: Mich w\u00fcrde mal interessieren, wo Ihr Eure Anleitungen her bekommt. Denkt Ihr Euch selbst was aus und schreibt eigene Anleitungen, oder kauft Ihr Euch Zeitungen\/B\u00fccher, st\u00f6bert Ihr im Internet oder tauscht Ihr vielleicht auf Stricktreffen mit anderen StrickerInnen Anleitungen aus? Vielen Dank an Nadja f\u00fcr\u2026","rel":"","context":"In &quot;Stricken&quot;","block_context":{"text":"Stricken","link":"https:\/\/www.strickforum.de\/blog\/category\/3\/"},"img":{"alt_text":"","src":"","width":0,"height":0},"classes":[]},{"id":1373,"url":"https:\/\/www.strickforum.de\/blog\/die-verstrickte-dienstagsfrage-202012\/","url_meta":{"origin":1306,"position":3},"title":"Die verstrickte Dienstagsfrage 20\/2012","author":"Admin","date":"15. Mai 2012","format":false,"excerpt":"Das Wollschaf zieht eine Frage aus dem Hut Archiv vom 22.03.2005: Wie sehen deine Aufzeichnungen f\u00fcr Strickprojekte aus? Strichliste, Tabellenkalkulation, Skizzen? Oder notierst du gar nichts? Das handhabe ich unterschiedlich. Zu fast jedem Projekt habe ich Notizen in meinem Projektbuch. Das sind aber in den seltensten F\u00e4llen vollst\u00e4ndige Anleitungen. Projekte,\u2026","rel":"","context":"In &quot;Stricken&quot;","block_context":{"text":"Stricken","link":"https:\/\/www.strickforum.de\/blog\/category\/3\/"},"img":{"alt_text":"","src":"","width":0,"height":0},"classes":[]},{"id":1415,"url":"https:\/\/www.strickforum.de\/blog\/die-verstrickte-dienstagsfrage-332012\/","url_meta":{"origin":1306,"position":4},"title":"Die verstrickte Dienstagsfrage 33\/2012","author":"Admin","date":"14. August 2012","format":false,"excerpt":"Diese Woche fragt das Wollschaf: Habt ihr Eigenarten beim Stricken? Also, ich z.B. kann keine zwei gleichen Socken hintereinander stricken. Da fehlt mir dann immer die Motivation f\u00fcr den Zweiten. Wenn ich beide Socken hintereinander stricken soll, dauert das ewig. Darum stricke ich jetzt immer Singles und wechsel dann durch\u2026","rel":"","context":"In &quot;Stricken&quot;","block_context":{"text":"Stricken","link":"https:\/\/www.strickforum.de\/blog\/category\/3\/"},"img":{"alt_text":"","src":"","width":0,"height":0},"classes":[]},{"id":1421,"url":"https:\/\/www.strickforum.de\/blog\/die-verstrickte-dienstagsfrage-342012\/","url_meta":{"origin":1306,"position":5},"title":"Die verstrickte Dienstagsfrage 34\/2012","author":"Admin","date":"21. August 2012","format":false,"excerpt":"Diese Woche fragt das Wollschaf: Was sch\u00e4tzt ihr: Wie viele Kilogramm Garn habt ihr in eurem Strickleben schon verarbeitet? Und wie viele Kilometer? Vielen Dank an Michaela f\u00fcr die heutige Frage! Gute G\u00fcte, jetzt geht's um gro\u00dfe Zahlen und hinunter in die Tiefen der Vergangenheit. :-) F\u00fcr die ersten Jahre\u2026","rel":"","context":"In &quot;Stricken&quot;","block_context":{"text":"Stricken","link":"https:\/\/www.strickforum.de\/blog\/category\/3\/"},"img":{"alt_text":"","src":"","width":0,"height":0},"classes":[]}],"_links":{"self":[{"href":"https:\/\/www.strickforum.de\/blog\/wp-json\/wp\/v2\/posts\/1306","targetHints":{"allow":["GET"]}}],"collection":[{"href":"https:\/\/www.strickforum.de\/blog\/wp-json\/wp\/v2\/posts"}],"about":[{"href":"https:\/\/www.strickforum.de\/blog\/wp-json\/wp\/v2\/types\/post"}],"author":[{"embeddable":true,"href":"https:\/\/www.strickforum.de\/blog\/wp-json\/wp\/v2\/users\/3"}],"replies":[{"embeddable":true,"href":"https:\/\/www.strickforum.de\/blog\/wp-json\/wp\/v2\/comments?post=1306"}],"version-history":[{"count":0,"href":"https:\/\/www.strickforum.de\/blog\/wp-json\/wp\/v2\/posts\/1306\/revisions"}],"wp:attachment":[{"href":"https:\/\/www.strickforum.de\/blog\/wp-json\/wp\/v2\/media?parent=1306"}],"wp:term":[{"taxonomy":"category","embeddable":true,"href":"https:\/\/www.strickforum.de\/blog\/wp-json\/wp\/v2\/categories?post=1306"},{"taxonomy":"post_tag","embeddable":true,"href":"https:\/\/www.strickforum.de\/blog\/wp-json\/wp\/v2\/tags?post=1306"}],"curies":[{"name":"wp","href":"https:\/\/api.w.org\/{rel}","templated":true}]}}