{"id":1317,"date":"2012-02-07T07:43:26","date_gmt":"2012-02-07T06:43:26","guid":{"rendered":"http:\/\/www.strickforum.de\/blog\/?p=1317"},"modified":"2012-02-07T07:43:26","modified_gmt":"2012-02-07T06:43:26","slug":"die-verstrickte-dienstagsfrage-62012","status":"publish","type":"post","link":"https:\/\/www.strickforum.de\/blog\/die-verstrickte-dienstagsfrage-62012\/","title":{"rendered":"Die verstrickte Dienstagsfrage 6\/2012"},"content":{"rendered":"<p><b>Das <a href=\"http:\/\/daswollschaf.wordpress.com\/2012\/02\/07\/die-verstrickte-dienstagsfrage-62012\/#comments\" target=\"_blank\">Wollschaf<\/a> m\u00f6chte diese Woche wissen:<br \/>\nSeit ihr in Strickforen unterwegs? Was ist euer Favorit?<br \/>\nVielen Dank an Tiffany f\u00fcr die heutige Frage!<\/b><\/p>\n<p>Strickforen? Aber klar doch! Ich tausche mich sehr gern mit anderen Strickerinnen aus, helfe gern bei Strickproblemen und bin dankbar, wenn mir ebenfalls bei Fragen geholfen wird.<br \/>\nMein absoluter Favorit ist nat\u00fcrlich das <a href=\"http:\/\/www.strickforum.de\/forum\" target=\"_blank\">Strickforum<\/a>. \ud83d\ude42<br \/>\nAu\u00dferdem schaue ich nahezu t\u00e4glich im <a href=\"http:\/\/board.stricknetz.net\" target=\"_blank\">Stricknetz<\/a> vorbei und bin Mitglied bei Ravelry. Einige Foren von Garnherstellern frequentiere ich gelegentlich, bin dort aber nicht sehr aktiv. Jedes Forum hat seine eigene Charakteristik und seinen eigenen Stil, und der muss zu einem passen, wenn man sich darin wohl f\u00fchlen will. <\/p>\n","protected":false},"excerpt":{"rendered":"<p>Das Wollschaf m\u00f6chte diese Woche wissen: Seit ihr in Strickforen unterwegs? Was ist euer Favorit? Vielen Dank an Tiffany f\u00fcr die heutige Frage! Strickforen? Aber klar doch! Ich tausche mich sehr gern mit anderen Strickerinnen aus, helfe gern bei Strickproblemen und bin dankbar, wenn mir ebenfalls bei Fragen geholfen wird. Mein absoluter Favorit ist nat\u00fcrlich &hellip; <a href=\"https:\/\/www.strickforum.de\/blog\/die-verstrickte-dienstagsfrage-62012\/\" class=\"more-link\"><span class=\"screen-reader-text\">\u201eDie verstrickte Dienstagsfrage 6\/2012\u201c <\/span>weiterlesen<\/a><\/p>\n","protected":false},"author":3,"featured_media":0,"comment_status":"open","ping_status":"open","sticky":false,"template":"","format":"standard","meta":{"_seopress_robots_primary_cat":"","_seopress_titles_title":"","_seopress_titles_desc":"","_seopress_robots_index":"","_crdt_document":"","jetpack_post_was_ever_published":false,"_jetpack_newsletter_access":"","_jetpack_dont_email_post_to_subs":false,"_jetpack_newsletter_tier_id":0,"_jetpack_memberships_contains_paywalled_content":false,"_jetpack_memberships_contains_paid_content":false,"footnotes":"","jetpack_publicize_message":"","jetpack_publicize_feature_enabled":true,"jetpack_social_post_already_shared":false,"jetpack_social_options":{"image_generator_settings":{"template":"highway","default_image_id":0,"font":"","enabled":false},"version":2}},"categories":[6],"tags":[],"class_list":["post-1317","post","type-post","status-publish","format-standard","hentry","category-6"],"jetpack_publicize_connections":[],"jetpack_featured_media_url":"","jetpack_sharing_enabled":true,"jetpack_shortlink":"https:\/\/wp.me\/p7JbSI-lf","jetpack-related-posts":[{"id":1450,"url":"https:\/\/www.strickforum.de\/blog\/die-verstrickte-dienstagsfrage-432012\/","url_meta":{"origin":1317,"position":0},"title":"Die verstrickte Dienstagsfrage 43\/2012","author":"Admin","date":"23. Oktober 2012","format":false,"excerpt":"Diese Woche interessiert sich das Wollschaf f\u00fcr das Stricken von Weihnachtsdeko: Habt ihr euch f\u00fcr dieses Jahr etwas vorgenommen? Da muss man fr\u00fch genug dran denken, damit das Projekt bis zum Advent auch p\u00fcnktlich fertig wird\u2026 Vielen Dank an Tiffany f\u00fcr die heutige Frage! Ich steh nicht besonders auf Weihnachtsdeko,\u2026","rel":"","context":"In &quot;Stricken&quot;","block_context":{"text":"Stricken","link":"https:\/\/www.strickforum.de\/blog\/category\/3\/"},"img":{"alt_text":"","src":"","width":0,"height":0},"classes":[]},{"id":1439,"url":"https:\/\/www.strickforum.de\/blog\/die-verstrickte-dienstagsfrage-402012\/","url_meta":{"origin":1317,"position":1},"title":"Die verstrickte Dienstagsfrage 40\/2012","author":"Admin","date":"2. Oktober 2012","format":false,"excerpt":"Diese Woche fragt das Wollschaf: Was ist euer Lieblings-Strick-Platz? Habt ihr einen und was macht diesen Platz zu euren Wohlf\u00fchl-Strick-Platz? Vielen Dank an Tiffany f\u00fcr die heutige Frage! Tats\u00e4chlich habe ich keinen absoluten Lieblings-Strickplatz. Stricken kann ich fast \u00fcberall, notfalls auch stehend, wenn ich auf Bus oder Bahn warte. Einer\u2026","rel":"","context":"In &quot;Stricken&quot;","block_context":{"text":"Stricken","link":"https:\/\/www.strickforum.de\/blog\/category\/3\/"},"img":{"alt_text":"","src":"","width":0,"height":0},"classes":[]},{"id":934,"url":"https:\/\/www.strickforum.de\/blog\/die-verstrickte-dienstagsfrage-162010\/","url_meta":{"origin":1317,"position":2},"title":"Die verstrickte Dienstagsfrage 16\/2010","author":"Admin","date":"20. April 2010","format":false,"excerpt":"Das Wollschaf fragt: Was strickt ihr am Liebsten. \u00c4ndert sich eure Vorliebe von Zeit zu Zeit, oder habt ihr absolute Strick-Favoriten, wie z.B. Socken oder so? Wovon ist es abh\u00e4ngig, was ihr gerne strickt? Gibt es Zeiten, in denen ihr \u00fcberhaupt nicht strickt, und warum? Herzlichen Dank an Angi f\u00fcr\u2026","rel":"","context":"In &quot;Stricken&quot;","block_context":{"text":"Stricken","link":"https:\/\/www.strickforum.de\/blog\/category\/3\/"},"img":{"alt_text":"","src":"","width":0,"height":0},"classes":[]},{"id":888,"url":"https:\/\/www.strickforum.de\/blog\/die-verstrickte-dienstagsfrage-042010\/","url_meta":{"origin":1317,"position":3},"title":"Die verstrickte Dienstagsfrage 04\/2010","author":"Admin","date":"26. Januar 2010","format":false,"excerpt":"Das Wollschaf fragt: Gibt es ein Projekt, dass Ihr seit l\u00e4ngerem (Monate? Jahre? Jahrzehnte?) stricken wollt, an das Ihr Euch aber bisher nicht drangemacht habt? Wenn ja, warum nicht? Herzlichen Dank an Jinx f\u00fcr die heutige Frage! Tja, Leute, jetzt kommt ans Licht, was ich seit Jahrzehnten sorgf\u00e4ltig zu verbergen\u2026","rel":"","context":"In &quot;Stricken&quot;","block_context":{"text":"Stricken","link":"https:\/\/www.strickforum.de\/blog\/category\/3\/"},"img":{"alt_text":"","src":"","width":0,"height":0},"classes":[]},{"id":1254,"url":"https:\/\/www.strickforum.de\/blog\/die-verstrickte-dienstagsfrage-432011\/","url_meta":{"origin":1317,"position":4},"title":"Die verstrickte Dienstagsfrage 43\/2011","author":"Admin","date":"25. Oktober 2011","format":false,"excerpt":"Das Wollschaf m\u00f6chte diesmal wissen (gek\u00fcrzt): Als fleissiger Verschlinger der Dienstagsfrage habe ich nun auch eine\u2026Und zwar hab ich mich schon immer gefragt\u2026 Habt Ihr auch so Ticks beim Stricken? Vielen Dank an Daria f\u00fcr die heutige Frage! Echte \u201cTicks\u201d habe ich meines Wissens nicht. Ich ben\u00f6tige keine speziellen Voraussetzungen\u2026","rel":"","context":"In &quot;Stricken&quot;","block_context":{"text":"Stricken","link":"https:\/\/www.strickforum.de\/blog\/category\/3\/"},"img":{"alt_text":"","src":"","width":0,"height":0},"classes":[]},{"id":1337,"url":"https:\/\/www.strickforum.de\/blog\/die-verstrickte-dienstagsfrage-112012\/","url_meta":{"origin":1317,"position":5},"title":"Die verstrickte Dienstagsfrage 11\/2012","author":"Admin","date":"13. M\u00e4rz 2012","format":false,"excerpt":"Diese Woche fragt das Wollschaf: 1. Kauft ihr Nadeln im Set, Habe ich mal probiert (Denise und Knitpicks), sie haben sich f\u00fcr mich aber nicht bew\u00e4hrt. Mit nicht-variablen Rundstricknadeln komme ich wesentlich besser zurecht. Ach, ein 15-cm-Nadelspiel-Set von Knitpro in verschiedenen St\u00e4rken habe ich noch, das ist ganz h\u00fcbsch. Es\u2026","rel":"","context":"In &quot;Stricken&quot;","block_context":{"text":"Stricken","link":"https:\/\/www.strickforum.de\/blog\/category\/3\/"},"img":{"alt_text":"","src":"","width":0,"height":0},"classes":[]}],"_links":{"self":[{"href":"https:\/\/www.strickforum.de\/blog\/wp-json\/wp\/v2\/posts\/1317","targetHints":{"allow":["GET"]}}],"collection":[{"href":"https:\/\/www.strickforum.de\/blog\/wp-json\/wp\/v2\/posts"}],"about":[{"href":"https:\/\/www.strickforum.de\/blog\/wp-json\/wp\/v2\/types\/post"}],"author":[{"embeddable":true,"href":"https:\/\/www.strickforum.de\/blog\/wp-json\/wp\/v2\/users\/3"}],"replies":[{"embeddable":true,"href":"https:\/\/www.strickforum.de\/blog\/wp-json\/wp\/v2\/comments?post=1317"}],"version-history":[{"count":0,"href":"https:\/\/www.strickforum.de\/blog\/wp-json\/wp\/v2\/posts\/1317\/revisions"}],"wp:attachment":[{"href":"https:\/\/www.strickforum.de\/blog\/wp-json\/wp\/v2\/media?parent=1317"}],"wp:term":[{"taxonomy":"category","embeddable":true,"href":"https:\/\/www.strickforum.de\/blog\/wp-json\/wp\/v2\/categories?post=1317"},{"taxonomy":"post_tag","embeddable":true,"href":"https:\/\/www.strickforum.de\/blog\/wp-json\/wp\/v2\/tags?post=1317"}],"curies":[{"name":"wp","href":"https:\/\/api.w.org\/{rel}","templated":true}]}}