{"id":1319,"date":"2012-02-12T15:40:22","date_gmt":"2012-02-12T14:40:22","guid":{"rendered":"http:\/\/www.strickforum.de\/blog\/?p=1319"},"modified":"2012-02-12T15:40:22","modified_gmt":"2012-02-12T14:40:22","slug":"wingspan-fertig-finished","status":"publish","type":"post","link":"https:\/\/www.strickforum.de\/blog\/wingspan-fertig-finished\/","title":{"rendered":"Wingspan fertig \/ finished"},"content":{"rendered":"<p>Mein <a href=\"http:\/\/www.ravelry.com\/patterns\/library\/wingspan-2\" target=\"_blank\">&#8220;Wingspan&#8221;-Schal<\/a> ist fertig. Das Garn ergab insgesamt neun Dreiecke, und es blieben drei Meter \u00fcbrig. M\u00f6glicherweise h\u00e4tte das noch f\u00fcr eine weitere Reihe vor dem Abketten gereicht, aber das zu probieren war mir dann doch zu riskant.<br \/>\nDie fertige L\u00e4nge betr\u00e4gt etwa 110 cm. Vielen anderen Strickerinnen ist das ja fast zu kurz, aber ich bin mit dieser L\u00e4nge sehr zufrieden. Der Schal reicht einmal gut um den Hals und h\u00e4lt vor allem den Bereich der oberen Atemwege warm, dort, wo es mir am wichtigsten ist. Ich lege weniger Wert auf lange, flatternde Schalenden, die bei mir ohnehin meist unter dem Mantel verschwinden.<\/p>\n<p><img data-recalc-dims=\"1\" decoding=\"async\" src=\"https:\/\/i0.wp.com\/www.strickforum.de\/images\/blog\/12_02\/wingspan_450.jpg?w=840\" alt=\"Wingspan Schal \/ scarf\" \/><\/p>\n<p>My <a href=\"http:\/\/www.ravelry.com\/patterns\/library\/wingspan-2\" target=\"_blank\">&#8220;Wingspan&#8221;<\/a> scarf is finished. There was enough yarn for nine triangles, and three meters were left at the very end. Maybe this would have been enough for one additional row before cast-off, but I did not want to take a risk.<br \/>\nThe scarf measures about 110 cm (43 in). Many knitters find that rather short, but I&#8217;m very happy with this length. The scarf goes nicely around my neck and keeps my upper respiratory tract warm, which is important for me. I don&#8217;t care that much for long, waving scarf ends, they are normaly tucked into my coat.<\/p>\n","protected":false},"excerpt":{"rendered":"<p>Mein &#8220;Wingspan&#8221;-Schal ist fertig. Das Garn ergab insgesamt neun Dreiecke, und es blieben drei Meter \u00fcbrig. M\u00f6glicherweise h\u00e4tte das noch f\u00fcr eine weitere Reihe vor dem Abketten gereicht, aber das zu probieren war mir dann doch zu riskant. Die fertige L\u00e4nge betr\u00e4gt etwa 110 cm. Vielen anderen Strickerinnen ist das ja fast zu kurz, aber &hellip; <a href=\"https:\/\/www.strickforum.de\/blog\/wingspan-fertig-finished\/\" class=\"more-link\"><span class=\"screen-reader-text\">\u201eWingspan fertig \/ finished\u201c <\/span>weiterlesen<\/a><\/p>\n","protected":false},"author":3,"featured_media":0,"comment_status":"open","ping_status":"open","sticky":false,"template":"","format":"standard","meta":{"_seopress_robots_primary_cat":"","_seopress_titles_title":"","_seopress_titles_desc":"","_seopress_robots_index":"","_crdt_document":"","jetpack_post_was_ever_published":false,"_jetpack_newsletter_access":"","_jetpack_dont_email_post_to_subs":false,"_jetpack_newsletter_tier_id":0,"_jetpack_memberships_contains_paywalled_content":false,"_jetpack_memberships_contains_paid_content":false,"footnotes":"","jetpack_publicize_message":"","jetpack_publicize_feature_enabled":true,"jetpack_social_post_already_shared":false,"jetpack_social_options":{"image_generator_settings":{"template":"highway","default_image_id":0,"font":"","enabled":false},"version":2}},"categories":[6],"tags":[],"class_list":["post-1319","post","type-post","status-publish","format-standard","hentry","category-6"],"jetpack_publicize_connections":[],"jetpack_featured_media_url":"","jetpack_sharing_enabled":true,"jetpack_shortlink":"https:\/\/wp.me\/p7JbSI-lh","jetpack-related-posts":[{"id":1469,"url":"https:\/\/www.strickforum.de\/blog\/lacy-wingspan\/","url_meta":{"origin":1319,"position":0},"title":"Lacy Wingspan","author":"Admin","date":"24. November 2012","format":false,"excerpt":"Der \u201cLace Wingspan\u201d ist eine Weiterentwicklung des einfachen, kraus gestrickten Wingspan, den ich letzten Februar gestrickt habe. Bei diesem Schal wird jedes Dreieck in einem anderen Lochmuster gestrickt. Acht Dreiecke werden gestrickt, und zum Schluss werden am \u201cmageren\u201d Ende noch drei kleinere, in Gegenrichtung gestrickte Dreiecke angef\u00fcgt. Eine Strickfreundin hatte\u2026","rel":"","context":"In &quot;Stricken&quot;","block_context":{"text":"Stricken","link":"https:\/\/www.strickforum.de\/blog\/category\/3\/"},"img":{"alt_text":"","src":"","width":0,"height":0},"classes":[]},{"id":1312,"url":"https:\/\/www.strickforum.de\/blog\/alle-tun-es-everybody-does-it\/","url_meta":{"origin":1319,"position":1},"title":"Alle tun es &#8211; Everybody does it","author":"Admin","date":"4. Februar 2012","format":false,"excerpt":"Alle stricken das Wingspan-Tuch, das eigentlich eher ein kurzer Schal ist. Und ich mach's inzwischen auch. Nachdem ich Michaelas wundersch\u00f6ne Interpretationen gesehen habe, wollte ich es auch probieren, auch wenn meine Strickk\u00fcnste an ihre nicht heranreichen und meine Version die einfache aus der kostenlosen Anleitung ist. Ich stricke mit Opal\u2026","rel":"","context":"In &quot;Stricken&quot;","block_context":{"text":"Stricken","link":"https:\/\/www.strickforum.de\/blog\/category\/3\/"},"img":{"alt_text":"","src":"","width":0,"height":0},"classes":[]},{"id":374,"url":"https:\/\/www.strickforum.de\/blog\/die-verstrickte-dienstagsfrage-the-wool-sheeps-question-162008\/","url_meta":{"origin":1319,"position":2},"title":"Die verstrickte Dienstagsfrage &#8211; the Wool Sheep&#8217;s question  16\/2008","author":"Admin","date":"15. April 2008","format":false,"excerpt":"Das Wollschaf fragt: Mich w\u00fcrde mal interessieren, wie und wo die Lace-Strickerinnen ihre fertigen filigranen Strickst\u00fccke aufspannen. Bei Spannweiten von bis zu 2,40cm findet sich doch nicht \u00fcberall Platz, oder? Herzlichen Dank an Frau Wollich f\u00fcr die heutige Frage! Richtig gro\u00dfe, fest gespannte T\u00fccher sind nicht so mein Ding. Bisher\u2026","rel":"","context":"In &quot;Stricken&quot;","block_context":{"text":"Stricken","link":"https:\/\/www.strickforum.de\/blog\/category\/3\/"},"img":{"alt_text":"","src":"","width":0,"height":0},"classes":[]},{"id":1993,"url":"https:\/\/www.strickforum.de\/blog\/nami-cowl\/","url_meta":{"origin":1319,"position":3},"title":"Nami Cowl","author":"Admin","date":"25. Mai 2016","format":false,"excerpt":"Es muss im vergangenen Winter gewesen sein, als ich in einem amerikanischen Strickheft (vermutlich war's Interweave Knits) ein K\u00e4rtchen mit der Anleitung f\u00fcr den Nami Cowl zog. Als Material war ein spezieller Garn-Mix von Berroco vorgesehen, bestehend aus zw\u00f6lf Mini-Kn\u00e4ueln, insgesamt etwa 180 yards, den man sich f\u00fcr 25 US$\u2026","rel":"","context":"In &quot;Stricken&quot;","block_context":{"text":"Stricken","link":"https:\/\/www.strickforum.de\/blog\/category\/3\/"},"img":{"alt_text":"","src":"","width":0,"height":0},"classes":[]},{"id":80,"url":"https:\/\/www.strickforum.de\/blog\/masarbeit\/","url_meta":{"origin":1319,"position":4},"title":"Ma\u00dfarbeit","author":"Admin","date":"3. November 2005","format":false,"excerpt":"Der Kombu Scarf wurde am Wochenende fertig. Wie ich schon gesch\u00e4tzt hatte, ist er fast exakt 140 cm lang geworden. Ich finde, in diesem glatten, einfarbigen Garn kommt die Struktur besonders sch\u00f6n zur Geltung. Von den drei Kn\u00e4ueln \u00e0 90 m blieben ziemlich genau 120 cm \u00fcbrig. Und f\u00fcr die\u2026","rel":"","context":"In &quot;Stricken&quot;","block_context":{"text":"Stricken","link":"https:\/\/www.strickforum.de\/blog\/category\/3\/"},"img":{"alt_text":"Kombu Scarf, fertig gestrickt","src":"https:\/\/i0.wp.com\/www.strickforum.de\/blog\/media\/1\/20051103-kombu_scarf_kpl.jpg?resize=350%2C200","width":350,"height":200},"classes":[]},{"id":1659,"url":"https:\/\/www.strickforum.de\/blog\/neue-socken\/","url_meta":{"origin":1319,"position":5},"title":"Neue Socken","author":"Admin","date":"3. November 2013","format":false,"excerpt":"Socken stricke ich mit der Strickmaschine in Schlichtausf\u00fchrung, und zwar entweder wenn welche gebraucht werden oder als kleines Geschenk f\u00fcr liebe Nichtstricker. F\u00fcr diese Zwecke habe ich immer eine gewisse Menge an Sockengarn in gedeckten Farben (bzw. passend zu den Hosenbeinen der Haushaltsmitglieder) vorr\u00e4tig sowie ein kleines Kontingent in Bunt\u2026","rel":"","context":"In &quot;Stricken&quot;","block_context":{"text":"Stricken","link":"https:\/\/www.strickforum.de\/blog\/category\/3\/"},"img":{"alt_text":"","src":"","width":0,"height":0},"classes":[]}],"_links":{"self":[{"href":"https:\/\/www.strickforum.de\/blog\/wp-json\/wp\/v2\/posts\/1319","targetHints":{"allow":["GET"]}}],"collection":[{"href":"https:\/\/www.strickforum.de\/blog\/wp-json\/wp\/v2\/posts"}],"about":[{"href":"https:\/\/www.strickforum.de\/blog\/wp-json\/wp\/v2\/types\/post"}],"author":[{"embeddable":true,"href":"https:\/\/www.strickforum.de\/blog\/wp-json\/wp\/v2\/users\/3"}],"replies":[{"embeddable":true,"href":"https:\/\/www.strickforum.de\/blog\/wp-json\/wp\/v2\/comments?post=1319"}],"version-history":[{"count":0,"href":"https:\/\/www.strickforum.de\/blog\/wp-json\/wp\/v2\/posts\/1319\/revisions"}],"wp:attachment":[{"href":"https:\/\/www.strickforum.de\/blog\/wp-json\/wp\/v2\/media?parent=1319"}],"wp:term":[{"taxonomy":"category","embeddable":true,"href":"https:\/\/www.strickforum.de\/blog\/wp-json\/wp\/v2\/categories?post=1319"},{"taxonomy":"post_tag","embeddable":true,"href":"https:\/\/www.strickforum.de\/blog\/wp-json\/wp\/v2\/tags?post=1319"}],"curies":[{"name":"wp","href":"https:\/\/api.w.org\/{rel}","templated":true}]}}