{"id":132,"date":"2006-03-23T06:22:57","date_gmt":"2006-03-23T05:22:57","guid":{"rendered":"http:\/\/www.strickforum.de\/blog\/?p=132"},"modified":"2006-03-23T06:22:57","modified_gmt":"2006-03-23T05:22:57","slug":"starke-farben-fur-eine-starke-personlichkeit","status":"publish","type":"post","link":"https:\/\/www.strickforum.de\/blog\/starke-farben-fur-eine-starke-personlichkeit\/","title":{"rendered":"Starke Farben f\u00fcr eine starke Pers\u00f6nlichkeit"},"content":{"rendered":"<p>Rot ist nicht jedes Mannes Sache. Ein Kollege, der dieses Modell sah, als es noch in Arbeit war, meinte sogar, er w\u00fcrde es nicht tragen wollen, und wenn es (wie hier in einzelnen Streifen) etwas ins Pink oder Violett geht, schon gar nicht.<\/p>\n<p><img data-recalc-dims=\"1\" src=\"https:\/\/i0.wp.com\/www.strickforum.de\/blog\/media\/1\/20060323-iro_rot.jpg?resize=400%2C326\" width=\"400\"  height=\"326\"  alt='Herrenpullover aus Noro Iro in Rot-T\u00f6nen'  \/><\/p>\n<p>Der Besitzer dieses Modells hat sich dieses Garn selbst ausgesucht. Auch wenn er nicht mit auf dem Bild zu sehen ist, die Zusammenstellung steht ihm gut. Mensch und Modell gemeinsam erwecken nicht den Eindruck, da gehe ein Pullover mit einem Menschen drin spazieren, sondern der Tr\u00e4ger dominiert. \ud83d\ude09<\/p>\n","protected":false},"excerpt":{"rendered":"<p>Rot ist nicht jedes Mannes Sache. Ein Kollege, der dieses Modell sah, als es noch in Arbeit war, meinte sogar, er w\u00fcrde es nicht tragen wollen, und wenn es (wie hier in einzelnen Streifen) etwas ins Pink oder Violett geht, schon gar nicht. Der Besitzer dieses Modells hat sich dieses Garn selbst ausgesucht. Auch wenn &hellip; <a href=\"https:\/\/www.strickforum.de\/blog\/starke-farben-fur-eine-starke-personlichkeit\/\" class=\"more-link\"><span class=\"screen-reader-text\">\u201eStarke Farben f\u00fcr eine starke Pers\u00f6nlichkeit\u201c <\/span>weiterlesen<\/a><\/p>\n","protected":false},"author":3,"featured_media":0,"comment_status":"open","ping_status":"open","sticky":false,"template":"","format":"standard","meta":{"_seopress_robots_primary_cat":"","_seopress_titles_title":"","_seopress_titles_desc":"","_seopress_robots_index":"","_crdt_document":"","jetpack_post_was_ever_published":false,"_jetpack_newsletter_access":"","_jetpack_dont_email_post_to_subs":false,"_jetpack_newsletter_tier_id":0,"_jetpack_memberships_contains_paywalled_content":false,"_jetpack_memberships_contains_paid_content":false,"footnotes":"","jetpack_publicize_message":"","jetpack_publicize_feature_enabled":true,"jetpack_social_post_already_shared":false,"jetpack_social_options":{"image_generator_settings":{"template":"highway","default_image_id":0,"font":"","enabled":false},"version":2}},"categories":[6],"tags":[],"class_list":["post-132","post","type-post","status-publish","format-standard","hentry","category-6"],"jetpack_publicize_connections":[],"jetpack_featured_media_url":"","jetpack_sharing_enabled":true,"jetpack_shortlink":"https:\/\/wp.me\/p7JbSI-28","jetpack-related-posts":[{"id":2872,"url":"https:\/\/www.strickforum.de\/blog\/ulina-folge-17\/","url_meta":{"origin":132,"position":0},"title":"Ulina Folge 17","author":"Admin","date":"3. Dezember 2019","format":false,"excerpt":"Wahrscheinlich ist es nicht einmal die siebzehnte, sondern eher schon die zwanzigste Babyjacke dieses Typs, die ich gestrickt habe. Ich habe n\u00e4mlich viele liebe Kolleginnen und Kollegen, und sie haben zusammen auch viele Kinder. Ulina von vorn Diesmal war ich etwas sp\u00e4t dran mit dem obligatorischen Geschenk f\u00fcrs Kollegenkind. Mit\u2026","rel":"","context":"In &quot;Stricken&quot;","block_context":{"text":"Stricken","link":"https:\/\/www.strickforum.de\/blog\/category\/3\/"},"img":{"alt_text":"Ulina von vorn","src":"https:\/\/i0.wp.com\/www.strickforum.de\/blog\/wp-content\/uploads\/2019\/12\/ulina-17_front.jpg?resize=350%2C200&ssl=1","width":350,"height":200,"srcset":"https:\/\/i0.wp.com\/www.strickforum.de\/blog\/wp-content\/uploads\/2019\/12\/ulina-17_front.jpg?resize=350%2C200&ssl=1 1x, https:\/\/i0.wp.com\/www.strickforum.de\/blog\/wp-content\/uploads\/2019\/12\/ulina-17_front.jpg?resize=525%2C300&ssl=1 1.5x, https:\/\/i0.wp.com\/www.strickforum.de\/blog\/wp-content\/uploads\/2019\/12\/ulina-17_front.jpg?resize=700%2C400&ssl=1 2x"},"classes":[]},{"id":2346,"url":"https:\/\/www.strickforum.de\/blog\/von-autos-und-strickmaschinen\/","url_meta":{"origin":132,"position":1},"title":"Von Autos und Strickmaschinen","author":"Admin","date":"10. August 2017","format":false,"excerpt":"Selbst der passionierteste Wanderer wird, wenn er sich ans Steuer eines Autos setzt, statt eines schmalen Wanderwegs oder J\u00e4gerpfads lieber eine richtige Stra\u00dfe benutzen. Die \u00fcblichen Autos sind n\u00e4mlich f\u00fcr kleine, ungepflasterte Wege quer durchs Gel\u00e4nde nicht gedacht. \u00c4hnlich verh\u00e4lt es sich mit Strickmaschinen. Das Stricken von Hand ist vergleichbar\u2026","rel":"","context":"In &quot;Stricken&quot;","block_context":{"text":"Stricken","link":"https:\/\/www.strickforum.de\/blog\/category\/3\/"},"img":{"alt_text":"","src":"","width":0,"height":0},"classes":[]},{"id":4033,"url":"https:\/\/www.strickforum.de\/blog\/einheitlich\/","url_meta":{"origin":132,"position":2},"title":"Einheitlich?","author":"Admin","date":"31. M\u00e4rz 2026","format":false,"excerpt":"Mich verbl\u00fcfft immer wieder, wie viele Menschen sich etwas anschaffen (kaufen, stricken, bauen, \u2026), das m\u00f6glichst viele andere bereits haben, und zwar nur weil diese anderen es bereits haben. Als sei etwas, das schon von vielen Menschen f\u00fcr gut und\/oder sch\u00f6n befunden wurde, auch f\u00fcr einen selbst die beste aller\u2026","rel":"","context":"In &quot;Allgemeines&quot;","block_context":{"text":"Allgemeines","link":"https:\/\/www.strickforum.de\/blog\/category\/1\/"},"img":{"alt_text":"","src":"","width":0,"height":0},"classes":[]},{"id":1513,"url":"https:\/\/www.strickforum.de\/blog\/13aus13-das-vierte-projekt\/","url_meta":{"origin":132,"position":3},"title":"13aus13 &#8211; das vierte Projekt","author":"Admin","date":"7. Februar 2013","format":false,"excerpt":"Ich bin ja nicht gerade ein Fan der Anleitungen von Annette Danielsen. Ihre Textw\u00fcsten ohne auch nur die Andeutung eines Diagramms (weder f\u00fcr Strickschriften noch f\u00fcr Schnitte) verursachen bei mir Strickblockaden und schwere Unlustgef\u00fchle. Auf so einer Basis ein passendes Kleidungsst\u00fcck herzustellen ist ungef\u00e4hr so m\u00fchsam wie den Kellerschl\u00fcssel im\u2026","rel":"","context":"In &quot;13aus13 \/ 13from13&quot;","block_context":{"text":"13aus13 \/ 13from13","link":"https:\/\/www.strickforum.de\/blog\/category\/11\/"},"img":{"alt_text":"","src":"","width":0,"height":0},"classes":[]},{"id":871,"url":"https:\/\/www.strickforum.de\/blog\/die-verstrickte-dienstagsfrage-012010\/","url_meta":{"origin":132,"position":4},"title":"Die verstrickte Dienstagsfrage 01\/2010","author":"Admin","date":"5. Januar 2010","format":false,"excerpt":"Das Wollschaf fragt: Nach welchen Gesichtspunkten w\u00e4hlst du die Farben beim Wollkauf? Kaufst du ausschlie\u00dflich deine Lieblingsfarben? Suchst du die Farben passend nach den Farben deiner \u00fcbrigen Kleidung aus? Kaufst du das Garn, weil dich die Farbe oder Farbkombination \u201canspringt\u201d, unabh\u00e4ngig davon, ob sie dir steht? Kaufst du Garn in\u2026","rel":"","context":"In &quot;Stricken&quot;","block_context":{"text":"Stricken","link":"https:\/\/www.strickforum.de\/blog\/category\/3\/"},"img":{"alt_text":"","src":"","width":0,"height":0},"classes":[]},{"id":1924,"url":"https:\/\/www.strickforum.de\/blog\/strick-fur-festliche-gelegenheiten-die-verstrickte-dienstagsfrage-woche-262015\/","url_meta":{"origin":132,"position":5},"title":"Strick f\u00fcr festliche Gelegenheiten: Die verstrickte Dienstagsfrage Woche 26\/2015","author":"Admin","date":"23. Juni 2015","format":false,"excerpt":"Diese Woche meint das Wollschaf: F\u00fcr die meisten ist Selbstgestricktes Alltagskleidung, in der Freizeit getragen oder -je nach Dresscode- auch auf der Arbeit. Aber ab und zu findet man in Strickzeitschriften auch elegante, festliche Modelle und das eine oder andere gestrickte oder geh\u00e4kelte Brautkleid hat das Wollschaf auch schon gesehen.\u2026","rel":"","context":"In &quot;Stricken&quot;","block_context":{"text":"Stricken","link":"https:\/\/www.strickforum.de\/blog\/category\/3\/"},"img":{"alt_text":"","src":"","width":0,"height":0},"classes":[]}],"_links":{"self":[{"href":"https:\/\/www.strickforum.de\/blog\/wp-json\/wp\/v2\/posts\/132","targetHints":{"allow":["GET"]}}],"collection":[{"href":"https:\/\/www.strickforum.de\/blog\/wp-json\/wp\/v2\/posts"}],"about":[{"href":"https:\/\/www.strickforum.de\/blog\/wp-json\/wp\/v2\/types\/post"}],"author":[{"embeddable":true,"href":"https:\/\/www.strickforum.de\/blog\/wp-json\/wp\/v2\/users\/3"}],"replies":[{"embeddable":true,"href":"https:\/\/www.strickforum.de\/blog\/wp-json\/wp\/v2\/comments?post=132"}],"version-history":[{"count":0,"href":"https:\/\/www.strickforum.de\/blog\/wp-json\/wp\/v2\/posts\/132\/revisions"}],"wp:attachment":[{"href":"https:\/\/www.strickforum.de\/blog\/wp-json\/wp\/v2\/media?parent=132"}],"wp:term":[{"taxonomy":"category","embeddable":true,"href":"https:\/\/www.strickforum.de\/blog\/wp-json\/wp\/v2\/categories?post=132"},{"taxonomy":"post_tag","embeddable":true,"href":"https:\/\/www.strickforum.de\/blog\/wp-json\/wp\/v2\/tags?post=132"}],"curies":[{"name":"wp","href":"https:\/\/api.w.org\/{rel}","templated":true}]}}