{"id":1321,"date":"2012-02-18T17:37:29","date_gmt":"2012-02-18T16:37:29","guid":{"rendered":"http:\/\/www.strickforum.de\/blog\/?p=1321"},"modified":"2012-02-18T17:37:29","modified_gmt":"2012-02-18T16:37:29","slug":"swing-reste-mutze-swinging-oddment-hat","status":"publish","type":"post","link":"https:\/\/www.strickforum.de\/blog\/swing-reste-mutze-swinging-oddment-hat\/","title":{"rendered":"Swing-Reste-M\u00fctze &#8211; Swinging oddment hat"},"content":{"rendered":"<p>Vor zehn Tagen startete ich einen neuen Versuch mit dem <a href=\"http:\/\/swing-stricken.de\/\" target=\"_blank\">Swing-Stricken<\/a>. Diesmal wagte ich mich an Heidrun Liegmanns M\u00fctzen-Anleitung. Das Garn, das ich mir ausgesucht hatte, ist dicker als das in der Anleitung vorgesehene, und mein erster Versuch geriet viel zu gro\u00df. Beim zweiten Versuch, mit weniger Maschen und drei Farben, stellte ich fest, dass immer dieselben Farben immer an der gleichen Stelle im Muster zu liegen k\u00e4men, das gefiel mir nicht. Deshalb startete ich ein drittes Mal, nicht nur mit weniger Maschen, sondern auch mit nur zwei Farben, und nun passte es.<br \/>\nWie schon erw\u00e4hnt, habe ich im Vergleich zur Originalanleitung kleine \u00c4nderungen vorgenommen; so stricke ich ein anderes &#8220;Pausen&#8221;-Muster und gestalte auch die Krempe anders. Der gr\u00f6\u00dfte Teil ist schon fertig, es fehlen noch ein paar Runden an der Krempe, und dann muss die M\u00fctze oben zusammengezogen werden. Ich bin schon sehr gespannt, wie sie in fertigem Zustand aussehen wird.<\/p>\n<p><img data-recalc-dims=\"1\" decoding=\"async\" src=\"https:\/\/i0.wp.com\/www.strickforum.de\/images\/blog\/12_02\/swing-muetze_bund_450.jpg?w=840\" alt=\"Swing-Reste-M\u00fctze \/ Swinging oddment hat\" \/><\/p>\n<p>Ten days ago I started a new attempt at <a href=\"http:\/\/swing-stricken.de\/\" target=\"_blank\">Swing Knitting<\/a>. This time I dared to tackle Heidrun Liegmann&#8217;s instructions for a hat. The yarn that I chose is thicker than stated in the instruction, and my first try turned out much too large. The second try, with less stitches and three colours, told me that the colour distribution was less than satisfying. So I started a third attempt, this time not only with less stitches but also with two colours only, and now it&#8217;s right.<br \/>\nAs already mentioned, I made small modifications to the original instruction. I used a different stitch for the &#8220;pauses&#8221; and for the brim. Most of the hat is done by now, there are some more rounds to work on the brim and then the top of the hat has to be closed somehow. I&#8217;m curious how it will look after finishing.<\/p>\n","protected":false},"excerpt":{"rendered":"<p>Vor zehn Tagen startete ich einen neuen Versuch mit dem Swing-Stricken. Diesmal wagte ich mich an Heidrun Liegmanns M\u00fctzen-Anleitung. Das Garn, das ich mir ausgesucht hatte, ist dicker als das in der Anleitung vorgesehene, und mein erster Versuch geriet viel zu gro\u00df. Beim zweiten Versuch, mit weniger Maschen und drei Farben, stellte ich fest, dass &hellip; <a href=\"https:\/\/www.strickforum.de\/blog\/swing-reste-mutze-swinging-oddment-hat\/\" class=\"more-link\"><span class=\"screen-reader-text\">\u201eSwing-Reste-M\u00fctze &#8211; Swinging oddment hat\u201c <\/span>weiterlesen<\/a><\/p>\n","protected":false},"author":3,"featured_media":0,"comment_status":"open","ping_status":"open","sticky":false,"template":"","format":"standard","meta":{"_seopress_robots_primary_cat":"","_seopress_titles_title":"","_seopress_titles_desc":"","_seopress_robots_index":"","_crdt_document":"","jetpack_post_was_ever_published":false,"_jetpack_newsletter_access":"","_jetpack_dont_email_post_to_subs":false,"_jetpack_newsletter_tier_id":0,"_jetpack_memberships_contains_paywalled_content":false,"_jetpack_memberships_contains_paid_content":false,"footnotes":"","jetpack_publicize_message":"","jetpack_publicize_feature_enabled":true,"jetpack_social_post_already_shared":false,"jetpack_social_options":{"image_generator_settings":{"template":"highway","default_image_id":0,"font":"","enabled":false},"version":2}},"categories":[6],"tags":[],"class_list":["post-1321","post","type-post","status-publish","format-standard","hentry","category-6"],"jetpack_publicize_connections":[],"jetpack_featured_media_url":"","jetpack_sharing_enabled":true,"jetpack_shortlink":"https:\/\/wp.me\/p7JbSI-lj","jetpack-related-posts":[{"id":1325,"url":"https:\/\/www.strickforum.de\/blog\/reste-mutze-fertig-oddment-hat-finished\/","url_meta":{"origin":1321,"position":0},"title":"Reste-M\u00fctze fertig &#8211; Oddment hat finished","author":"Admin","date":"22. Februar 2012","format":false,"excerpt":"Schon vergangenes Wochenende wurde diese M\u00fctze nach der Anleitung von Heidrun Liegmann fertig, aber heute schaffe ich es endlich, sie hier zu zeigen. Ich habe daf\u00fcr etwa 80-85 g Wolle mit einer Laufl\u00e4nge von 350 m auf 100 g verbraucht. Gestrickt habe ich mit Nadelst\u00e4rke 3 mm. Und ja, ich\u2026","rel":"","context":"In &quot;Stricken&quot;","block_context":{"text":"Stricken","link":"https:\/\/www.strickforum.de\/blog\/category\/3\/"},"img":{"alt_text":"","src":"","width":0,"height":0},"classes":[]},{"id":3003,"url":"https:\/\/www.strickforum.de\/blog\/resteverwertung-und-verteilte-abnahmen\/","url_meta":{"origin":1321,"position":1},"title":"Resteverwertung und verteilte Abnahmen","author":"Admin","date":"14. Mai 2020","format":false,"excerpt":"Als sparsame Strickerin halte ich immer mal wieder Ausschau nach kostenlosen Anleitungen. So stie\u00df ich \u00fcber einige Umwege auf eine interessante M\u00fctze, ein Design von Kathleen Sperling. Der einzige Nachteil: Diese Anleitung gibt es nur bei Twitter, und zwar br\u00f6ckchenweise, da es im vergangenen Sp\u00e4therbst ein \"mystery twit-a-long\" war. Nun\u2026","rel":"","context":"In &quot;Stricken&quot;","block_context":{"text":"Stricken","link":"https:\/\/www.strickforum.de\/blog\/category\/3\/"},"img":{"alt_text":"M\u00fctze, Au\u00dfenseite","src":"https:\/\/i0.wp.com\/www.strickforum.de\/blog\/wp-content\/uploads\/2020\/05\/round-the-blend_aussen.jpg?resize=350%2C200&ssl=1","width":350,"height":200,"srcset":"https:\/\/i0.wp.com\/www.strickforum.de\/blog\/wp-content\/uploads\/2020\/05\/round-the-blend_aussen.jpg?resize=350%2C200&ssl=1 1x, https:\/\/i0.wp.com\/www.strickforum.de\/blog\/wp-content\/uploads\/2020\/05\/round-the-blend_aussen.jpg?resize=525%2C300&ssl=1 1.5x, https:\/\/i0.wp.com\/www.strickforum.de\/blog\/wp-content\/uploads\/2020\/05\/round-the-blend_aussen.jpg?resize=700%2C400&ssl=1 2x"},"classes":[]},{"id":3206,"url":"https:\/\/www.strickforum.de\/blog\/mein-muetzen-fortschritt\/","url_meta":{"origin":1321,"position":2},"title":"Mein M\u00fctzen-Fortschritt","author":"Admin","date":"23. M\u00e4rz 2021","format":false,"excerpt":"Es geht voran mit meiner M\u00fctzenmanie. Die zweite \"Bella\" wurde bereits vor knapp einem Monat fertig, und ich m\u00f6chte sie euch nicht vorenthalten. Auch hier war das Material eine recht willk\u00fcrliche Zusammenstellung von drei verschiedenen Materialien: Zwei d\u00fcnne F\u00e4den Viskosegarn in Hellbeige, ein Faden Sockengarn natur-hellgrau meliert und ein Faden\u2026","rel":"","context":"In &quot;Stricken&quot;","block_context":{"text":"Stricken","link":"https:\/\/www.strickforum.de\/blog\/category\/3\/"},"img":{"alt_text":"Bella, zweiter Versuch","src":"https:\/\/i0.wp.com\/www.strickforum.de\/blog\/wp-content\/uploads\/2021\/03\/bella-2.jpg?resize=350%2C200&ssl=1","width":350,"height":200,"srcset":"https:\/\/i0.wp.com\/www.strickforum.de\/blog\/wp-content\/uploads\/2021\/03\/bella-2.jpg?resize=350%2C200&ssl=1 1x, https:\/\/i0.wp.com\/www.strickforum.de\/blog\/wp-content\/uploads\/2021\/03\/bella-2.jpg?resize=525%2C300&ssl=1 1.5x, https:\/\/i0.wp.com\/www.strickforum.de\/blog\/wp-content\/uploads\/2021\/03\/bella-2.jpg?resize=700%2C400&ssl=1 2x"},"classes":[]},{"id":2271,"url":"https:\/\/www.strickforum.de\/blog\/nichts-fuer-linksmaschen-hasser\/","url_meta":{"origin":1321,"position":3},"title":"Nichts f\u00fcr Linksmaschen-Hasser","author":"Admin","date":"20. Oktober 2016","format":false,"excerpt":"Anscheinend ist M\u00fctzenstricken ansteckend. Angela von Bestrickendes strickt eine M\u00fctze nach der anderen, und als ich k\u00fcrzlich bei Ravelry \u00fcber eine interessante und dazu noch kostenlose Anleitung stolperte, griff auch ich umgehend zu den Nadeln. Passendes Garn fand sich schnell, n\u00e4mlich ein Rest von diesem Zopf-Pullover. Gestrickt habe ich mit\u2026","rel":"","context":"In &quot;Stricken&quot;","block_context":{"text":"Stricken","link":"https:\/\/www.strickforum.de\/blog\/category\/3\/"},"img":{"alt_text":"winter-cables_side","src":"https:\/\/i0.wp.com\/www.strickforum.de\/blog\/wp-content\/uploads\/2016\/10\/winter-cables_side-600x450.jpg?resize=350%2C200","width":350,"height":200,"srcset":"https:\/\/i0.wp.com\/www.strickforum.de\/blog\/wp-content\/uploads\/2016\/10\/winter-cables_side-600x450.jpg?resize=350%2C200 1x, https:\/\/i0.wp.com\/www.strickforum.de\/blog\/wp-content\/uploads\/2016\/10\/winter-cables_side-600x450.jpg?resize=525%2C300 1.5x"},"classes":[]},{"id":3224,"url":"https:\/\/www.strickforum.de\/blog\/helical\/","url_meta":{"origin":1321,"position":4},"title":"Helical","author":"Admin","date":"11. April 2021","format":false,"excerpt":"Die H\u00e4lfte der M\u00fctzen-Challenge 2021 ist geschafft. Das Modell \"Helical\" wurde gestern fertig. Es passt mir recht gut. Allerdings bin ich mit einigen Aspekten der Anleitung bzw. der Optik nicht hundertprozentig gl\u00fccklich. Die Abnahmen erfolgen in vier Schritten nur in den letzten sieben Runden. Das ergibt viel Materialf\u00fclle im oberen\u2026","rel":"","context":"In &quot;Stricken&quot;","block_context":{"text":"Stricken","link":"https:\/\/www.strickforum.de\/blog\/category\/3\/"},"img":{"alt_text":"M\u00fctze Helical","src":"https:\/\/i0.wp.com\/www.strickforum.de\/blog\/wp-content\/uploads\/2021\/04\/helical_1000.jpg?resize=350%2C200&ssl=1","width":350,"height":200,"srcset":"https:\/\/i0.wp.com\/www.strickforum.de\/blog\/wp-content\/uploads\/2021\/04\/helical_1000.jpg?resize=350%2C200&ssl=1 1x, https:\/\/i0.wp.com\/www.strickforum.de\/blog\/wp-content\/uploads\/2021\/04\/helical_1000.jpg?resize=525%2C300&ssl=1 1.5x, https:\/\/i0.wp.com\/www.strickforum.de\/blog\/wp-content\/uploads\/2021\/04\/helical_1000.jpg?resize=700%2C400&ssl=1 2x"},"classes":[]},{"id":1354,"url":"https:\/\/www.strickforum.de\/blog\/gewinner-im-marz\/","url_meta":{"origin":1321,"position":5},"title":"Gewinner im M\u00e4rz","author":"Admin","date":"2. April 2012","format":false,"excerpt":"Auch im M\u00e4rz fand in der Ravelry-Gruppe \u201c12 M\u00fctzen\/Hauben\/H\u00fcte\u201d wieder ein Wettbewerb statt. Und wieder hatte ich das unglaubliche Gl\u00fcck, die meisten Stimmen zu bekommen. Dies ist meine Version von Grumperinas Entwurf \u201cOdessa\u201d. Ich verarbeitete einen Rest (weniger als 50 g) eines Wollmeise Versuchskaninchens, das m\u00f6glicherweise mal so etwas wie\u2026","rel":"","context":"In &quot;Stricken&quot;","block_context":{"text":"Stricken","link":"https:\/\/www.strickforum.de\/blog\/category\/3\/"},"img":{"alt_text":"","src":"","width":0,"height":0},"classes":[]}],"_links":{"self":[{"href":"https:\/\/www.strickforum.de\/blog\/wp-json\/wp\/v2\/posts\/1321","targetHints":{"allow":["GET"]}}],"collection":[{"href":"https:\/\/www.strickforum.de\/blog\/wp-json\/wp\/v2\/posts"}],"about":[{"href":"https:\/\/www.strickforum.de\/blog\/wp-json\/wp\/v2\/types\/post"}],"author":[{"embeddable":true,"href":"https:\/\/www.strickforum.de\/blog\/wp-json\/wp\/v2\/users\/3"}],"replies":[{"embeddable":true,"href":"https:\/\/www.strickforum.de\/blog\/wp-json\/wp\/v2\/comments?post=1321"}],"version-history":[{"count":0,"href":"https:\/\/www.strickforum.de\/blog\/wp-json\/wp\/v2\/posts\/1321\/revisions"}],"wp:attachment":[{"href":"https:\/\/www.strickforum.de\/blog\/wp-json\/wp\/v2\/media?parent=1321"}],"wp:term":[{"taxonomy":"category","embeddable":true,"href":"https:\/\/www.strickforum.de\/blog\/wp-json\/wp\/v2\/categories?post=1321"},{"taxonomy":"post_tag","embeddable":true,"href":"https:\/\/www.strickforum.de\/blog\/wp-json\/wp\/v2\/tags?post=1321"}],"curies":[{"name":"wp","href":"https:\/\/api.w.org\/{rel}","templated":true}]}}