{"id":1325,"date":"2012-02-22T18:45:00","date_gmt":"2012-02-22T17:45:00","guid":{"rendered":"http:\/\/www.strickforum.de\/blog\/?p=1325"},"modified":"2012-02-22T18:45:00","modified_gmt":"2012-02-22T17:45:00","slug":"reste-mutze-fertig-oddment-hat-finished","status":"publish","type":"post","link":"https:\/\/www.strickforum.de\/blog\/reste-mutze-fertig-oddment-hat-finished\/","title":{"rendered":"Reste-M\u00fctze fertig &#8211; Oddment hat finished"},"content":{"rendered":"<p>Schon vergangenes Wochenende wurde diese M\u00fctze nach der Anleitung von <a href=\"http:\/\/swing-stricken.de\" target=\"_blank\">Heidrun Liegmann<\/a> fertig, aber heute schaffe ich es endlich, sie hier zu zeigen.<br \/>\nIch habe daf\u00fcr etwa 80-85 g Wolle mit einer Laufl\u00e4nge von 350 m auf 100 g verbraucht. Gestrickt habe ich mit Nadelst\u00e4rke 3 mm. Und ja, ich bin sehr stolz, dass sie so sch\u00f6n geraten ist. \ud83d\ude42<\/p>\n<p><img data-recalc-dims=\"1\" decoding=\"async\" src=\"https:\/\/i0.wp.com\/www.strickforum.de\/images\/blog\/12_02\/swing-hat-worn_450.jpg?w=840\" alt=\"Swing-M\u00fctze aus Resten, swinging oddments hat\" \/> <\/p>\n<p>Last week-end I managed to finish this hat following <a href=\"http:\/\/swing-stricken.de\" target=\"_blank\">Heidrun Liegmann&#8217;s<\/a> instruction, and today I finally find the time to show it to you.<br \/>\nIt took about 80 to 85 grams of wool with 350 m per 100 grams. I worked with 3 mm needles. And yes, I&#8217;m very proud of having worked such a beauty. \ud83d\ude42<\/p>\n","protected":false},"excerpt":{"rendered":"<p>Schon vergangenes Wochenende wurde diese M\u00fctze nach der Anleitung von Heidrun Liegmann fertig, aber heute schaffe ich es endlich, sie hier zu zeigen. Ich habe daf\u00fcr etwa 80-85 g Wolle mit einer Laufl\u00e4nge von 350 m auf 100 g verbraucht. Gestrickt habe ich mit Nadelst\u00e4rke 3 mm. Und ja, ich bin sehr stolz, dass sie &hellip; <a href=\"https:\/\/www.strickforum.de\/blog\/reste-mutze-fertig-oddment-hat-finished\/\" class=\"more-link\"><span class=\"screen-reader-text\">\u201eReste-M\u00fctze fertig &#8211; Oddment hat finished\u201c <\/span>weiterlesen<\/a><\/p>\n","protected":false},"author":3,"featured_media":0,"comment_status":"open","ping_status":"open","sticky":false,"template":"","format":"standard","meta":{"_seopress_robots_primary_cat":"","_seopress_titles_title":"","_seopress_titles_desc":"","_seopress_robots_index":"","_crdt_document":"","jetpack_post_was_ever_published":false,"_jetpack_newsletter_access":"","_jetpack_dont_email_post_to_subs":false,"_jetpack_newsletter_tier_id":0,"_jetpack_memberships_contains_paywalled_content":false,"_jetpack_memberships_contains_paid_content":false,"footnotes":"","jetpack_publicize_message":"","jetpack_publicize_feature_enabled":true,"jetpack_social_post_already_shared":false,"jetpack_social_options":{"image_generator_settings":{"template":"highway","default_image_id":0,"font":"","enabled":false},"version":2}},"categories":[6],"tags":[],"class_list":["post-1325","post","type-post","status-publish","format-standard","hentry","category-6"],"jetpack_publicize_connections":[],"jetpack_featured_media_url":"","jetpack_sharing_enabled":true,"jetpack_shortlink":"https:\/\/wp.me\/p7JbSI-ln","jetpack-related-posts":[{"id":1321,"url":"https:\/\/www.strickforum.de\/blog\/swing-reste-mutze-swinging-oddment-hat\/","url_meta":{"origin":1325,"position":0},"title":"Swing-Reste-M\u00fctze &#8211; Swinging oddment hat","author":"Admin","date":"18. Februar 2012","format":false,"excerpt":"Vor zehn Tagen startete ich einen neuen Versuch mit dem Swing-Stricken. Diesmal wagte ich mich an Heidrun Liegmanns M\u00fctzen-Anleitung. Das Garn, das ich mir ausgesucht hatte, ist dicker als das in der Anleitung vorgesehene, und mein erster Versuch geriet viel zu gro\u00df. Beim zweiten Versuch, mit weniger Maschen und drei\u2026","rel":"","context":"In &quot;Stricken&quot;","block_context":{"text":"Stricken","link":"https:\/\/www.strickforum.de\/blog\/category\/3\/"},"img":{"alt_text":"","src":"","width":0,"height":0},"classes":[]},{"id":1266,"url":"https:\/\/www.strickforum.de\/blog\/kontrastprogramm-what-a-contrast\/","url_meta":{"origin":1325,"position":1},"title":"Kontrastprogramm &#8211; What a contrast","author":"Admin","date":"6. November 2011","format":false,"excerpt":"In den letzten Wochen habe ich nur mit d\u00fcnnen Garnen gestrickt. Es war h\u00f6chste Zeit f\u00fcr eine kleine Abwechslung. Bei der antiken Wolle, die ich letzten Monat bekommen hatte, befand sich ein einzelner 100-g-Strang Neveda \u201cRecord\u201d in hellem T\u00fcrkis. Die Banderole enthielt keinerlei Angaben zu Nadelst\u00e4rke oder Laufl\u00e4nge. Die Meterzahl\u2026","rel":"","context":"In &quot;Stricken&quot;","block_context":{"text":"Stricken","link":"https:\/\/www.strickforum.de\/blog\/category\/3\/"},"img":{"alt_text":"","src":"","width":0,"height":0},"classes":[]},{"id":3092,"url":"https:\/\/www.strickforum.de\/blog\/doch-ich-stricke-noch\/","url_meta":{"origin":1325,"position":2},"title":"Doch, ich stricke noch","author":"Admin","date":"28. August 2020","format":false,"excerpt":"Allen, die vermuten, dass ich nun endg\u00fcltig die Stricknadeln gegen N\u00e4hmaschinennadeln getauscht habe, beweise ich hiermit: Es wird auch noch gestrickt. Dies ist im Rahmen eines KAL der Anfang des Tuchs \"Down Memory Lane\" von \u00c1gnes Kutas. Ben\u00f6tigt werden 800 m Garn in ungef\u00e4hr 4fach-St\u00e4rke. Ich verwende Schoppel Zauber Flower\u2026","rel":"","context":"In &quot;Stricken&quot;","block_context":{"text":"Stricken","link":"https:\/\/www.strickforum.de\/blog\/category\/3\/"},"img":{"alt_text":"WIP \"Down Memory Lane\"","src":"https:\/\/i0.wp.com\/www.strickforum.de\/blog\/wp-content\/uploads\/2020\/08\/memory-lane_chart-f.jpg?resize=350%2C200&ssl=1","width":350,"height":200,"srcset":"https:\/\/i0.wp.com\/www.strickforum.de\/blog\/wp-content\/uploads\/2020\/08\/memory-lane_chart-f.jpg?resize=350%2C200&ssl=1 1x, https:\/\/i0.wp.com\/www.strickforum.de\/blog\/wp-content\/uploads\/2020\/08\/memory-lane_chart-f.jpg?resize=525%2C300&ssl=1 1.5x, https:\/\/i0.wp.com\/www.strickforum.de\/blog\/wp-content\/uploads\/2020\/08\/memory-lane_chart-f.jpg?resize=700%2C400&ssl=1 2x"},"classes":[]},{"id":1066,"url":"https:\/\/www.strickforum.de\/blog\/zu-klein-too-small\/","url_meta":{"origin":1325,"position":3},"title":"Zu klein &#8211; Too small","author":"Admin","date":"25. November 2010","format":false,"excerpt":"Woolly Wormheads M\u00fctzen-Knitalong ist beendet, die erste der beiden M\u00fctzen habe ich fertig, und sie ist leider doch zu klein geraten. Deshalb geht sie aller Voraussicht nach an eine der T\u00f6chter meiner bekinderten Kollegen. Welche der vier in Frage kommenden jungen Damen letztlich warme Ohren bekommt, wird noch gekl\u00e4rt. Ihr\u2026","rel":"","context":"In &quot;Stricken&quot;","block_context":{"text":"Stricken","link":"https:\/\/www.strickforum.de\/blog\/category\/3\/"},"img":{"alt_text":"","src":"https:\/\/i0.wp.com\/www.strickforum.de\/blog\/media\/1\/20101125-limpetiole-s_450.jpg?resize=350%2C200","width":350,"height":200},"classes":[]},{"id":1959,"url":"https:\/\/www.strickforum.de\/blog\/donna-rocco-winkeltuch\/","url_meta":{"origin":1325,"position":4},"title":"Donna Rocco Winkeltuch","author":"Admin","date":"6. Dezember 2015","format":false,"excerpt":"Endlich schaffe ich es Fotos von meinem fertigen Winkeltuch Donna Rocco zu zeigen, das schon seit dem 27. November abgekettet ist. Das Tuch ist ein Entwurf von Birgit Freyer, ver\u00f6ffentlicht im Rahmen ihres T\u00fccherrausch-Abonnements. Ziemlich genau zwei Monate habe ich daran gestrickt. Verwendet habe ich drei verschiedene Lace-Garne: Lotus \u201cTibetan\u2026","rel":"","context":"In &quot;Stricken&quot;","block_context":{"text":"Stricken","link":"https:\/\/www.strickforum.de\/blog\/category\/3\/"},"img":{"alt_text":"","src":"","width":0,"height":0},"classes":[]},{"id":3533,"url":"https:\/\/www.strickforum.de\/blog\/wieder-eine-schnelle-muetze\/","url_meta":{"origin":1325,"position":5},"title":"Wieder eine schnelle M\u00fctze","author":"Admin","date":"20. Januar 2023","format":false,"excerpt":"M\u00fctzen habe ich 2021 ziemlich viele (f\u00fcr meine Verh\u00e4ltnisse jedenfalls) gestrickt. Die meisten gingen an eine gute Bekannte, eine Betreuerin. Die verteilt sie an Bed\u00fcrftige aus dem Kreis ihrer Klienten. Im vergangenen Jahr hatte es sich dann bei mir weitgehend ausgem\u00fctzt. Andere Strickprojekte waren f\u00fcr mich interessanter. Bis ich vor\u2026","rel":"","context":"In &quot;Stricken&quot;","block_context":{"text":"Stricken","link":"https:\/\/www.strickforum.de\/blog\/category\/3\/"},"img":{"alt_text":"","src":"https:\/\/i0.wp.com\/www.strickforum.de\/blog\/wp-content\/uploads\/2023\/01\/muetze_tweed-delight.jpg?resize=350%2C200&ssl=1","width":350,"height":200,"srcset":"https:\/\/i0.wp.com\/www.strickforum.de\/blog\/wp-content\/uploads\/2023\/01\/muetze_tweed-delight.jpg?resize=350%2C200&ssl=1 1x, https:\/\/i0.wp.com\/www.strickforum.de\/blog\/wp-content\/uploads\/2023\/01\/muetze_tweed-delight.jpg?resize=525%2C300&ssl=1 1.5x, https:\/\/i0.wp.com\/www.strickforum.de\/blog\/wp-content\/uploads\/2023\/01\/muetze_tweed-delight.jpg?resize=700%2C400&ssl=1 2x"},"classes":[]}],"_links":{"self":[{"href":"https:\/\/www.strickforum.de\/blog\/wp-json\/wp\/v2\/posts\/1325","targetHints":{"allow":["GET"]}}],"collection":[{"href":"https:\/\/www.strickforum.de\/blog\/wp-json\/wp\/v2\/posts"}],"about":[{"href":"https:\/\/www.strickforum.de\/blog\/wp-json\/wp\/v2\/types\/post"}],"author":[{"embeddable":true,"href":"https:\/\/www.strickforum.de\/blog\/wp-json\/wp\/v2\/users\/3"}],"replies":[{"embeddable":true,"href":"https:\/\/www.strickforum.de\/blog\/wp-json\/wp\/v2\/comments?post=1325"}],"version-history":[{"count":0,"href":"https:\/\/www.strickforum.de\/blog\/wp-json\/wp\/v2\/posts\/1325\/revisions"}],"wp:attachment":[{"href":"https:\/\/www.strickforum.de\/blog\/wp-json\/wp\/v2\/media?parent=1325"}],"wp:term":[{"taxonomy":"category","embeddable":true,"href":"https:\/\/www.strickforum.de\/blog\/wp-json\/wp\/v2\/categories?post=1325"},{"taxonomy":"post_tag","embeddable":true,"href":"https:\/\/www.strickforum.de\/blog\/wp-json\/wp\/v2\/tags?post=1325"}],"curies":[{"name":"wp","href":"https:\/\/api.w.org\/{rel}","templated":true}]}}