{"id":1384,"date":"2012-06-05T21:44:53","date_gmt":"2012-06-05T19:44:53","guid":{"rendered":"http:\/\/www.strickforum.de\/blog\/?p=1384"},"modified":"2012-06-05T21:44:53","modified_gmt":"2012-06-05T19:44:53","slug":"die-verstrickte-dienstagsfrage-232012","status":"publish","type":"post","link":"https:\/\/www.strickforum.de\/blog\/die-verstrickte-dienstagsfrage-232012\/","title":{"rendered":"Die verstrickte Dienstagsfrage 23\/2012"},"content":{"rendered":"<p><b>Das <a href=\"http:\/\/daswollschaf.wordpress.com\/2012\/06\/05\/die-verstrickte-dienstagsfrage-232012\/#comments\" target=\"_blank\">Wollschaf<\/a> fragt diese Woche:<br \/>\nAm Samstag 09. Juni ist Welttag des \u00d6ffentlichen Strickens. Ich finde es eine tolle Idee, rauszugehen und sich zum Stricken und H\u00e4keln zu bekennen. Leider finde ich nur Aktionen, die M\u00fctzchen und Decken produzieren, sodass meiner Meinung nach der Wert der Hand-Arbeit hinten ansteht gegen\u00fcber der Not, die gelindert werden soll. Oder es sind Aktionen von Woll-L\u00e4den, die Kundschaft suchen und einen Werbegag platzieren. Was tut Ihr an diesem Tag, was bedeutet er Euch? Und wie organisiert Ihr Euch daf\u00fcr?<br \/>\nVielen Dank an mo-hair f\u00fcr die heutige Frage<\/b>!<\/p>\n<p>Ich organisiere mich gar nicht, weil ich aus Zeitgr\u00fcnden leider nicht am \u00f6ffentlichen Stricken teilnehmen kann. H\u00e4tte ich Zeit und Gelegenheit, dann h\u00e4tte ich vielleicht versucht, mit dem \u00f6rtlichen Wollgesch\u00e4ft Kontakt aufzunehmen, um zu pr\u00fcfen, ob und ggf. was f\u00fcr eine Aktion m\u00f6glich w\u00e4re. Davon abgesehen brauche ich keinen speziellen Tag, um zu stricken oder auf meine Freude am Stricken aufmerksam zu machen. Das geht jederzeit und fast \u00fcberall.<br \/>\nAus meiner Sicht ist es keine schlechte Idee, sich im Rahmen einer Ein-Tag-Aktion haupts\u00e4chlich auf kleine Projekte zu beschr\u00e4nken (wobei ich eine Decke nicht wirklich klein finde). Wer will und es sich zutraut, kann ja trotzdem etwas Gr\u00f6\u00dferes w\u00e4hlen oder mehrere kleine Teile anfertigen, aber f\u00fcr Anf\u00e4nger und Wiedereinsteiger sind Kleinteile bestimmt besser geeignet, weil sie schnelleren Erfolg versprechen. Und Erfolg ist das beste Mittel, um sie dann auch bei der Stange, \u00e4h, Nadel zu halten.<br \/>\nIm Sinne von &#8220;think global &#8211; act local&#8221; finde ich es auch vern\u00fcnftig, sich vorrangig um den Bedarf und um Bed\u00fcrftige in der n\u00e4heren Umgebung zu k\u00fcmmern. Sofern man nicht gerade in einer Enklave f\u00fcr Million\u00e4re wohnt, findet sich garantiert in der N\u00e4he eine Organisation wie die Tafel, die sich \u00fcber Unterst\u00fctzung freut.<\/p>\n","protected":false},"excerpt":{"rendered":"<p>Das Wollschaf fragt diese Woche: Am Samstag 09. Juni ist Welttag des \u00d6ffentlichen Strickens. Ich finde es eine tolle Idee, rauszugehen und sich zum Stricken und H\u00e4keln zu bekennen. Leider finde ich nur Aktionen, die M\u00fctzchen und Decken produzieren, sodass meiner Meinung nach der Wert der Hand-Arbeit hinten ansteht gegen\u00fcber der Not, die gelindert werden &hellip; <a href=\"https:\/\/www.strickforum.de\/blog\/die-verstrickte-dienstagsfrage-232012\/\" class=\"more-link\"><span class=\"screen-reader-text\">\u201eDie verstrickte Dienstagsfrage 23\/2012\u201c <\/span>weiterlesen<\/a><\/p>\n","protected":false},"author":3,"featured_media":0,"comment_status":"open","ping_status":"open","sticky":false,"template":"","format":"standard","meta":{"_seopress_robots_primary_cat":"","_seopress_titles_title":"","_seopress_titles_desc":"","_seopress_robots_index":"","_crdt_document":"","jetpack_post_was_ever_published":false,"_jetpack_newsletter_access":"","_jetpack_dont_email_post_to_subs":false,"_jetpack_newsletter_tier_id":0,"_jetpack_memberships_contains_paywalled_content":false,"_jetpack_memberships_contains_paid_content":false,"footnotes":"","jetpack_publicize_message":"","jetpack_publicize_feature_enabled":true,"jetpack_social_post_already_shared":false,"jetpack_social_options":{"image_generator_settings":{"template":"highway","default_image_id":0,"font":"","enabled":false},"version":2}},"categories":[6],"tags":[],"class_list":["post-1384","post","type-post","status-publish","format-standard","hentry","category-6"],"jetpack_publicize_connections":[],"jetpack_featured_media_url":"","jetpack_sharing_enabled":true,"jetpack_shortlink":"https:\/\/wp.me\/p7JbSI-mk","jetpack-related-posts":[{"id":1948,"url":"https:\/\/www.strickforum.de\/blog\/ein-schal-furs-leben\/","url_meta":{"origin":1384,"position":0},"title":"Ein Schal f\u00fcrs Leben","author":"Admin","date":"13. November 2015","format":false,"excerpt":"Heute fragte eine Repr\u00e4sentantin des Verlags Gruner & Jahr bzw. der Zeitschrift \u201cBrigitte\u201d bei mir an, ob ich Interesse h\u00e4tte, auf die Aktion \u201cEin Schal f\u00fcrs Leben\u201d aufmerksam zu machen. Ja, habe ich. :-) Details zu dieser Aktion findet Ihr unter http:\/\/www.savethechildren.de\/schal-fuers-leben Um Spenden f\u00fcr syrische Kinder zu sammeln wurde\u2026","rel":"","context":"In &quot;Stricken&quot;","block_context":{"text":"Stricken","link":"https:\/\/www.strickforum.de\/blog\/category\/3\/"},"img":{"alt_text":"","src":"","width":0,"height":0},"classes":[]},{"id":888,"url":"https:\/\/www.strickforum.de\/blog\/die-verstrickte-dienstagsfrage-042010\/","url_meta":{"origin":1384,"position":1},"title":"Die verstrickte Dienstagsfrage 04\/2010","author":"Admin","date":"26. Januar 2010","format":false,"excerpt":"Das Wollschaf fragt: Gibt es ein Projekt, dass Ihr seit l\u00e4ngerem (Monate? Jahre? Jahrzehnte?) stricken wollt, an das Ihr Euch aber bisher nicht drangemacht habt? Wenn ja, warum nicht? Herzlichen Dank an Jinx f\u00fcr die heutige Frage! Tja, Leute, jetzt kommt ans Licht, was ich seit Jahrzehnten sorgf\u00e4ltig zu verbergen\u2026","rel":"","context":"In &quot;Stricken&quot;","block_context":{"text":"Stricken","link":"https:\/\/www.strickforum.de\/blog\/category\/3\/"},"img":{"alt_text":"","src":"","width":0,"height":0},"classes":[]},{"id":1204,"url":"https:\/\/www.strickforum.de\/blog\/die-verstrickte-dienstagsfrage-282011\/","url_meta":{"origin":1384,"position":2},"title":"Die verstrickte Dienstagsfrage 28\/2011","author":"Admin","date":"13. Juli 2011","format":false,"excerpt":"Das Wollschaf fragt diese Woche: Ich sortiere gerade meine Strickbuchsammlung neu und finde kein wirklich logisches Ordnungssystem. Daher w\u00fcrde mich mal interessieren, wie andere ihre Strick-Fachliteratur organisieren. Nach Autor? Nach Sachgebiet (Modellb\u00fccher, Mustersammlungen, Techniken)? Falls letzteres, was macht Ihr mit B\u00fcchern, die in mehrere Kategorien passen? Oder habt Ihr vielleicht\u2026","rel":"","context":"In &quot;Stricken&quot;","block_context":{"text":"Stricken","link":"https:\/\/www.strickforum.de\/blog\/category\/3\/"},"img":{"alt_text":"","src":"","width":0,"height":0},"classes":[]},{"id":1187,"url":"https:\/\/www.strickforum.de\/blog\/die-verstrickte-dienstagsfrage-232011\/","url_meta":{"origin":1384,"position":3},"title":"Die verstrickte Dienstagsfrage 23\/2011","author":"Admin","date":"7. Juni 2011","format":false,"excerpt":"Das Wollschaf fragt diese Woche: Wir alle stricken derzeit anscheinend im Akkord vor allem Socken, T\u00fccher, Decken in den verschiedensten Mustern und Techniken. Pullover und Jacken kommen auch dazu, vieles davon in Patchworkstrick. Was mich brennend interessiert, wo ich mich aber nicht so recht ran wage, sind Pullis mit verk\u00fcrzten\u2026","rel":"","context":"In &quot;Stricken&quot;","block_context":{"text":"Stricken","link":"https:\/\/www.strickforum.de\/blog\/category\/3\/"},"img":{"alt_text":"","src":"","width":0,"height":0},"classes":[]},{"id":1675,"url":"https:\/\/www.strickforum.de\/blog\/die-verstrickte-dienstagsfrage-482013\/","url_meta":{"origin":1384,"position":4},"title":"Die verstrickte Dienstagsfrage 48\/2013","author":"Admin","date":"26. November 2013","format":false,"excerpt":"Diese Woche lautet die Wollschaf-Frage: Strickst oder h\u00e4kelst du auch in der \u00d6ffentlichkeit (also in Caf\u00e9s, Bus und Bahn, B\u00fcchereien, in der Uni, am Arbeitsplatz etc.) ? Wenn ja, welche Erfahrungen hast du damit gemacht und wie reagiert die Umwelt darauf? Wurdest du schon angesprochen und was haben sie gesagt?\u2026","rel":"","context":"In &quot;Stricken&quot;","block_context":{"text":"Stricken","link":"https:\/\/www.strickforum.de\/blog\/category\/3\/"},"img":{"alt_text":"","src":"","width":0,"height":0},"classes":[]},{"id":733,"url":"https:\/\/www.strickforum.de\/blog\/die-verstrickte-dienstagsfrage-242009\/","url_meta":{"origin":1384,"position":5},"title":"Die verstrickte Dienstagsfrage 24\/2009","author":"Admin","date":"9. Juni 2009","format":false,"excerpt":"Das Wollschaf fragt: Habt ihr ein Lieblingsgarn? Wenn ja, welches und warum? Vielen Dank an Tanja f\u00fcr die heutige Frage! Eines meiner Lieblingsgarne war fr\u00fcher Stahlsche Wolle \u201cSkyline\u201d, eine reine Schurwolle mit einer Laufl\u00e4nge von 150 m auf 50 g. Damit habe ich um die zwanzig Pullover gestrickt. Leider ist\u2026","rel":"","context":"In &quot;Stricken&quot;","block_context":{"text":"Stricken","link":"https:\/\/www.strickforum.de\/blog\/category\/3\/"},"img":{"alt_text":"","src":"","width":0,"height":0},"classes":[]}],"_links":{"self":[{"href":"https:\/\/www.strickforum.de\/blog\/wp-json\/wp\/v2\/posts\/1384","targetHints":{"allow":["GET"]}}],"collection":[{"href":"https:\/\/www.strickforum.de\/blog\/wp-json\/wp\/v2\/posts"}],"about":[{"href":"https:\/\/www.strickforum.de\/blog\/wp-json\/wp\/v2\/types\/post"}],"author":[{"embeddable":true,"href":"https:\/\/www.strickforum.de\/blog\/wp-json\/wp\/v2\/users\/3"}],"replies":[{"embeddable":true,"href":"https:\/\/www.strickforum.de\/blog\/wp-json\/wp\/v2\/comments?post=1384"}],"version-history":[{"count":0,"href":"https:\/\/www.strickforum.de\/blog\/wp-json\/wp\/v2\/posts\/1384\/revisions"}],"wp:attachment":[{"href":"https:\/\/www.strickforum.de\/blog\/wp-json\/wp\/v2\/media?parent=1384"}],"wp:term":[{"taxonomy":"category","embeddable":true,"href":"https:\/\/www.strickforum.de\/blog\/wp-json\/wp\/v2\/categories?post=1384"},{"taxonomy":"post_tag","embeddable":true,"href":"https:\/\/www.strickforum.de\/blog\/wp-json\/wp\/v2\/tags?post=1384"}],"curies":[{"name":"wp","href":"https:\/\/api.w.org\/{rel}","templated":true}]}}