{"id":1390,"date":"2012-06-10T18:58:18","date_gmt":"2012-06-10T16:58:18","guid":{"rendered":"http:\/\/www.strickforum.de\/blog\/?p=1390"},"modified":"2012-06-10T18:58:18","modified_gmt":"2012-06-10T16:58:18","slug":"wieder-einmal-halbzeit-half-time-again","status":"publish","type":"post","link":"https:\/\/www.strickforum.de\/blog\/wieder-einmal-halbzeit-half-time-again\/","title":{"rendered":"Wieder einmal Halbzeit &#8211; Half-time again"},"content":{"rendered":"<p>Nein, nicht beim Fu\u00dfball, sondern beim zweiten Versuch der gr\u00fcn-gestreiften Ulina-Jacke. Verglichen mit dem ersten (siehe <a href=\"http:\/\/strickforum.de\/weblog\/index.php?itemid=1381\" target=\"_blank\">Blog-Eintrag vom 26. Mai<\/a>) gef\u00e4llt mir diese Version viel besser, und das nicht nur, weil ich diesmal die richtige Maschenzahl angeschlagen habe. Die ineinander verlaufenden Streifen sehen viel h\u00fcbscher aus als die Blockstreifen zuvor.<\/p>\n<p><img data-recalc-dims=\"1\" decoding=\"async\" src=\"https:\/\/i0.wp.com\/www.strickforum.de\/images\/blog\/12_06\/ulina5_450.jpg?w=840\" alt=\"halbe Babyjacke, half of baby cardigan\" \/><\/p>\n<p>No, it&#8217;s not a football (soccer) half-time, but the first half of my second attempt for the green striped Ulina cardigan. Compared with my first try (see blog entry dated 26th May), I very much prefer this one, and not only because this time I do have the correct number of stitches. The colour gradient looks much nicer than the wide stripes before.<\/p>\n","protected":false},"excerpt":{"rendered":"<p>Nein, nicht beim Fu\u00dfball, sondern beim zweiten Versuch der gr\u00fcn-gestreiften Ulina-Jacke. Verglichen mit dem ersten (siehe Blog-Eintrag vom 26. Mai) gef\u00e4llt mir diese Version viel besser, und das nicht nur, weil ich diesmal die richtige Maschenzahl angeschlagen habe. Die ineinander verlaufenden Streifen sehen viel h\u00fcbscher aus als die Blockstreifen zuvor. No, it&#8217;s not a football &hellip; <a href=\"https:\/\/www.strickforum.de\/blog\/wieder-einmal-halbzeit-half-time-again\/\" class=\"more-link\"><span class=\"screen-reader-text\">\u201eWieder einmal Halbzeit &#8211; Half-time again\u201c <\/span>weiterlesen<\/a><\/p>\n","protected":false},"author":3,"featured_media":0,"comment_status":"open","ping_status":"open","sticky":false,"template":"","format":"standard","meta":{"_seopress_robots_primary_cat":"","_seopress_titles_title":"","_seopress_titles_desc":"","_seopress_robots_index":"","_crdt_document":"","jetpack_post_was_ever_published":false,"_jetpack_newsletter_access":"","_jetpack_dont_email_post_to_subs":false,"_jetpack_newsletter_tier_id":0,"_jetpack_memberships_contains_paywalled_content":false,"_jetpack_memberships_contains_paid_content":false,"footnotes":"","jetpack_publicize_message":"","jetpack_publicize_feature_enabled":true,"jetpack_social_post_already_shared":false,"jetpack_social_options":{"image_generator_settings":{"template":"highway","default_image_id":0,"font":"","enabled":false},"version":2}},"categories":[6],"tags":[],"class_list":["post-1390","post","type-post","status-publish","format-standard","hentry","category-6"],"jetpack_publicize_connections":[],"jetpack_featured_media_url":"","jetpack_sharing_enabled":true,"jetpack_shortlink":"https:\/\/wp.me\/p7JbSI-mq","jetpack-related-posts":[{"id":933,"url":"https:\/\/www.strickforum.de\/blog\/sturm-im-eiltempo-tempest-in-a-rush\/","url_meta":{"origin":1390,"position":0},"title":"Sturm im Eiltempo &#8211; Tempest in a Rush","author":"Admin","date":"18. April 2010","format":false,"excerpt":"\u201cTempest\u201d (auf Deutsch Unwetter oder Sturm) ist eine schlichte gestreifte Jacke aus der \u201cKnitty\u201d. Ich mag Gr\u00fcn, ich habe diverse gr\u00fcne Garne, und ich habe wenig Zeit. Was liegt also n\u00e4her, als diese Jacke ganz schnell auf der Strickmaschine anzufertigen? Vor allem wollte ich gern das gr\u00fcn gestreifte Filatura di\u2026","rel":"","context":"In &quot;Stricken&quot;","block_context":{"text":"Stricken","link":"https:\/\/www.strickforum.de\/blog\/category\/3\/"},"img":{"alt_text":"Tempest, Filatura di Crosa Maxime Print und Wollmeise Farbe Pesto","src":"https:\/\/i0.wp.com\/www.strickforum.de\/blog\/media\/1\/20100418-tempeststreifen_gruen.jpg?resize=350%2C200","width":350,"height":200},"classes":[]},{"id":935,"url":"https:\/\/www.strickforum.de\/blog\/eilig-sturmt-es-weiter-rushing-forward-with-tempest\/","url_meta":{"origin":1390,"position":1},"title":"Eilig st\u00fcrmt es weiter &#8211; Rushing forward with Tempest","author":"Admin","date":"22. April 2010","format":false,"excerpt":"Endspurt ist angesagt. Heute habe ich den zweiten \u00c4rmel f\u00fcr die Jacke \u201cTempest\u201d beendet. Zum Gl\u00fcck habe ich daran gedacht, im zweiten \u00c4rmel das streifenbildende Garn mit derselben Farbe anzufangen wie beim ersten. Es sieht dann doch etwas gleichm\u00e4\u00dfiger aus. Auch bei den Vorderteilen (siehe Bild) finde ich das ganz\u2026","rel":"","context":"In &quot;Stricken&quot;","block_context":{"text":"Stricken","link":"https:\/\/www.strickforum.de\/blog\/category\/3\/"},"img":{"alt_text":"Tempest Jacke\/cardigan","src":"https:\/\/i0.wp.com\/www.strickforum.de\/blog\/media\/1\/20100422-tempest_body_400.jpg?resize=350%2C200","width":350,"height":200},"classes":[]},{"id":1937,"url":"https:\/\/www.strickforum.de\/blog\/die-nachste-ulina-2\/","url_meta":{"origin":1390,"position":2},"title":"Die n\u00e4chste Ulina","author":"Admin","date":"6. August 2015","format":false,"excerpt":"Im September wird im Kollegenkreis wieder einmal ein kleines M\u00e4dchen-Baby erwartet. Und nat\u00fcrlich braucht das Kind, wenn es auf den Herbst zugeht, etwas Warmes zum Anziehen. Hier ist also Ulina Nr. 11, sofern ich mich nicht verz\u00e4hlt habe; es k\u00f6nnten auch schon mehr gewesen sein. Gestrickt aus lauter Resten, insgesamt\u2026","rel":"","context":"In &quot;Stricken&quot;","block_context":{"text":"Stricken","link":"https:\/\/www.strickforum.de\/blog\/category\/3\/"},"img":{"alt_text":"","src":"","width":0,"height":0},"classes":[]},{"id":510,"url":"https:\/\/www.strickforum.de\/blog\/ganz-und-gar-nicht-glucklich-not-at-all-happy\/","url_meta":{"origin":1390,"position":3},"title":"Ganz und gar nicht gl\u00fccklich &#8211; Not at all happy","author":"Admin","date":"14. September 2008","format":false,"excerpt":"Es gibt Anleitungen, die sind einfach nicht f\u00fcr mich gemacht. Anscheinend geh\u00f6ren die \u201cFlap Top Mittens\u201d auch dazu. Ich bin immer noch beim ersten Handschuh. Seltsamerweise wurde mein Gestrick deutlich fester, nachdem ich mit weniger Maschen neu angefangen hatte. Jetzt ist der Handschuh beinahe zu eng. Sollte ich noch ein\u2026","rel":"","context":"In &quot;Stricken&quot;","block_context":{"text":"Stricken","link":"https:\/\/www.strickforum.de\/blog\/category\/3\/"},"img":{"alt_text":"Photo 1","src":"https:\/\/i0.wp.com\/www.strickforum.de\/blog\/media\/1\/20080914-faeustling01.jpg?resize=350%2C200","width":350,"height":200},"classes":[]},{"id":775,"url":"https:\/\/www.strickforum.de\/blog\/plisse-jacket\/","url_meta":{"origin":1390,"position":4},"title":"Pliss\u00e9 Jacket","author":"Admin","date":"17. August 2009","format":false,"excerpt":"Beim Namen \u201cPliss\u00e9\u201d in Verbindung mit Stricken denken vermutlich die meisten Leser an Hanne Falkenberg. Es gibt jedoch ein Modell gleichen Namens von Lene Holme Sams\u00f8e, zu finden in ihrem Buch \u201cFeminine Knits\u201d. Dies ist eine gestreifte Jacke. Die Streifen sind abwechselnd aus dickerem und d\u00fcnnerem Garn. Vor dem Waschen\u2026","rel":"","context":"In &quot;Stricken&quot;","block_context":{"text":"Stricken","link":"https:\/\/www.strickforum.de\/blog\/category\/3\/"},"img":{"alt_text":"Maschenprobe\/swatch Plisse jacket","src":"https:\/\/i0.wp.com\/www.strickforum.de\/blog\/media\/1\/20090817-samsoe_plisse.jpg?resize=350%2C200","width":350,"height":200},"classes":[]},{"id":1792,"url":"https:\/\/www.strickforum.de\/blog\/die-rgb-ulina\/","url_meta":{"origin":1390,"position":5},"title":"Die RGB-Ulina","author":"Admin","date":"26. Juni 2014","format":false,"excerpt":"Wer sich mit der Erstellung von Internetseiten oder generell Farbe am Bildschirm besch\u00e4ftigt, dem ist RGB ein Begriff. Es ist die Abk\u00fcrzung f\u00fcr rot-gr\u00fcn-blau und bezeichnet u.a. einen Farbraum, der am Computermonitor dargestellt werden kann. Dieses Babyj\u00e4ckchen ist ungef\u00e4hr das zehnte, das ich nach der Ulina-Anleitung gestrickt habe. Das Streifenmuster\u2026","rel":"","context":"In &quot;Stricken&quot;","block_context":{"text":"Stricken","link":"https:\/\/www.strickforum.de\/blog\/category\/3\/"},"img":{"alt_text":"","src":"","width":0,"height":0},"classes":[]}],"_links":{"self":[{"href":"https:\/\/www.strickforum.de\/blog\/wp-json\/wp\/v2\/posts\/1390","targetHints":{"allow":["GET"]}}],"collection":[{"href":"https:\/\/www.strickforum.de\/blog\/wp-json\/wp\/v2\/posts"}],"about":[{"href":"https:\/\/www.strickforum.de\/blog\/wp-json\/wp\/v2\/types\/post"}],"author":[{"embeddable":true,"href":"https:\/\/www.strickforum.de\/blog\/wp-json\/wp\/v2\/users\/3"}],"replies":[{"embeddable":true,"href":"https:\/\/www.strickforum.de\/blog\/wp-json\/wp\/v2\/comments?post=1390"}],"version-history":[{"count":0,"href":"https:\/\/www.strickforum.de\/blog\/wp-json\/wp\/v2\/posts\/1390\/revisions"}],"wp:attachment":[{"href":"https:\/\/www.strickforum.de\/blog\/wp-json\/wp\/v2\/media?parent=1390"}],"wp:term":[{"taxonomy":"category","embeddable":true,"href":"https:\/\/www.strickforum.de\/blog\/wp-json\/wp\/v2\/categories?post=1390"},{"taxonomy":"post_tag","embeddable":true,"href":"https:\/\/www.strickforum.de\/blog\/wp-json\/wp\/v2\/tags?post=1390"}],"curies":[{"name":"wp","href":"https:\/\/api.w.org\/{rel}","templated":true}]}}