{"id":140,"date":"2006-04-15T21:04:00","date_gmt":"2006-04-15T19:04:00","guid":{"rendered":"http:\/\/www.strickforum.de\/blog\/?p=140"},"modified":"2006-04-15T21:04:00","modified_gmt":"2006-04-15T19:04:00","slug":"probenummer","status":"publish","type":"post","link":"https:\/\/www.strickforum.de\/blog\/probenummer\/","title":{"rendered":"Probenummer"},"content":{"rendered":"<p>Aus einem Rest (wenig mehr als zwei Kn\u00e4uel) Kureyon strickte ich \u00fcber etwa 100 Maschen mit Nadelst\u00e4rke 8 dies:<\/p>\n<p><img data-recalc-dims=\"1\" src=\"https:\/\/i0.wp.com\/www.strickforum.de\/blog\/media\/1\/20060412-filzkorb01.jpg?resize=350%2C327\" width=\"350\"  height=\"327\"  alt='gestrickter Korb'  \/><\/p>\n<p>und warf es in die 40\u00b0-W\u00e4sche. Heraus kam etwas, was nach einigem Geziehe und Gezerre ein halbwegs brauchbares Wollk\u00f6rbchen ergab:<\/p>\n<p><img data-recalc-dims=\"1\" src=\"https:\/\/i0.wp.com\/www.strickforum.de\/blog\/media\/1\/20060412-filzkorb02.jpg?resize=350%2C334\" width=\"350\"  height=\"334\"  alt='gestrickter und gefilzter Korb'  \/><\/p>\n<p>Die Maschenstruktur ist dabei noch sichtbar, und ich finde das Ergebnis recht gro\u00df geraten. Ich hatte angenommen, es w\u00fcrde deutlich kleiner werden. Vermutlich werde ich es noch mal einem kr\u00e4ftigeren Waschgang unterziehen, damit es etwas mehr Stabilit\u00e4t bekommt.<br \/>\nDies war mein erster Filz-Versuch, und er ist f\u00fcr erfahrene Filzer wohl ungef\u00e4hr so spannend wie ein beliebiges erstes Paar Socken f\u00fcr mich. \ud83d\ude09 Ich bitte deshalb vielmals um Entschuldigung, wenn ich irgendjemanden meiner gesch\u00e4tzten Leserschaft damit gelangweilt haben sollte.<\/p>\n","protected":false},"excerpt":{"rendered":"<p>Aus einem Rest (wenig mehr als zwei Kn\u00e4uel) Kureyon strickte ich \u00fcber etwa 100 Maschen mit Nadelst\u00e4rke 8 dies: und warf es in die 40\u00b0-W\u00e4sche. Heraus kam etwas, was nach einigem Geziehe und Gezerre ein halbwegs brauchbares Wollk\u00f6rbchen ergab: Die Maschenstruktur ist dabei noch sichtbar, und ich finde das Ergebnis recht gro\u00df geraten. Ich hatte &hellip; <a href=\"https:\/\/www.strickforum.de\/blog\/probenummer\/\" class=\"more-link\"><span class=\"screen-reader-text\">\u201eProbenummer\u201c <\/span>weiterlesen<\/a><\/p>\n","protected":false},"author":3,"featured_media":0,"comment_status":"open","ping_status":"open","sticky":false,"template":"","format":"standard","meta":{"_seopress_robots_primary_cat":"","_seopress_titles_title":"","_seopress_titles_desc":"","_seopress_robots_index":"","_crdt_document":"","jetpack_post_was_ever_published":false,"_jetpack_newsletter_access":"","_jetpack_dont_email_post_to_subs":false,"_jetpack_newsletter_tier_id":0,"_jetpack_memberships_contains_paywalled_content":false,"_jetpack_memberships_contains_paid_content":false,"footnotes":"","jetpack_publicize_message":"","jetpack_publicize_feature_enabled":true,"jetpack_social_post_already_shared":false,"jetpack_social_options":{"image_generator_settings":{"template":"highway","default_image_id":0,"font":"","enabled":false},"version":2}},"categories":[6],"tags":[],"class_list":["post-140","post","type-post","status-publish","format-standard","hentry","category-6"],"jetpack_publicize_connections":[],"jetpack_featured_media_url":"","jetpack_sharing_enabled":true,"jetpack_shortlink":"https:\/\/wp.me\/p7JbSI-2g","jetpack-related-posts":[{"id":1549,"url":"https:\/\/www.strickforum.de\/blog\/mutze-fur-einen-kleinen-elefanten\/","url_meta":{"origin":140,"position":0},"title":"M\u00fctze f\u00fcr einen kleinen Elefanten","author":"Admin","date":"14. April 2013","format":false,"excerpt":"Ich bin nach wie vor im 13aus13-Fieber und habe vor zwei Tagen das neunte Projekt angefangen, die M\u00fctze \u201cFelted Cloche\u201d aus dem Buch \u201cKnit Noro\u201d. Ich stricke mit der vorgesehenen Nadelst\u00e4rke 6 mm \u00fcber die vorgesehenen 96 Maschen. Aber bereits jetzt zeigt sich, dass die angegebene Menge von zwei Kn\u00e4ueln\u2026","rel":"","context":"In &quot;13aus13 \/ 13from13&quot;","block_context":{"text":"13aus13 \/ 13from13","link":"https:\/\/www.strickforum.de\/blog\/category\/11\/"},"img":{"alt_text":"","src":"","width":0,"height":0},"classes":[]},{"id":1553,"url":"https:\/\/www.strickforum.de\/blog\/die-filzglocke\/","url_meta":{"origin":140,"position":1},"title":"Die Filzglocke","author":"Admin","date":"1. Mai 2013","format":false,"excerpt":"Vor drei Tagen ist sie fertig geworden, die \u201cFelted Cloche\u201d aus \u201cKnit Noro\u201d. Nach wie vor ist mir nicht klar, wie man bei der angegebenen Maschenzahl und Nadelst\u00e4rke mit zwei Kn\u00e4ueln auskommen soll. Obwohl ich schon mit weniger Maschen gestrickt hatte, war das eine Kn\u00e4uel aufgebraucht, bevor die M\u00fctze beendet\u2026","rel":"","context":"In &quot;Stricken&quot;","block_context":{"text":"Stricken","link":"https:\/\/www.strickforum.de\/blog\/category\/3\/"},"img":{"alt_text":"","src":"","width":0,"height":0},"classes":[]},{"id":890,"url":"https:\/\/www.strickforum.de\/blog\/endlich-wieder-etwas-fertig-something-finished-finally\/","url_meta":{"origin":140,"position":2},"title":"Endlich wieder etwas fertig &#8211; Something finished, finally","author":"Admin","date":"29. Januar 2010","format":false,"excerpt":"In der letzten Zeit war dieser Schal mein Mitnahmegestrick. Er besteht aus 200 g Noro Kureyon in Farbe 115. Ich habe quer \u00fcber 250 Maschen mit Nadelst\u00e4rke 5,5 mm gestrickt, immer zwei Reihen obenauf links und zwei Reihen obenauf rechts, und alle zwei Reihen das Kn\u00e4uel gewechselt, um einen etwas\u2026","rel":"","context":"In &quot;Stricken&quot;","block_context":{"text":"Stricken","link":"https:\/\/www.strickforum.de\/blog\/category\/3\/"},"img":{"alt_text":"Schal\/scarf, 200 g Noro Kureyon","src":"https:\/\/i0.wp.com\/www.strickforum.de\/blog\/media\/1\/20100129-kureyon_schal.jpg?resize=350%2C200","width":350,"height":200},"classes":[]},{"id":3514,"url":"https:\/\/www.strickforum.de\/blog\/neues-jahr-neues-pech\/","url_meta":{"origin":140,"position":3},"title":"Neues Jahr, neues Pech","author":"Admin","date":"4. Januar 2023","format":false,"excerpt":"Zum dritten Mal in Folge ging mir beim Stricken eines Loopschals das Garn aus. Der erste Fall ereignete sich letzten Monat, als ich den \"Tomi\" Schal strickte. Den konnte ich noch beenden, indem ich f\u00fcrs obere B\u00fcndchen eine Reihe weniger strickte als geplant. Ende Dezember kam dann das Desaster mit\u2026","rel":"","context":"In &quot;Stricken&quot;","block_context":{"text":"Stricken","link":"https:\/\/www.strickforum.de\/blog\/category\/3\/"},"img":{"alt_text":"","src":"https:\/\/i0.wp.com\/www.strickforum.de\/blog\/wp-content\/uploads\/2023\/01\/impulse-neustart.jpg?resize=350%2C200&ssl=1","width":350,"height":200,"srcset":"https:\/\/i0.wp.com\/www.strickforum.de\/blog\/wp-content\/uploads\/2023\/01\/impulse-neustart.jpg?resize=350%2C200&ssl=1 1x, https:\/\/i0.wp.com\/www.strickforum.de\/blog\/wp-content\/uploads\/2023\/01\/impulse-neustart.jpg?resize=525%2C300&ssl=1 1.5x, https:\/\/i0.wp.com\/www.strickforum.de\/blog\/wp-content\/uploads\/2023\/01\/impulse-neustart.jpg?resize=700%2C400&ssl=1 2x, https:\/\/i0.wp.com\/www.strickforum.de\/blog\/wp-content\/uploads\/2023\/01\/impulse-neustart.jpg?resize=1050%2C600&ssl=1 3x"},"classes":[]},{"id":2627,"url":"https:\/\/www.strickforum.de\/blog\/maschenproben-zum-staunen\/","url_meta":{"origin":140,"position":4},"title":"Maschenproben zum Staunen","author":"Admin","date":"2. Dezember 2018","format":false,"excerpt":"Wir kennen es alle: Auf den Banderolen so mancher Hersteller sind Nadelst\u00e4rken und daraus resultierende Maschenproben angegeben, \u00fcber die jede halbwegs erfahrene Strickerin nur den Kopf sch\u00fcttelt. Beispielsweise soll man eine Merino-Mischung mit einer Laufl\u00e4nge von 125 m auf 50 g mit Nadelst\u00e4rke 6-7 verstricken und kommt dann auf 18\u2026","rel":"","context":"In &quot;Stricken&quot;","block_context":{"text":"Stricken","link":"https:\/\/www.strickforum.de\/blog\/category\/3\/"},"img":{"alt_text":"Rainbow Cotton mit Maschine gestrickt","src":"https:\/\/i0.wp.com\/www.strickforum.de\/blog\/wp-content\/uploads\/2018\/12\/rainbow-maschine.jpg?resize=350%2C200&ssl=1","width":350,"height":200,"srcset":"https:\/\/i0.wp.com\/www.strickforum.de\/blog\/wp-content\/uploads\/2018\/12\/rainbow-maschine.jpg?resize=350%2C200&ssl=1 1x, https:\/\/i0.wp.com\/www.strickforum.de\/blog\/wp-content\/uploads\/2018\/12\/rainbow-maschine.jpg?resize=525%2C300&ssl=1 1.5x, https:\/\/i0.wp.com\/www.strickforum.de\/blog\/wp-content\/uploads\/2018\/12\/rainbow-maschine.jpg?resize=700%2C400&ssl=1 2x"},"classes":[]},{"id":1574,"url":"https:\/\/www.strickforum.de\/blog\/das-gemeine-klappbundchen\/","url_meta":{"origin":140,"position":5},"title":"Das gemeine Klappb\u00fcndchen","author":"Admin","date":"15. Juni 2013","format":false,"excerpt":"Heute besch\u00e4ftigen wir uns mit der Entstehung und dem Lebensraum des gemeinen Klappb\u00fcndchens. Es ist ein naher Verwandter des Klappsaums und bei Strickerinnen fast ebenso unbeliebt wie letzterer. Wie entsteht ein Klappb\u00fcndchen? Sehr einfach: Wir stricken unser B\u00fcndchen nach Vorschrift \u00fcber x Reihen, wechseln dann die Nadelst\u00e4rke und arbeiten glatt\u2026","rel":"","context":"In &quot;Stricken&quot;","block_context":{"text":"Stricken","link":"https:\/\/www.strickforum.de\/blog\/category\/3\/"},"img":{"alt_text":"","src":"","width":0,"height":0},"classes":[]}],"_links":{"self":[{"href":"https:\/\/www.strickforum.de\/blog\/wp-json\/wp\/v2\/posts\/140","targetHints":{"allow":["GET"]}}],"collection":[{"href":"https:\/\/www.strickforum.de\/blog\/wp-json\/wp\/v2\/posts"}],"about":[{"href":"https:\/\/www.strickforum.de\/blog\/wp-json\/wp\/v2\/types\/post"}],"author":[{"embeddable":true,"href":"https:\/\/www.strickforum.de\/blog\/wp-json\/wp\/v2\/users\/3"}],"replies":[{"embeddable":true,"href":"https:\/\/www.strickforum.de\/blog\/wp-json\/wp\/v2\/comments?post=140"}],"version-history":[{"count":0,"href":"https:\/\/www.strickforum.de\/blog\/wp-json\/wp\/v2\/posts\/140\/revisions"}],"wp:attachment":[{"href":"https:\/\/www.strickforum.de\/blog\/wp-json\/wp\/v2\/media?parent=140"}],"wp:term":[{"taxonomy":"category","embeddable":true,"href":"https:\/\/www.strickforum.de\/blog\/wp-json\/wp\/v2\/categories?post=140"},{"taxonomy":"post_tag","embeddable":true,"href":"https:\/\/www.strickforum.de\/blog\/wp-json\/wp\/v2\/tags?post=140"}],"curies":[{"name":"wp","href":"https:\/\/api.w.org\/{rel}","templated":true}]}}