{"id":1433,"date":"2012-09-25T12:25:06","date_gmt":"2012-09-25T10:25:06","guid":{"rendered":"http:\/\/www.strickforum.de\/blog\/?p=1433"},"modified":"2026-01-01T15:12:59","modified_gmt":"2026-01-01T14:12:59","slug":"die-verstrickte-dienstagsfrage-392012","status":"publish","type":"post","link":"https:\/\/www.strickforum.de\/blog\/die-verstrickte-dienstagsfrage-392012\/","title":{"rendered":"Die verstrickte Dienstagsfrage 39\/2012"},"content":{"rendered":"<p><b>Diese Woche fragt <a href=\"http:\/\/daswollschaf.wordpress.com\/2012\/09\/25\/die-verstrickte-dienstagsfrage-392012\/#comments\" target=\"_blank\" rel=\"noopener\">das Wollschaf<\/a>:<br \/>\n1. Warum bloggst du und wie bist du \u00fcberhaupt dazu gekommen?<br \/>\n2. Was motiviert dich dazu und wor\u00fcber freust du dich dabei?<br \/>\n3. Welchen Blog besuchst du am liebsten?<br \/>\nVielen Dank an <a href=\"http:\/\/www.tiffanyknitting.blogspot.de\/\" target=\"_blank\" rel=\"noopener\">Tiffany<\/a> f\u00fcr die heutige Frage!<\/b><\/p>\n<p>Dann fangen wir mal an.<br \/>\nAchtung, Weiterlesen nur auf eigene Gefahr! \ud83d\ude09<\/p>\n<ol>\n<li>Nachdem Anfang bis Mitte des vergangenen Jahrzehnts immer mehr Blogs entstanden, fand ich, dass ich erstens mindestens ebenso gut schreiben k\u00f6nnte wie einige dieser Blogger und zweitens nicht wesentlich weniger Ahnung vom Stricken habe als einige dieser Blogger, dass also mehr oder weniger regelm\u00e4\u00dfige Beitr\u00e4ge von mir die Qualit\u00e4t des Internet in stricktechnischer Hinsicht sicherlich nicht verschlechtern w\u00fcrden. Deshalb legte ich mir ein eigenes Weblog an. Auf eigenem Gel\u00e4nde nat\u00fcrlich und selbst administriert.<\/li>\n<li>Meine Motivation ist unter anderem, dass im Internet schon genug nichtssagende Inhalte \u00fcbers Stricken vorhanden sind, da kann der eine oder andere pointierte Beitrag zum Ausgleich nicht schaden. Ich freue mich dabei \u00fcber gelegentliches konstruktives Feedback, das ruhig auch kritisch sein darf.<\/li>\n<li>Im Laufe der Jahre habe ich allerlei gute Blogs kommen und gehen sehen; ich habe keine speziellen Vorlieben, sondern mag einfach interessante, gut gegliederte, ordentlich verfasste Inhalte.<\/li>\n<\/ol>\n<p>Meine Augen sind nicht mehr die besten. Was mich an Blogs zuverl\u00e4ssig abschreckt, ist deshalb alles, was die Lesbarkeit beeintr\u00e4chtigt:<\/p>\n<ul>\n<li>Farbkombinationen mit Augenkrebs-Potenzial oder nur Minimal-Kontrast (z.B. rot auf blau oder dunkelgrau auf schwarz),<\/li>\n<li>originelle Krakel-Schriftarten,<\/li>\n<li>schmerzhafte Orthografie (\u201ch\u00e4ckeln\u201d, \u201cStrickmaschiene\u201d ),<\/li>\n<li>multiple Satzzeichen zur Kompensation fehlenden Gedankenguts,<\/li>\n<li>sowie alle Seiten, auf denen es h\u00fcpft und glitzert.<\/li>\n<\/ul>\n<p>Animationen lenken vom Inhalt ab. Gutem Inhalt schadet solche Ablenkung. Und f\u00fcr schlechten ist mir meine Zeit zu schade.<\/p>\n","protected":false},"excerpt":{"rendered":"<p>Diese Woche fragt das Wollschaf: 1. Warum bloggst du und wie bist du \u00fcberhaupt dazu gekommen? 2. Was motiviert dich dazu und wor\u00fcber freust du dich dabei? 3. Welchen Blog besuchst du am liebsten? Vielen Dank an Tiffany f\u00fcr die heutige Frage! Dann fangen wir mal an. Achtung, Weiterlesen nur auf eigene Gefahr! \ud83d\ude09 Nachdem &hellip; <a href=\"https:\/\/www.strickforum.de\/blog\/die-verstrickte-dienstagsfrage-392012\/\" class=\"more-link\"><span class=\"screen-reader-text\">\u201eDie verstrickte Dienstagsfrage 39\/2012\u201c <\/span>weiterlesen<\/a><\/p>\n","protected":false},"author":3,"featured_media":0,"comment_status":"open","ping_status":"open","sticky":false,"template":"","format":"standard","meta":{"_seopress_robots_primary_cat":"","_seopress_titles_title":"","_seopress_titles_desc":"","_seopress_robots_index":"","_crdt_document":"","jetpack_post_was_ever_published":false,"_jetpack_newsletter_access":"","_jetpack_dont_email_post_to_subs":false,"_jetpack_newsletter_tier_id":0,"_jetpack_memberships_contains_paywalled_content":false,"_jetpack_memberships_contains_paid_content":false,"footnotes":"","jetpack_publicize_message":"","jetpack_publicize_feature_enabled":true,"jetpack_social_post_already_shared":false,"jetpack_social_options":{"image_generator_settings":{"template":"highway","default_image_id":0,"font":"","enabled":false},"version":2}},"categories":[5],"tags":[],"class_list":["post-1433","post","type-post","status-publish","format-standard","hentry","category-5"],"jetpack_publicize_connections":[],"jetpack_featured_media_url":"","jetpack_sharing_enabled":true,"jetpack_shortlink":"https:\/\/wp.me\/p7JbSI-n7","jetpack-related-posts":[{"id":1770,"url":"https:\/\/www.strickforum.de\/blog\/die-verstrickte-dienstagsfrage-202014\/","url_meta":{"origin":1433,"position":0},"title":"Die verstrickte Dienstagsfrage 20\/2014","author":"Admin","date":"13. Mai 2014","format":false,"excerpt":"Diese Woche hat das Wollschaf gewisserma\u00dfen eine Grundsatzfrage: Warum macht ihr bei der Verstrickten Dienstagsfrage mit? Ist es einfach eine M\u00f6glichkeit, regelm\u00e4\u00dfig zu bloggen? Interessiert euch, was andere zur gestellten Frage antworten? Versucht ihr durchs Verlinken bei den Antworten mehr Besucher zu bekommen? Antwortet ihr auf jede Frage oder nur\u2026","rel":"","context":"In &quot;Allgemeines&quot;","block_context":{"text":"Allgemeines","link":"https:\/\/www.strickforum.de\/blog\/category\/1\/"},"img":{"alt_text":"","src":"","width":0,"height":0},"classes":[]},{"id":355,"url":"https:\/\/www.strickforum.de\/blog\/wollschaf-dienstagsfrage-wool-sheeps-tuesday-question-112008\/","url_meta":{"origin":1433,"position":1},"title":"Wollschaf-Dienstagsfrage &#8211; Wool Sheep&#8217;s Tuesday question 11\/2008","author":"Admin","date":"11. M\u00e4rz 2008","format":false,"excerpt":"Wei\u00dft du noch, was das erste Strickblog war, das dir \u00fcber den Weg gelaufen ist? Und wie lange hat es gedauert vom Entdecken der Strickblogwelt bis zum eigenen Blog? Vielen Dank an Eva Liese (und das Wollschaf) f\u00fcr die heutige Frage! Das erste Strickblog, du liebe G\u00fcte, war das wom\u00f6glich\u2026","rel":"","context":"In &quot;Allgemeines&quot;","block_context":{"text":"Allgemeines","link":"https:\/\/www.strickforum.de\/blog\/category\/1\/"},"img":{"alt_text":"","src":"","width":0,"height":0},"classes":[]},{"id":1282,"url":"https:\/\/www.strickforum.de\/blog\/ein-wenig-fortschritt-a-little-bit-of-progress\/","url_meta":{"origin":1433,"position":2},"title":"Ein wenig Fortschritt &#8211; A little bit of progress","author":"Admin","date":"18. Dezember 2011","format":false,"excerpt":"Infolge umfangreicher beruflich bedingter Absenzen und privater K\u00fcmmernisse kam ich in den letzten Wochen nicht dazu zu bloggen. Gestrickt habe ich trotzdem. Schwarz fotografiert sich aber schlecht und ist auch nicht eben spektakul\u00e4r, deshalb hier ein weiteres Fortschrittsfoto meines Skater's Top. Ich bin mittlerweile bei der Raglanpasse. Es war nicht\u2026","rel":"","context":"In &quot;Stricken&quot;","block_context":{"text":"Stricken","link":"https:\/\/www.strickforum.de\/blog\/category\/3\/"},"img":{"alt_text":"","src":"","width":0,"height":0},"classes":[]},{"id":2311,"url":"https:\/\/www.strickforum.de\/blog\/prym-ergonomics-nadeln\/","url_meta":{"origin":1433,"position":3},"title":"Prym Ergonomics Nadeln","author":"Admin","date":"8. Februar 2017","format":false,"excerpt":"Vielen Dank an Barbara, Connie und Anna f\u00fcr Eure Kommentare bei meinem vorigen Eintrag ; hier kommt eine Erg\u00e4nzung zu meinen Erfahrungen mit den neuen Nadeln. Dass ich mit der Prym Ergonomics Rundstricknadel gut zurechtkomme, hatte ich bereits letztes Jahr festgestellt. Zun\u00e4chst hatte ich sie beim Bloggertreffen ausprobiert. Sie eignet\u2026","rel":"","context":"In &quot;Stricken&quot;","block_context":{"text":"Stricken","link":"https:\/\/www.strickforum.de\/blog\/category\/3\/"},"img":{"alt_text":"","src":"https:\/\/i0.wp.com\/www.strickforum.de\/blog\/wp-content\/uploads\/2017\/02\/ergonomics-faeustling-600x477.jpg?resize=350%2C200","width":350,"height":200,"srcset":"https:\/\/i0.wp.com\/www.strickforum.de\/blog\/wp-content\/uploads\/2017\/02\/ergonomics-faeustling-600x477.jpg?resize=350%2C200 1x, https:\/\/i0.wp.com\/www.strickforum.de\/blog\/wp-content\/uploads\/2017\/02\/ergonomics-faeustling-600x477.jpg?resize=525%2C300 1.5x"},"classes":[]},{"id":525,"url":"https:\/\/www.strickforum.de\/blog\/die-verstrickte-dienstagsfrage-the-wool-sheeps-question-412008\/","url_meta":{"origin":1433,"position":4},"title":"Die verstrickte Dienstagsfrage &#8211; the Wool Sheep&#8217;s question 41\/2008","author":"Admin","date":"7. Oktober 2008","format":false,"excerpt":"Das Wollschaf fragt: Seitdem ich mich in diversen Strickforen 'rumtreibe', Bloggs lese etc., komme ich nicht mehr zum Stricken und sonstigem Handarbeiten. Geht's Euch auch so? Wieviel Zeit verbringt Ihr mit Surfen im Netz im Vergleich zum Stricken und Umsetzen dessen, was Ihr dort an Anregungen gesehen habt? Herzlichen Dank\u2026","rel":"","context":"In &quot;Stricken&quot;","block_context":{"text":"Stricken","link":"https:\/\/www.strickforum.de\/blog\/category\/3\/"},"img":{"alt_text":"","src":"","width":0,"height":0},"classes":[]},{"id":722,"url":"https:\/\/www.strickforum.de\/blog\/die-verstrickte-dienstagsfrage-212009\/","url_meta":{"origin":1433,"position":5},"title":"Die verstrickte Dienstagsfrage 21\/2009","author":"Admin","date":"19. Mai 2009","format":false,"excerpt":"Das Wollschaf fragt: Meine Frage gliedert sich in mehrere Teile: 1. Was macht ihr, wenn ihr ein Garn mit einem oder mehreren Knoten im Kn\u00e4uel erworben habt? a) z\u00e4hneknirschend das Garn verarbeiten? b) Im Blog andere Strickende darauf hinweisen und die Herstellerfirma verfluchen? c) Beim Laden\/ Onlineshop Beschwerde einreichen und\u2026","rel":"","context":"In &quot;Stricken&quot;","block_context":{"text":"Stricken","link":"https:\/\/www.strickforum.de\/blog\/category\/3\/"},"img":{"alt_text":"","src":"","width":0,"height":0},"classes":[]}],"_links":{"self":[{"href":"https:\/\/www.strickforum.de\/blog\/wp-json\/wp\/v2\/posts\/1433","targetHints":{"allow":["GET"]}}],"collection":[{"href":"https:\/\/www.strickforum.de\/blog\/wp-json\/wp\/v2\/posts"}],"about":[{"href":"https:\/\/www.strickforum.de\/blog\/wp-json\/wp\/v2\/types\/post"}],"author":[{"embeddable":true,"href":"https:\/\/www.strickforum.de\/blog\/wp-json\/wp\/v2\/users\/3"}],"replies":[{"embeddable":true,"href":"https:\/\/www.strickforum.de\/blog\/wp-json\/wp\/v2\/comments?post=1433"}],"version-history":[{"count":1,"href":"https:\/\/www.strickforum.de\/blog\/wp-json\/wp\/v2\/posts\/1433\/revisions"}],"predecessor-version":[{"id":3931,"href":"https:\/\/www.strickforum.de\/blog\/wp-json\/wp\/v2\/posts\/1433\/revisions\/3931"}],"wp:attachment":[{"href":"https:\/\/www.strickforum.de\/blog\/wp-json\/wp\/v2\/media?parent=1433"}],"wp:term":[{"taxonomy":"category","embeddable":true,"href":"https:\/\/www.strickforum.de\/blog\/wp-json\/wp\/v2\/categories?post=1433"},{"taxonomy":"post_tag","embeddable":true,"href":"https:\/\/www.strickforum.de\/blog\/wp-json\/wp\/v2\/tags?post=1433"}],"curies":[{"name":"wp","href":"https:\/\/api.w.org\/{rel}","templated":true}]}}