{"id":1441,"date":"2012-10-03T16:32:53","date_gmt":"2012-10-03T14:32:53","guid":{"rendered":"http:\/\/www.strickforum.de\/blog\/?p=1441"},"modified":"2012-10-03T16:32:53","modified_gmt":"2012-10-03T14:32:53","slug":"man-muss-auch-trennen-konnen","status":"publish","type":"post","link":"https:\/\/www.strickforum.de\/blog\/man-muss-auch-trennen-konnen\/","title":{"rendered":"Man muss auch trennen k\u00f6nnen"},"content":{"rendered":"<p>Besonders wenn es sich um ein Projekt handelt, mit dem man offensichtlich \u00fcberfordert ist, das einem keine Freude mehr macht und f\u00fcr das man voraussichtlich nach Fertigstellung sowieso kaum Bedarf hat.<br \/>\nSo ging es mir jedenfalls beim <a href=\"http:\/\/www.ravelry.com\/patterns\/library\/seigaiha\" target=\"_blank\">&#8220;Seigaiha&#8221; Tuch<\/a>. Das ist ein wundersch\u00f6ner Entwurf mit einem aufwendigen Muster (mit vielen links verschr\u00e4nkten Maschen) und einigen Perlen. <\/p>\n<p><img data-recalc-dims=\"1\" decoding=\"async\" src=\"https:\/\/i0.wp.com\/www.strickforum.de\/images\/blog\/12_10\/seigaiha_ende_450.jpg?w=840\" alt=\"Seigaiha: Bis hierhin und nicht weiter\" \/><\/p>\n<p>Im Juni hatte ich es mit viel Ehrgeiz und Elan angefangen. Nachdem ich zwischendrin an einigen Stellen schon das Einstricken der Perlen vergessen hatte und dann bei paarundachtzig Reihen diverse Fehler ins Muster gebracht hatte, die zu beseitigen mir nicht gelang, gab ich auf. Ich habe ohnehin schon eine Reihe von T\u00fcchern in verschiedenen Gr\u00f6\u00dfen, dieses eine muss meinen Kleiderschrank nicht unbedingt bereichern. <br \/>\nEs ist nun aufgeribbelt, und mir geht es damit besser.<\/p>\n","protected":false},"excerpt":{"rendered":"<p>Besonders wenn es sich um ein Projekt handelt, mit dem man offensichtlich \u00fcberfordert ist, das einem keine Freude mehr macht und f\u00fcr das man voraussichtlich nach Fertigstellung sowieso kaum Bedarf hat. So ging es mir jedenfalls beim &#8220;Seigaiha&#8221; Tuch. Das ist ein wundersch\u00f6ner Entwurf mit einem aufwendigen Muster (mit vielen links verschr\u00e4nkten Maschen) und einigen &hellip; <a href=\"https:\/\/www.strickforum.de\/blog\/man-muss-auch-trennen-konnen\/\" class=\"more-link\"><span class=\"screen-reader-text\">\u201eMan muss auch trennen k\u00f6nnen\u201c <\/span>weiterlesen<\/a><\/p>\n","protected":false},"author":3,"featured_media":0,"comment_status":"open","ping_status":"open","sticky":false,"template":"","format":"standard","meta":{"_seopress_robots_primary_cat":"","_seopress_titles_title":"","_seopress_titles_desc":"","_seopress_robots_index":"","_crdt_document":"","jetpack_post_was_ever_published":false,"_jetpack_newsletter_access":"","_jetpack_dont_email_post_to_subs":false,"_jetpack_newsletter_tier_id":0,"_jetpack_memberships_contains_paywalled_content":false,"_jetpack_memberships_contains_paid_content":false,"footnotes":"","jetpack_publicize_message":"","jetpack_publicize_feature_enabled":true,"jetpack_social_post_already_shared":false,"jetpack_social_options":{"image_generator_settings":{"template":"highway","default_image_id":0,"font":"","enabled":false},"version":2}},"categories":[6],"tags":[],"class_list":["post-1441","post","type-post","status-publish","format-standard","hentry","category-6"],"jetpack_publicize_connections":[],"jetpack_featured_media_url":"","jetpack_sharing_enabled":true,"jetpack_shortlink":"https:\/\/wp.me\/p7JbSI-nf","jetpack-related-posts":[{"id":3357,"url":"https:\/\/www.strickforum.de\/blog\/warum-einfach\/","url_meta":{"origin":1441,"position":0},"title":"Warum einfach\u2026","author":"Admin","date":"2. Februar 2022","format":false,"excerpt":"\u2026wenn's auch kompliziert geht? Diesen Wahlspruch meines letzten Mathematiklehrers habe ich mir bei meinem aktuellen Projekt zu Herzen genommen.Vor zehn Tagen hatte ich bereits \u00fcber die Probleme geschrieben, die mit gefachtem Garn auftreten k\u00f6nnen. Die Schlaufenbildung war nat\u00fcrlich nur eine Kleinigkeit. Schlimmer geht's immer. Dazu muss ich erst einmal erl\u00e4utern,\u2026","rel":"","context":"In &quot;Stricken&quot;","block_context":{"text":"Stricken","link":"https:\/\/www.strickforum.de\/blog\/category\/3\/"},"img":{"alt_text":"Gestrick mit Perlen","src":"https:\/\/i0.wp.com\/www.strickforum.de\/blog\/wp-content\/uploads\/2022\/02\/perlengestrick.jpg?resize=350%2C200&ssl=1","width":350,"height":200,"srcset":"https:\/\/i0.wp.com\/www.strickforum.de\/blog\/wp-content\/uploads\/2022\/02\/perlengestrick.jpg?resize=350%2C200&ssl=1 1x, https:\/\/i0.wp.com\/www.strickforum.de\/blog\/wp-content\/uploads\/2022\/02\/perlengestrick.jpg?resize=525%2C300&ssl=1 1.5x, https:\/\/i0.wp.com\/www.strickforum.de\/blog\/wp-content\/uploads\/2022\/02\/perlengestrick.jpg?resize=700%2C400&ssl=1 2x"},"classes":[]},{"id":1904,"url":"https:\/\/www.strickforum.de\/blog\/lacy-leaves\/","url_meta":{"origin":1441,"position":1},"title":"Lacy Leaves","author":"Admin","date":"12. April 2015","format":false,"excerpt":"Vor einigen Wochen hatte ich wieder einmal Lust, etwas mit Perlen zu stricken. Meine Wahl fiel auf einen Entwurf von Donna Druchunas f\u00fcr elegante fingerlose Handschuhe, die Lacy Leaves Mitts. Aus meinem reichhaltigen Fundus an Garn entschied ich mich f\u00fcr die feine Alpaka-Seiden-Mischung \u201cPeruseda3\u201d von der Wollerey; ein Garn, das\u2026","rel":"","context":"In &quot;Stricken&quot;","block_context":{"text":"Stricken","link":"https:\/\/www.strickforum.de\/blog\/category\/3\/"},"img":{"alt_text":"","src":"","width":0,"height":0},"classes":[]},{"id":1561,"url":"https:\/\/www.strickforum.de\/blog\/in-dreams-reihe-92\/","url_meta":{"origin":1441,"position":2},"title":"In Dreams, Reihe 92","author":"Admin","date":"25. Mai 2013","format":false,"excerpt":"Seit zehn Tagen k\u00e4mpfe ich mich durch dieses Tuch (Ravelry-Link). Es ist, wie der Name schon sagt, ein Traum, mit gelegentlichen Tendenzen in Richtung Alptraum. Man braucht knapp anderthalb Kilometer Garn (ich verwende Posh Madeleine in Farbe A-Lister) und im Durchschnitt alle 27 cm eine Perle, insgesamt 5.000 St\u00fcck. Ich\u2026","rel":"","context":"In &quot;Stricken&quot;","block_context":{"text":"Stricken","link":"https:\/\/www.strickforum.de\/blog\/category\/3\/"},"img":{"alt_text":"","src":"","width":0,"height":0},"classes":[]},{"id":1817,"url":"https:\/\/www.strickforum.de\/blog\/mary-lennox-wachst-langsam\/","url_meta":{"origin":1441,"position":3},"title":"Mary Lennox w\u00e4chst langsam","author":"Admin","date":"24. August 2014","format":false,"excerpt":"Zur Zeit mangelt es mir an Strick- und genereller Freizeit; zu viele unwollige Angelegenheiten wollen gerade bedacht, geplant und erledigt werden. Mit Bewunderung und nicht ohne Neid schaue ich auf das, was andere in ihrer Freizeit alles stricken. Aber irgendwann kommen hoffentlich auch f\u00fcr mich wieder bessere Zeiten. Bis dahin\u2026","rel":"","context":"In &quot;Stricken&quot;","block_context":{"text":"Stricken","link":"https:\/\/www.strickforum.de\/blog\/category\/3\/"},"img":{"alt_text":"","src":"","width":0,"height":0},"classes":[]},{"id":3367,"url":"https:\/\/www.strickforum.de\/blog\/blau-am-sonntag\/","url_meta":{"origin":1441,"position":4},"title":"Blau am Sonntag","author":"Admin","date":"13. Februar 2022","format":false,"excerpt":"Das blaue Dreiecktuch mit Lochmustern und Perlen wurde vor einigen Tagen endlich fertig. Es ist mittlerweile auch gespannt, getrocknet und bereit zum Verschenken. Das Einstricken von schlichten Lochreihen gegen die Langeweile war simpel. Es st\u00f6rt mich auch nicht, dass die Abst\u00e4nde zwischen diesen Reihen unterschiedlich sind. Sofern der Gesamteindruck harmonisch\u2026","rel":"","context":"In &quot;Stricken&quot;","block_context":{"text":"Stricken","link":"https:\/\/www.strickforum.de\/blog\/category\/3\/"},"img":{"alt_text":"","src":"https:\/\/i0.wp.com\/www.strickforum.de\/blog\/wp-content\/uploads\/2022\/02\/lanna-bs1000.jpg?resize=350%2C200&ssl=1","width":350,"height":200,"srcset":"https:\/\/i0.wp.com\/www.strickforum.de\/blog\/wp-content\/uploads\/2022\/02\/lanna-bs1000.jpg?resize=350%2C200&ssl=1 1x, https:\/\/i0.wp.com\/www.strickforum.de\/blog\/wp-content\/uploads\/2022\/02\/lanna-bs1000.jpg?resize=525%2C300&ssl=1 1.5x, https:\/\/i0.wp.com\/www.strickforum.de\/blog\/wp-content\/uploads\/2022\/02\/lanna-bs1000.jpg?resize=700%2C400&ssl=1 2x"},"classes":[]},{"id":1930,"url":"https:\/\/www.strickforum.de\/blog\/tuch-moonwalk\/","url_meta":{"origin":1441,"position":5},"title":"Tuch &#8220;Moonwalk&#8221;","author":"Admin","date":"8. Juli 2015","format":false,"excerpt":"Vor sechs Tagen erschien der dritte und letzte Anleitungsteil f\u00fcr das Tuch \u201cMoonwalk\u201d von Birgit Freyer. Es ist ein modifiziertes, gebogenes Dreiecktuch, das sich gut um die Schultern legt. Mit dem ersten Teil der Anleitung hatte ich mich relativ schwer getan, nicht nur, weil er recht umfangreich war, sondern auch,\u2026","rel":"","context":"In &quot;Stricken&quot;","block_context":{"text":"Stricken","link":"https:\/\/www.strickforum.de\/blog\/category\/3\/"},"img":{"alt_text":"","src":"","width":0,"height":0},"classes":[]}],"_links":{"self":[{"href":"https:\/\/www.strickforum.de\/blog\/wp-json\/wp\/v2\/posts\/1441","targetHints":{"allow":["GET"]}}],"collection":[{"href":"https:\/\/www.strickforum.de\/blog\/wp-json\/wp\/v2\/posts"}],"about":[{"href":"https:\/\/www.strickforum.de\/blog\/wp-json\/wp\/v2\/types\/post"}],"author":[{"embeddable":true,"href":"https:\/\/www.strickforum.de\/blog\/wp-json\/wp\/v2\/users\/3"}],"replies":[{"embeddable":true,"href":"https:\/\/www.strickforum.de\/blog\/wp-json\/wp\/v2\/comments?post=1441"}],"version-history":[{"count":0,"href":"https:\/\/www.strickforum.de\/blog\/wp-json\/wp\/v2\/posts\/1441\/revisions"}],"wp:attachment":[{"href":"https:\/\/www.strickforum.de\/blog\/wp-json\/wp\/v2\/media?parent=1441"}],"wp:term":[{"taxonomy":"category","embeddable":true,"href":"https:\/\/www.strickforum.de\/blog\/wp-json\/wp\/v2\/categories?post=1441"},{"taxonomy":"post_tag","embeddable":true,"href":"https:\/\/www.strickforum.de\/blog\/wp-json\/wp\/v2\/tags?post=1441"}],"curies":[{"name":"wp","href":"https:\/\/api.w.org\/{rel}","templated":true}]}}