{"id":1442,"date":"2012-10-09T20:38:43","date_gmt":"2012-10-09T18:38:43","guid":{"rendered":"http:\/\/www.strickforum.de\/blog\/?p=1442"},"modified":"2012-10-09T20:38:43","modified_gmt":"2012-10-09T18:38:43","slug":"die-verstrickte-dienstagsfrage-412012","status":"publish","type":"post","link":"https:\/\/www.strickforum.de\/blog\/die-verstrickte-dienstagsfrage-412012\/","title":{"rendered":"Die verstrickte Dienstagsfrage 41\/2012"},"content":{"rendered":"<p><b>Diese Woche hat <a href=\"http:\/\/daswollschaf.wordpress.com\/2012\/10\/09\/die-verstrickte-dienstagsfrage-412012\/#comments\" target=\"_blank\">das Wollschaf<\/a> eine Frage von mir ausgew\u00e4hlt:<br \/>\nIch lese immer wieder von Restedecken, Monstersocken und \u00e4hnlichem. <br \/>\nManche Strickerinnen schaffen es anscheinend, auch den letzten Meter Garn noch irgendwie sinnvoll zu verwerten. <br \/>\nWie weit gehst Du da? Welche Mengen verarbeitest Du noch zu irgendetwas? Ab wann (wieviel Gramm, wieviel Meter) ist ein Rest f\u00fcr Dich nicht mehr verwendbar, und Du wirfst ihn ohne Reue weg?<\/b><\/p>\n<p>Bei einer Gro\u00dfteile-Strickerin mit gef\u00fchlt jahrhundertealten Vorr\u00e4ten sammeln sich zwangsl\u00e4ufig viele kleinere Mengen von hochwertigen Garnen an, die zum Wegwerfen wirklich viel zu schade w\u00e4ren. Somit bin ich im Laufe der Jahre dazu \u00fcbergegangen, auch Projekte aus kleineren Garnmengen zu stricken. M\u00fctzen und Handschuhe lassen sich oft schon aus weniger als 100 g anfertigen, d\u00fcnne Garne eignen sich perfekt f\u00fcr T\u00fccher und Schals, dickere f\u00fcr mehrfarbige Gro\u00dfprojekte.  Und f\u00fcr Babyschuhe, die fabelhafte Geschenke darstellen, braucht man nur 25 g Sockengarn. <br \/>\nDamit w\u00e4re dann meine pers\u00f6nliche Grenze f\u00fcr &#8220;richtige&#8221; Projekte erreicht. Kleinere Mengen, die sich mit der Strickmaschine verarbeiten lassen, enden normalerweise als (mehrfach genutztes) Kontrastgarn am Anfang oder Ende eines Strickst\u00fccks. Reste von dickeren Garne und kleine Mengen eignen sich, um mal eben schnell ein Muster oder eine Technik auszuprobieren. Ich finde das sehr n\u00fctzlich. Wenn ich dabei feststelle, dass manches Muster mir schon bei nur 30 Maschen auf die Nerven geht, dann probiere ich es gar nicht erst mit einem kompletten Pullover. <br \/>\nRestesocken stricke ich nicht, weil sie mir nicht gefallen. Und f\u00fcr Restedecken fehlt mir die Geduld, vor allem zum Zusammenn\u00e4hen.<\/p>\n","protected":false},"excerpt":{"rendered":"<p>Diese Woche hat das Wollschaf eine Frage von mir ausgew\u00e4hlt: Ich lese immer wieder von Restedecken, Monstersocken und \u00e4hnlichem. Manche Strickerinnen schaffen es anscheinend, auch den letzten Meter Garn noch irgendwie sinnvoll zu verwerten. Wie weit gehst Du da? Welche Mengen verarbeitest Du noch zu irgendetwas? Ab wann (wieviel Gramm, wieviel Meter) ist ein Rest &hellip; <a href=\"https:\/\/www.strickforum.de\/blog\/die-verstrickte-dienstagsfrage-412012\/\" class=\"more-link\"><span class=\"screen-reader-text\">\u201eDie verstrickte Dienstagsfrage 41\/2012\u201c <\/span>weiterlesen<\/a><\/p>\n","protected":false},"author":3,"featured_media":0,"comment_status":"open","ping_status":"open","sticky":false,"template":"","format":"standard","meta":{"_seopress_robots_primary_cat":"","_seopress_titles_title":"","_seopress_titles_desc":"","_seopress_robots_index":"","_crdt_document":"","jetpack_post_was_ever_published":false,"_jetpack_newsletter_access":"","_jetpack_dont_email_post_to_subs":false,"_jetpack_newsletter_tier_id":0,"_jetpack_memberships_contains_paywalled_content":false,"_jetpack_memberships_contains_paid_content":false,"footnotes":"","jetpack_publicize_message":"","jetpack_publicize_feature_enabled":true,"jetpack_social_post_already_shared":false,"jetpack_social_options":{"image_generator_settings":{"template":"highway","default_image_id":0,"font":"","enabled":false},"version":2}},"categories":[6],"tags":[],"class_list":["post-1442","post","type-post","status-publish","format-standard","hentry","category-6"],"jetpack_publicize_connections":[],"jetpack_featured_media_url":"","jetpack_sharing_enabled":true,"jetpack_shortlink":"https:\/\/wp.me\/p7JbSI-ng","jetpack-related-posts":[{"id":1181,"url":"https:\/\/www.strickforum.de\/blog\/die-verstrickte-dienstagsfrage-222011\/","url_meta":{"origin":1442,"position":0},"title":"Die verstrickte Dienstagsfrage 22\/2011","author":"Admin","date":"31. Mai 2011","format":false,"excerpt":"Das Wollschaf fragt diese Woche: Was macht ihr mit Wollresten? Nein, ich meine nicht die Sockenwollreste, wo alles die gleiche Laufl\u00e4nge hat, sondern ein halbes Kn\u00e4uelchen hiervon, Zweieinhalb Kn\u00e4uel davon, 270g von was ganz anderem, 120g Effektgarn und alles in unterschiedlicher Nadelst\u00e4rke. Was halt in einem normalen StrickerInnenhaushalt so anf\u00e4llt.\u2026","rel":"","context":"In &quot;Stricken&quot;","block_context":{"text":"Stricken","link":"https:\/\/www.strickforum.de\/blog\/category\/3\/"},"img":{"alt_text":"","src":"","width":0,"height":0},"classes":[]},{"id":1444,"url":"https:\/\/www.strickforum.de\/blog\/wir-erwagen-uns-eine-lauflange\/","url_meta":{"origin":1442,"position":1},"title":"Wir erw\u00e4gen uns eine Laufl\u00e4nge","author":"Admin","date":"13. Oktober 2012","format":false,"excerpt":"In meinem Vorrat befinden sich diverse \u00e4ltere Garne, die ich mal g\u00fcnstig auf Konen gekauft habe und bei denen nicht vermerkt war, woraus sie bestehen oder welche Laufl\u00e4nge sie haben. Als ich nun auf der Suche war nach einem Garn, mit dem ich Utlindes Paisley-Tuch (Ravelry-Link) stricken k\u00f6nnte, fand ich\u2026","rel":"","context":"In &quot;Allgemeines&quot;","block_context":{"text":"Allgemeines","link":"https:\/\/www.strickforum.de\/blog\/category\/1\/"},"img":{"alt_text":"","src":"","width":0,"height":0},"classes":[]},{"id":1993,"url":"https:\/\/www.strickforum.de\/blog\/nami-cowl\/","url_meta":{"origin":1442,"position":2},"title":"Nami Cowl","author":"Admin","date":"25. Mai 2016","format":false,"excerpt":"Es muss im vergangenen Winter gewesen sein, als ich in einem amerikanischen Strickheft (vermutlich war's Interweave Knits) ein K\u00e4rtchen mit der Anleitung f\u00fcr den Nami Cowl zog. Als Material war ein spezieller Garn-Mix von Berroco vorgesehen, bestehend aus zw\u00f6lf Mini-Kn\u00e4ueln, insgesamt etwa 180 yards, den man sich f\u00fcr 25 US$\u2026","rel":"","context":"In &quot;Stricken&quot;","block_context":{"text":"Stricken","link":"https:\/\/www.strickforum.de\/blog\/category\/3\/"},"img":{"alt_text":"","src":"","width":0,"height":0},"classes":[]},{"id":186,"url":"https:\/\/www.strickforum.de\/blog\/falls-es-kalt-werden-sollte\/","url_meta":{"origin":1442,"position":3},"title":"Falls es kalt werden sollte","author":"Admin","date":"1. September 2006","format":false,"excerpt":"Ich bin immer noch damit besch\u00e4ftigt, meine gigantischen Garnvorr\u00e4te ein wenig zu verringern (nein, ich werde nicht sagen, wieviel es ist). Dieser Westover d\u00fcrfte einen netten Beitrag dazu leisten. Das Garn ist reine Schurwolle mit einer Laufl\u00e4nge von 66 Metern auf 100 g. Ich stricke mit Nadelst\u00e4rke 7 mm. Das\u2026","rel":"","context":"In &quot;Stricken&quot;","block_context":{"text":"Stricken","link":"https:\/\/www.strickforum.de\/blog\/category\/3\/"},"img":{"alt_text":"Westover\/vest, Double X muster\/pattern","src":"https:\/\/i0.wp.com\/www.strickforum.de\/blog\/media\/1\/20060831-double_x.jpg?resize=350%2C200","width":350,"height":200},"classes":[]},{"id":1878,"url":"https:\/\/www.strickforum.de\/blog\/die-lauflange-ermitteln\/","url_meta":{"origin":1442,"position":4},"title":"Die Laufl\u00e4nge ermitteln","author":"Admin","date":"1. Februar 2015","format":false,"excerpt":"Manchmal will man genau wissen, wie viele Meter man von einem bestimmten Garn im Vorrat hat, damit man sicher sein kann, dass es f\u00fcr ein geplantes Projekt auch reicht. Bei Ravelry enthalten viele Anleitungen recht genaue Meter-Angaben auch zu verschiedenen Gr\u00f6\u00dfen, die bei diesen Planungen sehr hilfreich sind; bei vielen\u2026","rel":"","context":"In &quot;Stricken&quot;","block_context":{"text":"Stricken","link":"https:\/\/www.strickforum.de\/blog\/category\/3\/"},"img":{"alt_text":"","src":"","width":0,"height":0},"classes":[]},{"id":2773,"url":"https:\/\/www.strickforum.de\/blog\/ich-liebe-garnreste\/","url_meta":{"origin":1442,"position":5},"title":"Ich liebe Garnreste","author":"Admin","date":"28. Juni 2019","format":false,"excerpt":"Vor allem Strick-Anf\u00e4nger wollen am liebsten nur eine genau passende Menge Garn f\u00fcr ihre Wunsch-Projekte kaufen oder suchen nach einer Anleitung, die exakt so viel Garn von genau der Qualit\u00e4t erfordert, wie sie sie haben. Es soll m\u00f6glichst nichts \u00fcbrig bleiben. Oft habe ich solche Anfragen in diversen Foren gelesen\u2026","rel":"","context":"In &quot;Stricken&quot;","block_context":{"text":"Stricken","link":"https:\/\/www.strickforum.de\/blog\/category\/3\/"},"img":{"alt_text":"Tuch \"Random Ridge\" in Arbeit","src":"https:\/\/i0.wp.com\/www.strickforum.de\/blog\/wp-content\/uploads\/2019\/06\/random-ridge_2.jpg?resize=350%2C200&ssl=1","width":350,"height":200,"srcset":"https:\/\/i0.wp.com\/www.strickforum.de\/blog\/wp-content\/uploads\/2019\/06\/random-ridge_2.jpg?resize=350%2C200&ssl=1 1x, https:\/\/i0.wp.com\/www.strickforum.de\/blog\/wp-content\/uploads\/2019\/06\/random-ridge_2.jpg?resize=525%2C300&ssl=1 1.5x, https:\/\/i0.wp.com\/www.strickforum.de\/blog\/wp-content\/uploads\/2019\/06\/random-ridge_2.jpg?resize=700%2C400&ssl=1 2x"},"classes":[]}],"_links":{"self":[{"href":"https:\/\/www.strickforum.de\/blog\/wp-json\/wp\/v2\/posts\/1442","targetHints":{"allow":["GET"]}}],"collection":[{"href":"https:\/\/www.strickforum.de\/blog\/wp-json\/wp\/v2\/posts"}],"about":[{"href":"https:\/\/www.strickforum.de\/blog\/wp-json\/wp\/v2\/types\/post"}],"author":[{"embeddable":true,"href":"https:\/\/www.strickforum.de\/blog\/wp-json\/wp\/v2\/users\/3"}],"replies":[{"embeddable":true,"href":"https:\/\/www.strickforum.de\/blog\/wp-json\/wp\/v2\/comments?post=1442"}],"version-history":[{"count":0,"href":"https:\/\/www.strickforum.de\/blog\/wp-json\/wp\/v2\/posts\/1442\/revisions"}],"wp:attachment":[{"href":"https:\/\/www.strickforum.de\/blog\/wp-json\/wp\/v2\/media?parent=1442"}],"wp:term":[{"taxonomy":"category","embeddable":true,"href":"https:\/\/www.strickforum.de\/blog\/wp-json\/wp\/v2\/categories?post=1442"},{"taxonomy":"post_tag","embeddable":true,"href":"https:\/\/www.strickforum.de\/blog\/wp-json\/wp\/v2\/tags?post=1442"}],"curies":[{"name":"wp","href":"https:\/\/api.w.org\/{rel}","templated":true}]}}