{"id":1446,"date":"2012-10-16T20:53:03","date_gmt":"2012-10-16T18:53:03","guid":{"rendered":"http:\/\/www.strickforum.de\/blog\/?p=1446"},"modified":"2012-10-16T20:53:03","modified_gmt":"2012-10-16T18:53:03","slug":"die-verstrickte-dienstagsfrage-422012","status":"publish","type":"post","link":"https:\/\/www.strickforum.de\/blog\/die-verstrickte-dienstagsfrage-422012\/","title":{"rendered":"Die verstrickte Dienstagsfrage 42\/2012"},"content":{"rendered":"<p><b>Heute fragte <a href=\"http:\/\/daswollschaf.wordpress.com\/2012\/10\/16\/die-verstrickte-dienstagsfrage-422012\/#comments\">das Wollschaf<\/a>: <br \/>\nIm Laufe der Zeit habe ich immer mal wieder neue Stricktechniken kennengelernt und ausprobiert. Weil das mir gro\u00dfen Spa\u00df macht, versuche ich immer mal wieder stricktechnisches Neuland zu erobern. So habe ich zuletzt in einer fr\u00f6hlichen Runde in einem Volkshochschulkurs das Schattenstricken ge\u00fcbt. Meine Frage lautet nun: wie hast Du das letzte Mal etwas Neues gelernt, etwa mittels eines Buches oder Blogs? <br \/>\nVielen Dank an &#8222;Praagelmam&#8220; f\u00fcr die heutige Frage!<\/b><\/p>\n<p>Vermutlich hat jeder so seine eigenen Lernmethoden. Ich bin die klassische Handbuch-Leserin und lerne z.B. gut mit Hilfe von kurzen, pr\u00e4zisen Beschreibungen mit klaren Fotos. Die kann ich so schnell (oder langsam) lesen wie ich m\u00f6chte. Dazu brauche ich dann normalerweise noch Zeit zum \u00dcben ungewohnter Bewegungsabl\u00e4ufe. Ich lasse mir auch gern etwas von anderen zeigen, aber bitte live und pers\u00f6nlich, damit ich gleich r\u00fcckfragen kann.<br \/>\nWas mich wahnsinnig macht und beim Lernen eher behindert als f\u00f6rdert, sind Videos, vor allem die langatmige Sorte. Ich lese (und denke) normalerweise sehr schnell, und deshalb nervt es mich, wenn man mich mit irrelevanten Informationen zum\u00fcllt und ausbremst. Ich kann auch nur schwer nachvollziehen, inwiefern ein langes Video besser sein soll als eine klare Beschreibung auf einer A4-Seite. Ich habe weder die Zeit noch die Lust, mir zehn Minuten Video reinzuziehen, von denen neuneinhalb entbehrlich w\u00e4ren, wenn man nur vorher w\u00fcsste, welche es sind. Au\u00dferdem bin ich sowieso nicht in der Lage, gleichzeitig auf das laufende Video und mein Strickzeug zu gucken. Bei Bildern und Texten habe ich dieses Problem nicht, die bleiben auch ohne Knopfdruck ruhig stehen, w\u00e4hrend ich versuche, meine Maschen zu b\u00e4ndigen.<br \/>\nAber jeder wie er mag. Inzwischen gibt es ja Videoanleitungen nicht nur f\u00fcr Sp\u00fcllappen, sondern sogar schon f\u00fcr komplette Lace-T\u00fccher, somit braucht die moderne Strickerin sich weder mit Diagrammen noch mit Wort-f\u00fcr-Wort-Beschreibungen auseinanderzusetzen. Das ist doch mal ein Riesenschritt in die Zukunft des Strick-Analphabetismus.<\/p>\n","protected":false},"excerpt":{"rendered":"<p>Heute fragte das Wollschaf: Im Laufe der Zeit habe ich immer mal wieder neue Stricktechniken kennengelernt und ausprobiert. Weil das mir gro\u00dfen Spa\u00df macht, versuche ich immer mal wieder stricktechnisches Neuland zu erobern. So habe ich zuletzt in einer fr\u00f6hlichen Runde in einem Volkshochschulkurs das Schattenstricken ge\u00fcbt. Meine Frage lautet nun: wie hast Du das &hellip; <a href=\"https:\/\/www.strickforum.de\/blog\/die-verstrickte-dienstagsfrage-422012\/\" class=\"more-link\"><span class=\"screen-reader-text\">\u201eDie verstrickte Dienstagsfrage 42\/2012\u201c <\/span>weiterlesen<\/a><\/p>\n","protected":false},"author":3,"featured_media":0,"comment_status":"open","ping_status":"open","sticky":false,"template":"","format":"standard","meta":{"_seopress_robots_primary_cat":"","_seopress_titles_title":"","_seopress_titles_desc":"","_seopress_robots_index":"","_crdt_document":"","jetpack_post_was_ever_published":false,"_jetpack_newsletter_access":"","_jetpack_dont_email_post_to_subs":false,"_jetpack_newsletter_tier_id":0,"_jetpack_memberships_contains_paywalled_content":false,"_jetpack_memberships_contains_paid_content":false,"footnotes":"","jetpack_publicize_message":"","jetpack_publicize_feature_enabled":true,"jetpack_social_post_already_shared":false,"jetpack_social_options":{"image_generator_settings":{"template":"highway","default_image_id":0,"font":"","enabled":false},"version":2}},"categories":[6],"tags":[],"class_list":["post-1446","post","type-post","status-publish","format-standard","hentry","category-6"],"jetpack_publicize_connections":[],"jetpack_featured_media_url":"","jetpack_sharing_enabled":true,"jetpack_shortlink":"https:\/\/wp.me\/p7JbSI-nk","jetpack-related-posts":[{"id":907,"url":"https:\/\/www.strickforum.de\/blog\/die-verstrickte-dienstagsfrage-112010\/","url_meta":{"origin":1446,"position":0},"title":"Die verstrickte Dienstagsfrage 11\/2010","author":"Admin","date":"16. M\u00e4rz 2010","format":false,"excerpt":"Das Wollschaf fragt heute: ich lese in etlichen Blogs mit und bin immer wieder fasziniert, was f\u00fcr tolle Modelle dort gestrickt werden und - gebe ich zu - auch etwas neiderf\u00fcllt. Ich stricke selbst sehr gern, kann aber nur ganz einfache Sachen (Socken, einfache Lochmuster), zu mehr reicht es irgendwie\u2026","rel":"","context":"In &quot;Stricken&quot;","block_context":{"text":"Stricken","link":"https:\/\/www.strickforum.de\/blog\/category\/3\/"},"img":{"alt_text":"","src":"","width":0,"height":0},"classes":[]},{"id":486,"url":"https:\/\/www.strickforum.de\/blog\/die-verstrickte-dienstagsfrage-the-wool-sheeps-question-342008\/","url_meta":{"origin":1446,"position":1},"title":"Die verstrickte Dienstagsfrage &#8211; the Wool Sheep&#8217;s question 34\/2008","author":"Admin","date":"19. August 2008","format":false,"excerpt":"Beim Wollschaf wird gefragt: Wie wichtig ist es Dir, neue Stricktechniken zu erlernen? Welche Stricktechnik hast Du Dir zuletzt angeeignet? Herzlichen Dank an Jinx f\u00fcr die heutige Frage! Generell bin ich beim Stricken eher am Endprodukt interessiert als am Prozess. Deshalb erlerne ich selten eine Technik nur um des Lernens\u2026","rel":"","context":"In &quot;Stricken&quot;","block_context":{"text":"Stricken","link":"https:\/\/www.strickforum.de\/blog\/category\/3\/"},"img":{"alt_text":"","src":"","width":0,"height":0},"classes":[]},{"id":1160,"url":"https:\/\/www.strickforum.de\/blog\/die-verstrickte-dienstagsfrage-152011\/","url_meta":{"origin":1446,"position":2},"title":"Die verstrickte Dienstagsfrage 15\/2011","author":"Admin","date":"12. April 2011","format":false,"excerpt":"Das wollschaf fragt diesmal: Es geht um Strickschriften. Falls du lieber nach Strickschriften als nach ausgeschriebenen Angaben f\u00fcr Strickmuster strickst, wie sehen die aus, die du am Besten lesen kannst bzw. am liebsten magst? Es gibt ja solche, die f\u00fcr jede Masche ein Symbol haben und solche, bei denen die\u2026","rel":"","context":"In &quot;Stricken&quot;","block_context":{"text":"Stricken","link":"https:\/\/www.strickforum.de\/blog\/category\/3\/"},"img":{"alt_text":"","src":"","width":0,"height":0},"classes":[]},{"id":1619,"url":"https:\/\/www.strickforum.de\/blog\/die-verstrickte-dienstagsfrage-372013\/","url_meta":{"origin":1446,"position":3},"title":"Die verstrickte Dienstagsfrage 37\/2013","author":"Admin","date":"10. September 2013","format":false,"excerpt":"Diese Woche stellt das Wollschaf eine Frage von mir: In letzter Zeit hat das H\u00e4keln wieder an Bedeutung gewonnen. Man sieht viele H\u00e4kelanleitungen online und in Zeitschriften. Hast Du in der letzten Zeit geh\u00e4kelt? Wenn ja, was? H\u00e4kelst Du gern, magst Du vielleicht sogar noch lieber als Stricken? Weshalb, oder\u2026","rel":"","context":"In &quot;Stricken&quot;","block_context":{"text":"Stricken","link":"https:\/\/www.strickforum.de\/blog\/category\/3\/"},"img":{"alt_text":"","src":"","width":0,"height":0},"classes":[]},{"id":689,"url":"https:\/\/www.strickforum.de\/blog\/die-verstrickte-dienstagsfrage-152009\/","url_meta":{"origin":1446,"position":4},"title":"Die verstrickte Dienstagsfrage 15\/2009","author":"Admin","date":"7. April 2009","format":false,"excerpt":"Das Wollschaf fragt: Mich w\u00fcrde mal interessieren, worin f\u00fcr Euch der Sinn der verstrickten Dienstagsfragen liegt. Einfach zu fragen und zu beantworten? Neues dazu zu lernen? Meinungen der anderen zu lesen? Sich mal richtig was von der Seele zu schreiben? Oder auch darin, die gegenseitigen Blogbesuche ein bi\u00dfchen zu erweitern?\u2026","rel":"","context":"In &quot;Allgemeines&quot;","block_context":{"text":"Allgemeines","link":"https:\/\/www.strickforum.de\/blog\/category\/1\/"},"img":{"alt_text":"","src":"","width":0,"height":0},"classes":[]},{"id":735,"url":"https:\/\/www.strickforum.de\/blog\/die-verstrickte-dienstagsfrage-252009\/","url_meta":{"origin":1446,"position":5},"title":"Die verstrickte Dienstagsfrage 25\/2009","author":"Admin","date":"16. Juni 2009","format":false,"excerpt":"Das Wollschaf fragt: Nach welchen Kriterien w\u00e4hlt Ihr Eure Projekte aus? Nach dem Garn in Euren Vorr\u00e4ten? Nach den L\u00fccken im Kleiderschrank (wenn z.B. ein warmer Pullover f\u00fcr den Winter fehlt)? Nach der Popularit\u00e4t (z.B. bevorzugt Knitalongs)? Weil die Stricktechnik oder der Schnitt spannend aussieht? Um eine neue Technik zu\u2026","rel":"","context":"In &quot;Stricken&quot;","block_context":{"text":"Stricken","link":"https:\/\/www.strickforum.de\/blog\/category\/3\/"},"img":{"alt_text":"","src":"","width":0,"height":0},"classes":[]}],"_links":{"self":[{"href":"https:\/\/www.strickforum.de\/blog\/wp-json\/wp\/v2\/posts\/1446","targetHints":{"allow":["GET"]}}],"collection":[{"href":"https:\/\/www.strickforum.de\/blog\/wp-json\/wp\/v2\/posts"}],"about":[{"href":"https:\/\/www.strickforum.de\/blog\/wp-json\/wp\/v2\/types\/post"}],"author":[{"embeddable":true,"href":"https:\/\/www.strickforum.de\/blog\/wp-json\/wp\/v2\/users\/3"}],"replies":[{"embeddable":true,"href":"https:\/\/www.strickforum.de\/blog\/wp-json\/wp\/v2\/comments?post=1446"}],"version-history":[{"count":0,"href":"https:\/\/www.strickforum.de\/blog\/wp-json\/wp\/v2\/posts\/1446\/revisions"}],"wp:attachment":[{"href":"https:\/\/www.strickforum.de\/blog\/wp-json\/wp\/v2\/media?parent=1446"}],"wp:term":[{"taxonomy":"category","embeddable":true,"href":"https:\/\/www.strickforum.de\/blog\/wp-json\/wp\/v2\/categories?post=1446"},{"taxonomy":"post_tag","embeddable":true,"href":"https:\/\/www.strickforum.de\/blog\/wp-json\/wp\/v2\/tags?post=1446"}],"curies":[{"name":"wp","href":"https:\/\/api.w.org\/{rel}","templated":true}]}}