{"id":1457,"date":"2012-11-04T10:59:45","date_gmt":"2012-11-04T09:59:45","guid":{"rendered":"http:\/\/www.strickforum.de\/blog\/?p=1457"},"modified":"2017-08-25T21:37:49","modified_gmt":"2017-08-25T19:37:49","slug":"ich-habs-versucht-ehrlich","status":"publish","type":"post","link":"https:\/\/www.strickforum.de\/blog\/ich-habs-versucht-ehrlich\/","title":{"rendered":"Ich hab&#8217;s versucht, ehrlich!"},"content":{"rendered":"<p>Als ich k\u00fcrzlich eine einfache M\u00fctze aus Sockenwolle f\u00fcr ein Kollegenkind gestrickt hatte, waren noch etwa 50 Gramm Garn \u00fcbrig geblieben. Perfekt f\u00fcr ein Paar passende F\u00e4ustlinge, dachte ich, und machte mich ans Werk.<br \/>\nNat\u00fcrlich hatte ich keine Ahnung, welche Gr\u00f6\u00dfe das Kind ben\u00f6tigen w\u00fcrde, deshalb zog ich den \u201cGenialen Handschuh-Workshop\u201d zu Rate. Der konnte mir leider bei den Gr\u00f6\u00dfen nicht wirklich weiterhelfen, war aber ansonsten sehr hilfreich. Ich beschloss, Gr\u00f6\u00dfe 4 zu stricken und mich weitgehend an die Anleitung zu halten. Das ging prima, bis ich zu dem Punkt kam, wo die Zunahmen f\u00fcr den Daumen beendet sind. Das Buch empfiehlt n\u00e4mlich, zuerst den Daumen zu stricken und derweil die Maschen f\u00fcr die restliche Hand auf einer Rundstricknadel stillzulegen.<br \/>\nIch tat wie mir gehei\u00dfen. Aber als ich dann drei Maschen f\u00fcr den Daumensteg aufschlingen sollte, gerieten sie mir viel zu locker und wollten sich auch mit Gewalt nicht fester zurren lassen. Die Ursache: Ich konnte die R\u00e4nder des Daumenkeils nicht ordentlich zusammenbringen, weil die stillgelegten Maschen f\u00fcr die Hand mir st\u00e4ndig in die Quere kamen. Schlie\u00dflich gab ich auf, strickte die Daumen-Maschen wieder zur\u00fcck und legte sie wie gewohnt auf einem Maschenraffer still. Dann strickte ich, wie ich es bislang immer getan hatte, zuerst die Hand. Es fiel mir wesentlich leichter, am schmalen Maschenraffer vorbei drei neue Maschen f\u00fcr die Hand aufzuschlingen. Der Daumen kam zu Schluss an die Reihe, und aus den aufgeschlungenen Maschen f\u00fcr die Hand lie\u00dfen sich ohne Probleme drei zus\u00e4tzliche Daumenmaschen aufnehmen.<\/p>\n<p><img data-recalc-dims=\"1\" decoding=\"async\" src=\"https:\/\/i0.wp.com\/www.strickforum.de\/images\/blog\/12_11\/faeustling-paul_450.jpg?w=840\" alt=\"Fausthandschuh f\u00fcr Paul\" \/><\/p>\n<p>Ich habe allerdings den Verdacht, dass dieser Handschuh zu gro\u00df geraten ist. Deshalb werde ich mir vorsichtshalber die Hand des Kindes aufmalen lassen, bevor ich den zweiten beginne.<\/p>\n","protected":false},"excerpt":{"rendered":"<p>Als ich k\u00fcrzlich eine einfache M\u00fctze aus Sockenwolle f\u00fcr ein Kollegenkind gestrickt hatte, waren noch etwa 50 Gramm Garn \u00fcbrig geblieben. Perfekt f\u00fcr ein Paar passende F\u00e4ustlinge, dachte ich, und machte mich ans Werk. Nat\u00fcrlich hatte ich keine Ahnung, welche Gr\u00f6\u00dfe das Kind ben\u00f6tigen w\u00fcrde, deshalb zog ich den \u201cGenialen Handschuh-Workshop\u201d zu Rate. Der konnte &hellip; <a href=\"https:\/\/www.strickforum.de\/blog\/ich-habs-versucht-ehrlich\/\" class=\"more-link\"><span class=\"screen-reader-text\">\u201eIch hab&#8217;s versucht, ehrlich!\u201c <\/span>weiterlesen<\/a><\/p>\n","protected":false},"author":3,"featured_media":0,"comment_status":"open","ping_status":"open","sticky":false,"template":"","format":"standard","meta":{"_seopress_robots_primary_cat":"","_seopress_titles_title":"","_seopress_titles_desc":"","_seopress_robots_index":"","_crdt_document":"","jetpack_post_was_ever_published":false,"_jetpack_newsletter_access":"","_jetpack_dont_email_post_to_subs":false,"_jetpack_newsletter_tier_id":0,"_jetpack_memberships_contains_paywalled_content":false,"_jetpack_memberships_contains_paid_content":false,"footnotes":"","jetpack_publicize_message":"","jetpack_publicize_feature_enabled":true,"jetpack_social_post_already_shared":false,"jetpack_social_options":{"image_generator_settings":{"template":"highway","default_image_id":0,"font":"","enabled":false},"version":2}},"categories":[6],"tags":[],"class_list":["post-1457","post","type-post","status-publish","format-standard","hentry","category-6"],"jetpack_publicize_connections":[],"jetpack_featured_media_url":"","jetpack_sharing_enabled":true,"jetpack_shortlink":"https:\/\/wp.me\/p7JbSI-nv","jetpack-related-posts":[{"id":2643,"url":"https:\/\/www.strickforum.de\/blog\/fingerlose-handschuhe-optimieren\/","url_meta":{"origin":1457,"position":0},"title":"Fingerlose Handschuhe optimieren","author":"Admin","date":"6. Januar 2019","format":false,"excerpt":"Kurz vor Weihnachten erhielt ich in einem Strick-Newsletter Tipps f\u00fcr Last-Minute-Geschenke, unter anderem f\u00fcr diese fingerlosen Handschuhe (PDF), die man angeblich in zwei Stunden stricken kann. Daf\u00fcr hatte ich das perfekte Garn vorr\u00e4tig, n\u00e4mlich einzelne Kn\u00e4uel Noro Silk Garden, die nicht recht zueinander passen wollten. Leider enth\u00e4lt die Anleitung aber\u2026","rel":"","context":"In &quot;Stricken&quot;","block_context":{"text":"Stricken","link":"https:\/\/www.strickforum.de\/blog\/category\/3\/"},"img":{"alt_text":"Fingerlose Handschuhe, erste Version","src":"https:\/\/i0.wp.com\/www.strickforum.de\/blog\/wp-content\/uploads\/2019\/01\/handschuhe01.jpg?resize=350%2C200&ssl=1","width":350,"height":200,"srcset":"https:\/\/i0.wp.com\/www.strickforum.de\/blog\/wp-content\/uploads\/2019\/01\/handschuhe01.jpg?resize=350%2C200&ssl=1 1x, https:\/\/i0.wp.com\/www.strickforum.de\/blog\/wp-content\/uploads\/2019\/01\/handschuhe01.jpg?resize=525%2C300&ssl=1 1.5x, https:\/\/i0.wp.com\/www.strickforum.de\/blog\/wp-content\/uploads\/2019\/01\/handschuhe01.jpg?resize=700%2C400&ssl=1 2x"},"classes":[]},{"id":1904,"url":"https:\/\/www.strickforum.de\/blog\/lacy-leaves\/","url_meta":{"origin":1457,"position":1},"title":"Lacy Leaves","author":"Admin","date":"12. April 2015","format":false,"excerpt":"Vor einigen Wochen hatte ich wieder einmal Lust, etwas mit Perlen zu stricken. Meine Wahl fiel auf einen Entwurf von Donna Druchunas f\u00fcr elegante fingerlose Handschuhe, die Lacy Leaves Mitts. Aus meinem reichhaltigen Fundus an Garn entschied ich mich f\u00fcr die feine Alpaka-Seiden-Mischung \u201cPeruseda3\u201d von der Wollerey; ein Garn, das\u2026","rel":"","context":"In &quot;Stricken&quot;","block_context":{"text":"Stricken","link":"https:\/\/www.strickforum.de\/blog\/category\/3\/"},"img":{"alt_text":"","src":"","width":0,"height":0},"classes":[]},{"id":2328,"url":"https:\/\/www.strickforum.de\/blog\/newfoundland-mitts-mit-prym-ergonomics\/","url_meta":{"origin":1457,"position":2},"title":"Newfoundland Mitts mit Prym Ergonomics","author":"Admin","date":"9. M\u00e4rz 2017","format":false,"excerpt":"Letzten Monat berichtete ich, dass ich mit dem Ergonomics Nadelspiel, das mir zum Testen zur Verf\u00fcgung gestellt worden war, die Newfoundland Mitts angefangen hatte. Gestern wurden sie fertig. Das ist perfektes Timing, falls wir dieses Fr\u00fchjahr doch noch einen Schneesturm bekommen sollten. ;-) Die Handschuhe sind gut gelungen. Ich habe\u2026","rel":"","context":"In &quot;Stricken&quot;","block_context":{"text":"Stricken","link":"https:\/\/www.strickforum.de\/blog\/category\/3\/"},"img":{"alt_text":"Newfoundland Mitts","src":"https:\/\/i0.wp.com\/www.strickforum.de\/blog\/wp-content\/uploads\/2017\/02\/newfoundlandmitts.jpg?resize=350%2C200","width":350,"height":200,"srcset":"https:\/\/i0.wp.com\/www.strickforum.de\/blog\/wp-content\/uploads\/2017\/02\/newfoundlandmitts.jpg?resize=350%2C200 1x, https:\/\/i0.wp.com\/www.strickforum.de\/blog\/wp-content\/uploads\/2017\/02\/newfoundlandmitts.jpg?resize=525%2C300 1.5x, https:\/\/i0.wp.com\/www.strickforum.de\/blog\/wp-content\/uploads\/2017\/02\/newfoundlandmitts.jpg?resize=700%2C400 2x"},"classes":[]},{"id":3487,"url":"https:\/\/www.strickforum.de\/blog\/neue-fingerlose-handschuhe\/","url_meta":{"origin":1457,"position":3},"title":"Neue fingerlose Handschuhe","author":"Admin","date":"5. November 2022","format":false,"excerpt":"Vor zwei Wochen rief mich eine Freundin an, die einige hundert Kilometer von mir entfernt wohnt. Es geht ihr momentan aus mehreren Gr\u00fcnden (die ich hier nicht nennen werde) nicht gut. Wie ich macht sie sich Sorgen wegen der allgemeinen Inflation, ebenso wegen der steigenden Kosten f\u00fcrs Heizen. Uns beiden\u2026","rel":"","context":"In &quot;Stricken&quot;","block_context":{"text":"Stricken","link":"https:\/\/www.strickforum.de\/blog\/category\/3\/"},"img":{"alt_text":"","src":"https:\/\/i0.wp.com\/www.strickforum.de\/blog\/wp-content\/uploads\/2022\/11\/te-ara_prolana.jpg?resize=350%2C200&ssl=1","width":350,"height":200,"srcset":"https:\/\/i0.wp.com\/www.strickforum.de\/blog\/wp-content\/uploads\/2022\/11\/te-ara_prolana.jpg?resize=350%2C200&ssl=1 1x, https:\/\/i0.wp.com\/www.strickforum.de\/blog\/wp-content\/uploads\/2022\/11\/te-ara_prolana.jpg?resize=525%2C300&ssl=1 1.5x, https:\/\/i0.wp.com\/www.strickforum.de\/blog\/wp-content\/uploads\/2022\/11\/te-ara_prolana.jpg?resize=700%2C400&ssl=1 2x, https:\/\/i0.wp.com\/www.strickforum.de\/blog\/wp-content\/uploads\/2022\/11\/te-ara_prolana.jpg?resize=1050%2C600&ssl=1 3x, https:\/\/i0.wp.com\/www.strickforum.de\/blog\/wp-content\/uploads\/2022\/11\/te-ara_prolana.jpg?resize=1400%2C800&ssl=1 4x"},"classes":[]},{"id":1787,"url":"https:\/\/www.strickforum.de\/blog\/die-verstrickte-dienstagsfrage-252014\/","url_meta":{"origin":1457,"position":4},"title":"Die verstrickte Dienstagsfrage 25\/2014","author":"Admin","date":"17. Juni 2014","format":false,"excerpt":"Diese Woche fragt das Wollschaf: Oft ist es so, da\u00df gerade das Modell, in das man sich unsterblich verliebt hat, nicht in der eigenen Gr\u00f6\u00dfe verf\u00fcgbar ist. Insbesondere deutsche Anleitungen sind in ihrem Gr\u00f6\u00dfenspektrum ja oft sehr eingeschr\u00e4nkt. Was macht Ihr, wenn Eure Gr\u00f6\u00dfe nicht dabei ist? Komplett umrechnen? Wenn\u2026","rel":"","context":"In &quot;Stricken&quot;","block_context":{"text":"Stricken","link":"https:\/\/www.strickforum.de\/blog\/category\/3\/"},"img":{"alt_text":"","src":"","width":0,"height":0},"classes":[]},{"id":2311,"url":"https:\/\/www.strickforum.de\/blog\/prym-ergonomics-nadeln\/","url_meta":{"origin":1457,"position":5},"title":"Prym Ergonomics Nadeln","author":"Admin","date":"8. Februar 2017","format":false,"excerpt":"Vielen Dank an Barbara, Connie und Anna f\u00fcr Eure Kommentare bei meinem vorigen Eintrag ; hier kommt eine Erg\u00e4nzung zu meinen Erfahrungen mit den neuen Nadeln. Dass ich mit der Prym Ergonomics Rundstricknadel gut zurechtkomme, hatte ich bereits letztes Jahr festgestellt. Zun\u00e4chst hatte ich sie beim Bloggertreffen ausprobiert. Sie eignet\u2026","rel":"","context":"In &quot;Stricken&quot;","block_context":{"text":"Stricken","link":"https:\/\/www.strickforum.de\/blog\/category\/3\/"},"img":{"alt_text":"","src":"https:\/\/i0.wp.com\/www.strickforum.de\/blog\/wp-content\/uploads\/2017\/02\/ergonomics-faeustling-600x477.jpg?resize=350%2C200","width":350,"height":200,"srcset":"https:\/\/i0.wp.com\/www.strickforum.de\/blog\/wp-content\/uploads\/2017\/02\/ergonomics-faeustling-600x477.jpg?resize=350%2C200 1x, https:\/\/i0.wp.com\/www.strickforum.de\/blog\/wp-content\/uploads\/2017\/02\/ergonomics-faeustling-600x477.jpg?resize=525%2C300 1.5x"},"classes":[]}],"_links":{"self":[{"href":"https:\/\/www.strickforum.de\/blog\/wp-json\/wp\/v2\/posts\/1457","targetHints":{"allow":["GET"]}}],"collection":[{"href":"https:\/\/www.strickforum.de\/blog\/wp-json\/wp\/v2\/posts"}],"about":[{"href":"https:\/\/www.strickforum.de\/blog\/wp-json\/wp\/v2\/types\/post"}],"author":[{"embeddable":true,"href":"https:\/\/www.strickforum.de\/blog\/wp-json\/wp\/v2\/users\/3"}],"replies":[{"embeddable":true,"href":"https:\/\/www.strickforum.de\/blog\/wp-json\/wp\/v2\/comments?post=1457"}],"version-history":[{"count":2,"href":"https:\/\/www.strickforum.de\/blog\/wp-json\/wp\/v2\/posts\/1457\/revisions"}],"predecessor-version":[{"id":2418,"href":"https:\/\/www.strickforum.de\/blog\/wp-json\/wp\/v2\/posts\/1457\/revisions\/2418"}],"wp:attachment":[{"href":"https:\/\/www.strickforum.de\/blog\/wp-json\/wp\/v2\/media?parent=1457"}],"wp:term":[{"taxonomy":"category","embeddable":true,"href":"https:\/\/www.strickforum.de\/blog\/wp-json\/wp\/v2\/categories?post=1457"},{"taxonomy":"post_tag","embeddable":true,"href":"https:\/\/www.strickforum.de\/blog\/wp-json\/wp\/v2\/tags?post=1457"}],"curies":[{"name":"wp","href":"https:\/\/api.w.org\/{rel}","templated":true}]}}