{"id":1506,"date":"2013-01-30T15:28:31","date_gmt":"2013-01-30T14:28:31","guid":{"rendered":"http:\/\/www.strickforum.de\/blog\/?p=1506"},"modified":"2013-01-30T15:28:31","modified_gmt":"2013-01-30T14:28:31","slug":"und-wieder-eine-ulina","status":"publish","type":"post","link":"https:\/\/www.strickforum.de\/blog\/und-wieder-eine-ulina\/","title":{"rendered":"Und wieder eine Ulina"},"content":{"rendered":"<p>Im kommenden Monat wird ein ehemaliger Kollege von mir zum zweiten Mal Vater. Und nat\u00fcrlich braucht das Kind eine warme Jacke, auch wenn die derzeitigen Temperaturen schon den Fr\u00fchling erahnen lassen.<\/p>\n<p><img data-recalc-dims=\"1\" decoding=\"async\" src=\"https:\/\/i0.wp.com\/www.strickforum.de\/images\/blog\/13_01\/ulina_gelbblau_450.jpg?w=840\" alt=\"Ulina blau-gelb\" \/><\/p>\n<p>Gestrickt nach meiner <a href=\"http:\/\/www.ravelry.com\/patterns\/library\/ulina\" target=\"_blank\">Ulina-Anleitung<\/a> aus gut 150 g Wollmeise Pure in WD Nazar Boncugu und WD Iris Sibirica. F\u00fcr ein Kind finde ich diese kontrastreiche Farbkombination ganz passend.<\/p>\n","protected":false},"excerpt":{"rendered":"<p>Im kommenden Monat wird ein ehemaliger Kollege von mir zum zweiten Mal Vater. Und nat\u00fcrlich braucht das Kind eine warme Jacke, auch wenn die derzeitigen Temperaturen schon den Fr\u00fchling erahnen lassen. Gestrickt nach meiner Ulina-Anleitung aus gut 150 g Wollmeise Pure in WD Nazar Boncugu und WD Iris Sibirica. F\u00fcr ein Kind finde ich diese &hellip; <a href=\"https:\/\/www.strickforum.de\/blog\/und-wieder-eine-ulina\/\" class=\"more-link\"><span class=\"screen-reader-text\">\u201eUnd wieder eine Ulina\u201c <\/span>weiterlesen<\/a><\/p>\n","protected":false},"author":3,"featured_media":0,"comment_status":"open","ping_status":"open","sticky":false,"template":"","format":"standard","meta":{"_seopress_robots_primary_cat":"","_seopress_titles_title":"","_seopress_titles_desc":"","_seopress_robots_index":"","_crdt_document":"","jetpack_post_was_ever_published":false,"_jetpack_newsletter_access":"","_jetpack_dont_email_post_to_subs":false,"_jetpack_newsletter_tier_id":0,"_jetpack_memberships_contains_paywalled_content":false,"_jetpack_memberships_contains_paid_content":false,"footnotes":"","jetpack_publicize_message":"","jetpack_publicize_feature_enabled":true,"jetpack_social_post_already_shared":false,"jetpack_social_options":{"image_generator_settings":{"template":"highway","default_image_id":0,"font":"","enabled":false},"version":2}},"categories":[6],"tags":[],"class_list":["post-1506","post","type-post","status-publish","format-standard","hentry","category-6"],"jetpack_publicize_connections":[],"jetpack_featured_media_url":"","jetpack_sharing_enabled":true,"jetpack_shortlink":"https:\/\/wp.me\/p7JbSI-oi","jetpack-related-posts":[{"id":1947,"url":"https:\/\/www.strickforum.de\/blog\/ulina-nr-13-diesmal-als-bausatz\/","url_meta":{"origin":1506,"position":0},"title":"Ulina Nr. 13, diesmal als Bausatz","author":"Admin","date":"24. Oktober 2015","format":false,"excerpt":"Manche m\u00e4nnlichen Kollegen sind extrem schweigsam, und wenn man mit ihnen ohnehin nicht so oft zu tun hat, kann es schwierig sein, an gewisse relativ wichtige Informationen zu kommen. So wei\u00df ich immer noch nicht, ob das Kind, das die Freundin eines Kollegen Anfang kommenden Jahres erwartet, nun ein Junge\u2026","rel":"","context":"In &quot;Stricken&quot;","block_context":{"text":"Stricken","link":"https:\/\/www.strickforum.de\/blog\/category\/3\/"},"img":{"alt_text":"","src":"","width":0,"height":0},"classes":[]},{"id":1906,"url":"https:\/\/www.strickforum.de\/blog\/das-sind-zwei-paar-schuhe\/","url_meta":{"origin":1506,"position":1},"title":"Das sind ZWEI Paar Schuhe","author":"Admin","date":"19. April 2015","format":false,"excerpt":"Einige Arbeitskollegen aus einer anderen Abteilung treffe ich gelegentlich beim Bio-Mittagstisch. Eine Kollegin aus dieser Runde ist schwanger und entbindet voraussichtlich im August. Dass es Zwillinge werden, erw\u00e4hnte sie erst vor kurzem. Wie lange sie noch arbeiten kann, ist ungewiss, weil die Schwangerschaft jetzt schon sehr anstrengend f\u00fcr sie ist.\u2026","rel":"","context":"In &quot;Stricken&quot;","block_context":{"text":"Stricken","link":"https:\/\/www.strickforum.de\/blog\/category\/3\/"},"img":{"alt_text":"","src":"","width":0,"height":0},"classes":[]},{"id":1762,"url":"https:\/\/www.strickforum.de\/blog\/etwas-furs-baby\/","url_meta":{"origin":1506,"position":2},"title":"Etwas f\u00fcrs Baby","author":"Admin","date":"1. Mai 2014","format":false,"excerpt":"Wie ich Anfang des Jahres bereits erw\u00e4hnte, gibt es diversen Nachwuchs im Kreis meiner Kollegen. Und f\u00fcr eines dieser Kinder, einen kleinen Jungen, der Ende Mai erwartet wird, wurde k\u00fcrzlich ein \u201cUlina\u201d-J\u00e4ckchen (Ravelry-Link) fertig. So sieht es aus: Ich habe Reste von Wollmeise \u201cPure\u201d verarbeitet, ein ged\u00e4mpftes Mittelblau (vermutlich Moses\u2026","rel":"","context":"In &quot;Stricken&quot;","block_context":{"text":"Stricken","link":"https:\/\/www.strickforum.de\/blog\/category\/3\/"},"img":{"alt_text":"","src":"","width":0,"height":0},"classes":[]},{"id":1715,"url":"https:\/\/www.strickforum.de\/blog\/die-nachste-ulina\/","url_meta":{"origin":1506,"position":3},"title":"Die n\u00e4chste &#8220;Ulina&#8221;","author":"Admin","date":"22. Januar 2014","format":false,"excerpt":"Ich lebe in einer Stadt mit einem relativ hohen Anteil an jungen Leuten, und das wiederum resultiert in einer ziemlich hohen Geburtenrate. Im Kollegenkreis sind auch in diesem Jahr wieder Babys unterwegs. Und dank moderner Diagnostik wei\u00df man schon Monate im voraus, ob es ein Junge oder ein M\u00e4dchen wird.\u2026","rel":"","context":"In &quot;Stricken&quot;","block_context":{"text":"Stricken","link":"https:\/\/www.strickforum.de\/blog\/category\/3\/"},"img":{"alt_text":"","src":"","width":0,"height":0},"classes":[]},{"id":2872,"url":"https:\/\/www.strickforum.de\/blog\/ulina-folge-17\/","url_meta":{"origin":1506,"position":4},"title":"Ulina Folge 17","author":"Admin","date":"3. Dezember 2019","format":false,"excerpt":"Wahrscheinlich ist es nicht einmal die siebzehnte, sondern eher schon die zwanzigste Babyjacke dieses Typs, die ich gestrickt habe. Ich habe n\u00e4mlich viele liebe Kolleginnen und Kollegen, und sie haben zusammen auch viele Kinder. Ulina von vorn Diesmal war ich etwas sp\u00e4t dran mit dem obligatorischen Geschenk f\u00fcrs Kollegenkind. Mit\u2026","rel":"","context":"In &quot;Stricken&quot;","block_context":{"text":"Stricken","link":"https:\/\/www.strickforum.de\/blog\/category\/3\/"},"img":{"alt_text":"Ulina von vorn","src":"https:\/\/i0.wp.com\/www.strickforum.de\/blog\/wp-content\/uploads\/2019\/12\/ulina-17_front.jpg?resize=350%2C200&ssl=1","width":350,"height":200,"srcset":"https:\/\/i0.wp.com\/www.strickforum.de\/blog\/wp-content\/uploads\/2019\/12\/ulina-17_front.jpg?resize=350%2C200&ssl=1 1x, https:\/\/i0.wp.com\/www.strickforum.de\/blog\/wp-content\/uploads\/2019\/12\/ulina-17_front.jpg?resize=525%2C300&ssl=1 1.5x, https:\/\/i0.wp.com\/www.strickforum.de\/blog\/wp-content\/uploads\/2019\/12\/ulina-17_front.jpg?resize=700%2C400&ssl=1 2x"},"classes":[]},{"id":1792,"url":"https:\/\/www.strickforum.de\/blog\/die-rgb-ulina\/","url_meta":{"origin":1506,"position":5},"title":"Die RGB-Ulina","author":"Admin","date":"26. Juni 2014","format":false,"excerpt":"Wer sich mit der Erstellung von Internetseiten oder generell Farbe am Bildschirm besch\u00e4ftigt, dem ist RGB ein Begriff. Es ist die Abk\u00fcrzung f\u00fcr rot-gr\u00fcn-blau und bezeichnet u.a. einen Farbraum, der am Computermonitor dargestellt werden kann. Dieses Babyj\u00e4ckchen ist ungef\u00e4hr das zehnte, das ich nach der Ulina-Anleitung gestrickt habe. Das Streifenmuster\u2026","rel":"","context":"In &quot;Stricken&quot;","block_context":{"text":"Stricken","link":"https:\/\/www.strickforum.de\/blog\/category\/3\/"},"img":{"alt_text":"","src":"","width":0,"height":0},"classes":[]}],"_links":{"self":[{"href":"https:\/\/www.strickforum.de\/blog\/wp-json\/wp\/v2\/posts\/1506","targetHints":{"allow":["GET"]}}],"collection":[{"href":"https:\/\/www.strickforum.de\/blog\/wp-json\/wp\/v2\/posts"}],"about":[{"href":"https:\/\/www.strickforum.de\/blog\/wp-json\/wp\/v2\/types\/post"}],"author":[{"embeddable":true,"href":"https:\/\/www.strickforum.de\/blog\/wp-json\/wp\/v2\/users\/3"}],"replies":[{"embeddable":true,"href":"https:\/\/www.strickforum.de\/blog\/wp-json\/wp\/v2\/comments?post=1506"}],"version-history":[{"count":0,"href":"https:\/\/www.strickforum.de\/blog\/wp-json\/wp\/v2\/posts\/1506\/revisions"}],"wp:attachment":[{"href":"https:\/\/www.strickforum.de\/blog\/wp-json\/wp\/v2\/media?parent=1506"}],"wp:term":[{"taxonomy":"category","embeddable":true,"href":"https:\/\/www.strickforum.de\/blog\/wp-json\/wp\/v2\/categories?post=1506"},{"taxonomy":"post_tag","embeddable":true,"href":"https:\/\/www.strickforum.de\/blog\/wp-json\/wp\/v2\/tags?post=1506"}],"curies":[{"name":"wp","href":"https:\/\/api.w.org\/{rel}","templated":true}]}}