{"id":1513,"date":"2013-02-07T19:42:14","date_gmt":"2013-02-07T18:42:14","guid":{"rendered":"http:\/\/www.strickforum.de\/blog\/?p=1513"},"modified":"2017-08-25T21:33:22","modified_gmt":"2017-08-25T19:33:22","slug":"13aus13-das-vierte-projekt","status":"publish","type":"post","link":"https:\/\/www.strickforum.de\/blog\/13aus13-das-vierte-projekt\/","title":{"rendered":"13aus13 &#8211; das vierte Projekt"},"content":{"rendered":"<p>Ich bin ja nicht gerade ein Fan der Anleitungen von Annette Danielsen. Ihre Textw\u00fcsten ohne auch nur die Andeutung eines Diagramms (weder f\u00fcr Strickschriften noch f\u00fcr Schnitte) verursachen bei mir Strickblockaden und schwere Unlustgef\u00fchle. Auf so einer Basis ein passendes Kleidungsst\u00fcck herzustellen ist ungef\u00e4hr so m\u00fchsam wie den Kellerschl\u00fcssel im Dunkeln zu finden.<\/p>\n<p>Trotz meiner Vorbehalte habe ich mir im Rahmen der Aktion 13aus13 das Modell \u201cJahresringe\u201d aus ihrem Buch \u201cStilvoll Stricken\u201d ausgesucht. Viel Zeit brauchte ich dann, um erst das Muster in der Theorie nachzuvollziehen und dann den Schnitt anhand der wortreichen Musterbeschreibung wenigstens ann\u00e4hernd zu rekonstruieren. Dann zeichnete ich das Muster noch in DesignaKnit auf, damit es mit dem KG-Schlitten gestrickt werden konnte. Eine Maschenprobe ersparte ich mir diesmal, denn ich wei\u00df, dass ich mit Maschenweite 10 auf eine Maschenprobe von 26 M auf 10 cm komme.<\/p>\n<p>Das eigentliche Stricken ging ziemlich flott voran, so flott, wie der KG eben arbeiten kann. Nach dem Zusammenn\u00e4hen stellte ich dann aber leider fest, dass der Pulli im Schulterbereich einen schlechten Sitz hatte. Das Rippenmuster zieht ja den Seitenbereich des Gestricks in die L\u00e4nge, so dass die Schultern regelrecht hochstanden. Vorderer und r\u00fcckw\u00e4rtiger Ausschnitt waren au\u00dferdem zu tief. Das Ganze sah aus wie gewollt und nicht gekonnt.<\/p>\n<p>Gl\u00fccklicherweise fand ich eine M\u00f6glichkeit, die Passform mit relativ wenig Aufwand zu verbessern. Ich ribbelte alle vier Schulterteile um 17 Reihen zur\u00fcck auf die H\u00f6he, wo der r\u00fcckw\u00e4rtige Ausschnitt begann. Von da aus strickte ich mit verk\u00fcrzten Reihen, um die Schultern abzuschr\u00e4gen, zw\u00f6lf Reihen. Dann wurden die Schultern\u00e4hte wieder geschlossen. Das Ergebnis: Ein wundersch\u00f6ner, sehr tragbarer Sommerpulli, den man \u00fcbrigens auch \u00fcber einem lang\u00e4rmeligen Shirt im Winter tragen kann.<\/p>\n<p><img data-recalc-dims=\"1\" decoding=\"async\" src=\"https:\/\/i0.wp.com\/www.strickforum.de\/images\/blog\/13_02\/jahresringe_450.jpg?w=840\" alt=\"Pulli Jahresringe\" \/><\/p>\n<p>Verarbeitet habe ich 300 Gramm \u201cMelineo\u201d in Beige von der <a href=\"http:\/\/www.wollerey.de\" target=\"_blank\" rel=\"noopener\">Wollerey<\/a>, zusammen verstrickt mit einem d\u00fcnnen naturfarbenen Leinenfaden (1.400 m\/100 g). Das ergab ein substanzielles, aber nicht steifes Gestrick, das sich sehr angenehm tr\u00e4gt.<\/p>\n","protected":false},"excerpt":{"rendered":"<p>Ich bin ja nicht gerade ein Fan der Anleitungen von Annette Danielsen. Ihre Textw\u00fcsten ohne auch nur die Andeutung eines Diagramms (weder f\u00fcr Strickschriften noch f\u00fcr Schnitte) verursachen bei mir Strickblockaden und schwere Unlustgef\u00fchle. Auf so einer Basis ein passendes Kleidungsst\u00fcck herzustellen ist ungef\u00e4hr so m\u00fchsam wie den Kellerschl\u00fcssel im Dunkeln zu finden. Trotz meiner &hellip; <a href=\"https:\/\/www.strickforum.de\/blog\/13aus13-das-vierte-projekt\/\" class=\"more-link\"><span class=\"screen-reader-text\">\u201e13aus13 &#8211; das vierte Projekt\u201c <\/span>weiterlesen<\/a><\/p>\n","protected":false},"author":3,"featured_media":0,"comment_status":"open","ping_status":"open","sticky":false,"template":"","format":"standard","meta":{"_seopress_robots_primary_cat":"","_seopress_titles_title":"","_seopress_titles_desc":"","_seopress_robots_index":"","_crdt_document":"","jetpack_post_was_ever_published":false,"_jetpack_newsletter_access":"","_jetpack_dont_email_post_to_subs":false,"_jetpack_newsletter_tier_id":0,"_jetpack_memberships_contains_paywalled_content":false,"_jetpack_memberships_contains_paid_content":false,"footnotes":"","jetpack_publicize_message":"","jetpack_publicize_feature_enabled":true,"jetpack_social_post_already_shared":false,"jetpack_social_options":{"image_generator_settings":{"template":"highway","default_image_id":0,"font":"","enabled":false},"version":2}},"categories":[11],"tags":[],"class_list":["post-1513","post","type-post","status-publish","format-standard","hentry","category-11"],"jetpack_publicize_connections":[],"jetpack_featured_media_url":"","jetpack_sharing_enabled":true,"jetpack_shortlink":"https:\/\/wp.me\/p7JbSI-op","jetpack-related-posts":[{"id":1515,"url":"https:\/\/www.strickforum.de\/blog\/13aus13-das-funfte-projekt\/","url_meta":{"origin":1513,"position":0},"title":"13aus13 &#8211; das f\u00fcnfte Projekt","author":"Admin","date":"10. Februar 2013","format":false,"excerpt":"Mein f\u00fcnftes Projekt ist das Modell \u201cOcean Wave Vest\u201d aus dem Buch \u201cLuxury Yarn One Skein Wonders\u201d. Auch dieses Modell ist wieder mit der Maschine (KH 965 mit KR 850) gestrickt. Das Muster besteht aus senkrechten Rippen aus rechten und linken Maschen; in den rechtsgestrickten Rippen ist noch ein kleines\u2026","rel":"","context":"In &quot;13aus13 \/ 13from13&quot;","block_context":{"text":"13aus13 \/ 13from13","link":"https:\/\/www.strickforum.de\/blog\/category\/11\/"},"img":{"alt_text":"","src":"","width":0,"height":0},"classes":[]},{"id":1543,"url":"https:\/\/www.strickforum.de\/blog\/hakel-mobiusschal\/","url_meta":{"origin":1513,"position":1},"title":"H\u00e4kel-M\u00f6biusschal","author":"Admin","date":"8. April 2013","format":false,"excerpt":"Es wird Zeit, dass ich mit meinen \u201c13aus13\u201d-Projekten weitermache, sonst werde ich nicht rechtzeitig damit fertig. Der Abwechslung halber ist nun H\u00e4keln angesagt. Die Anleitung f\u00fcr diesen Schal in einem interessanten Muster mit verkreuzten St\u00e4bchen stammt aus dem japanischen Buch \u201cLet's Knit 2010\u201d (leider finde ich keinen funktionierenden Link mehr\u2026","rel":"","context":"In &quot;13aus13 \/ 13from13&quot;","block_context":{"text":"13aus13 \/ 13from13","link":"https:\/\/www.strickforum.de\/blog\/category\/11\/"},"img":{"alt_text":"","src":"","width":0,"height":0},"classes":[]},{"id":1509,"url":"https:\/\/www.strickforum.de\/blog\/13aus13-das-dritte-projekt\/","url_meta":{"origin":1513,"position":2},"title":"13aus13 &#8211; das dritte Projekt","author":"Admin","date":"3. Februar 2013","format":false,"excerpt":"Aus dem Buch \u201cSimple Style\u201d von Ann Budd w\u00e4hlte ich f\u00fcr meine 13aus13-Aktion das Modell \u201cFour Quarters Pullover\u201d. Es wird laut Anleitung in vier (gegen-)gleichen Teilen gestrickt. Allein durch den Wechsel der Nadelst\u00e4rke soll dieser Pullover unten weit und oben enger gestrickt werden. Das sagte mir jedoch nicht zu, deshalb\u2026","rel":"","context":"In &quot;13aus13 \/ 13from13&quot;","block_context":{"text":"13aus13 \/ 13from13","link":"https:\/\/www.strickforum.de\/blog\/category\/11\/"},"img":{"alt_text":"","src":"","width":0,"height":0},"classes":[]},{"id":1523,"url":"https:\/\/www.strickforum.de\/blog\/13aus13-das-siebte-projekt\/","url_meta":{"origin":1513,"position":3},"title":"13aus13 &#8211; das siebte Projekt","author":"Admin","date":"23. Februar 2013","format":false,"excerpt":"Diese Jacke war eigentlich nicht geplant. In meiner urspr\u00fcnglichen 13aus13-Liste kam sie gar nicht vor; stattdessen wollte ich ein \u201cshrug\u201d aus Garn in Aran-St\u00e4rke stricken. Aber \u00c4rmelschals etc. trage ich kaum, weil sie meiner Figur nicht gerade schmeicheln. Au\u00dferdem stricke ich lieber mit der Maschine als von Hand. So entschied\u2026","rel":"","context":"In &quot;13aus13 \/ 13from13&quot;","block_context":{"text":"13aus13 \/ 13from13","link":"https:\/\/www.strickforum.de\/blog\/category\/11\/"},"img":{"alt_text":"","src":"","width":0,"height":0},"classes":[]},{"id":1507,"url":"https:\/\/www.strickforum.de\/blog\/13aus13-design-1\/","url_meta":{"origin":1513,"position":4},"title":"13aus13 &#8211; Design 1","author":"Admin","date":"2. Februar 2013","format":false,"excerpt":"Wir haben mittlerweile Februar, und ich bin in Verzug, was die Pr\u00e4sentation meiner Projekte aus der Serie \u201c13aus13\u201d betrifft. Bereits Ende Dezember wurde die Kurzjacke \u201cDesign 1\u201d aus dem Buch \u201cNoro Mini Knits\u201d von Jenny Watson fertig, hier ist sie nun endlich: Verstrickt habe ich daf\u00fcr knapp 500 g Noro\u2026","rel":"","context":"In &quot;13aus13 \/ 13from13&quot;","block_context":{"text":"13aus13 \/ 13from13","link":"https:\/\/www.strickforum.de\/blog\/category\/11\/"},"img":{"alt_text":"","src":"","width":0,"height":0},"classes":[]},{"id":1519,"url":"https:\/\/www.strickforum.de\/blog\/13aus13-das-sechste-projekt\/","url_meta":{"origin":1513,"position":5},"title":"13aus13 &#8211; das sechste Projekt","author":"Admin","date":"16. Februar 2013","format":false,"excerpt":"Die bisherigen Projekte hatte ich mit der Strickmaschine gestrickt, dies ist nun das erste von Hand: (Foto von mir, Model: Diana K.) Dies ist die M\u00fctze \u201cQuerdenker\u201d aus dem Buch \u201cKopfsache\u201d. Gestrickt ist sie aus 100 g Lang Jawoll Magic mit doppeltem Faden und Nadelst\u00e4rke 3,5. Eigentlich soll man sie\u2026","rel":"","context":"In &quot;13aus13 \/ 13from13&quot;","block_context":{"text":"13aus13 \/ 13from13","link":"https:\/\/www.strickforum.de\/blog\/category\/11\/"},"img":{"alt_text":"","src":"","width":0,"height":0},"classes":[]}],"_links":{"self":[{"href":"https:\/\/www.strickforum.de\/blog\/wp-json\/wp\/v2\/posts\/1513","targetHints":{"allow":["GET"]}}],"collection":[{"href":"https:\/\/www.strickforum.de\/blog\/wp-json\/wp\/v2\/posts"}],"about":[{"href":"https:\/\/www.strickforum.de\/blog\/wp-json\/wp\/v2\/types\/post"}],"author":[{"embeddable":true,"href":"https:\/\/www.strickforum.de\/blog\/wp-json\/wp\/v2\/users\/3"}],"replies":[{"embeddable":true,"href":"https:\/\/www.strickforum.de\/blog\/wp-json\/wp\/v2\/comments?post=1513"}],"version-history":[{"count":1,"href":"https:\/\/www.strickforum.de\/blog\/wp-json\/wp\/v2\/posts\/1513\/revisions"}],"predecessor-version":[{"id":2411,"href":"https:\/\/www.strickforum.de\/blog\/wp-json\/wp\/v2\/posts\/1513\/revisions\/2411"}],"wp:attachment":[{"href":"https:\/\/www.strickforum.de\/blog\/wp-json\/wp\/v2\/media?parent=1513"}],"wp:term":[{"taxonomy":"category","embeddable":true,"href":"https:\/\/www.strickforum.de\/blog\/wp-json\/wp\/v2\/categories?post=1513"},{"taxonomy":"post_tag","embeddable":true,"href":"https:\/\/www.strickforum.de\/blog\/wp-json\/wp\/v2\/tags?post=1513"}],"curies":[{"name":"wp","href":"https:\/\/api.w.org\/{rel}","templated":true}]}}