{"id":1517,"date":"2013-02-12T16:28:57","date_gmt":"2013-02-12T15:28:57","guid":{"rendered":"http:\/\/www.strickforum.de\/blog\/?p=1517"},"modified":"2013-02-12T16:28:57","modified_gmt":"2013-02-12T15:28:57","slug":"die-verstrickte-dienstagsfrage-72013","status":"publish","type":"post","link":"https:\/\/www.strickforum.de\/blog\/die-verstrickte-dienstagsfrage-72013\/","title":{"rendered":"Die verstrickte Dienstagsfrage 7\/2013"},"content":{"rendered":"<p><b>Das <a href=\"http:\/\/daswollschaf.wordpress.com\/2013\/02\/12\/die-verstrickte-dienstagsfrage-72013\/#comments\">Wollschaf<\/a> fragt diese Woche:<br \/>\nWie entscheidet ihr was ihr als n\u00e4chstes strickt??<br \/>\nGeht ihr nach einem bestimmten Farbschema oder nach Hersteller oder einfach nur danach, was euch gerade &#8220;anh\u00fcpft&#8221;?? <br \/>\nIch habe immer das Problem, dass ich mir ein Kn\u00e4uel Wolle aussuche und sobald ich es verstricken will, gef\u00e4llt es mir nicht mehr und ich muss ein anderes nehmen. Und das &#8220;Erstgew\u00e4hlte&#8221; verschwindet dann tief unten in der Versenkung!<br \/>\nIch bin gespannt,was ihr so Interessantes dazu beitragen k\u00f6nnt.<br \/>\nVielen Dank an <a href=\"http:\/\/www.angies-socken.de\/\">Angela<\/a>  f\u00fcr die heutige Frage!<\/b><\/p>\n<p>Es gibt ja auf Ravelry diverse Gruppen, deren Mitglieder ihre Projekte nach bestimmten Kriterien planen, u.a. gibt es dort auch die Vorgabe, in einem bestimmten Zeitraum etwas in festgelegten Farben zu stricken. Dieser kleine &#8220;Zwang&#8221; w\u00e4re vielleicht eine brauchbare Methode f\u00fcr Angela, wenn sie es nicht schafft, selbst zu einer Entscheidung zu kommen und dabei zu bleiben. <br \/>\nEine andere M\u00f6glichkeit w\u00e4re, nicht immer nur ein-Kn\u00e4uel-Projekte zu stricken, sondern auch mal etwas Gr\u00f6\u00dferes. Dann ist man l\u00e4nger mit einem Projekt besch\u00e4ftigt und muss nicht so oft eine neue Auswahl treffen.<br \/>\nIch habe (zumindest f\u00fcr dieses Jahr) ziemlich feste Vorstellungen, was ich stricke, n\u00e4mlich 13 Projekte aus 13 B\u00fcchern, aus denen ich bisher noch nie etwas nachgearbeitet habe. Das erforderte zun\u00e4chst etwas Zeit f\u00fcr die Auswahl der Modelle und des jeweils zu verwendenden Garns. Wenn das aber erst einmal festgelegt ist, l\u00e4uft die Wahl des n\u00e4chsten Projektes sehr schnell. Raum f\u00fcr spontane Umentscheidungen oder f\u00fcrs Stricken von dringend ben\u00f6tigten ungeplanten Sachen bleibt mir trotzdem. Tats\u00e4chlich war ich bisher mit meiner Planung wesentlich produktiver als in den Jahren zuvor, als ich keine festen Pl\u00e4ne hatte.<\/p>\n","protected":false},"excerpt":{"rendered":"<p>Das Wollschaf fragt diese Woche: Wie entscheidet ihr was ihr als n\u00e4chstes strickt?? Geht ihr nach einem bestimmten Farbschema oder nach Hersteller oder einfach nur danach, was euch gerade &#8220;anh\u00fcpft&#8221;?? Ich habe immer das Problem, dass ich mir ein Kn\u00e4uel Wolle aussuche und sobald ich es verstricken will, gef\u00e4llt es mir nicht mehr und ich &hellip; <a href=\"https:\/\/www.strickforum.de\/blog\/die-verstrickte-dienstagsfrage-72013\/\" class=\"more-link\"><span class=\"screen-reader-text\">\u201eDie verstrickte Dienstagsfrage 7\/2013\u201c <\/span>weiterlesen<\/a><\/p>\n","protected":false},"author":3,"featured_media":0,"comment_status":"open","ping_status":"open","sticky":false,"template":"","format":"standard","meta":{"_seopress_robots_primary_cat":"","_seopress_titles_title":"","_seopress_titles_desc":"","_seopress_robots_index":"","_crdt_document":"","jetpack_post_was_ever_published":false,"_jetpack_newsletter_access":"","_jetpack_dont_email_post_to_subs":false,"_jetpack_newsletter_tier_id":0,"_jetpack_memberships_contains_paywalled_content":false,"_jetpack_memberships_contains_paid_content":false,"footnotes":"","jetpack_publicize_message":"","jetpack_publicize_feature_enabled":true,"jetpack_social_post_already_shared":false,"jetpack_social_options":{"image_generator_settings":{"template":"highway","default_image_id":0,"font":"","enabled":false},"version":2}},"categories":[6],"tags":[],"class_list":["post-1517","post","type-post","status-publish","format-standard","hentry","category-6"],"jetpack_publicize_connections":[],"jetpack_featured_media_url":"","jetpack_sharing_enabled":true,"jetpack_shortlink":"https:\/\/wp.me\/p7JbSI-ot","jetpack-related-posts":[{"id":760,"url":"https:\/\/www.strickforum.de\/blog\/die-verstrickte-dienstagsfrage-312009\/","url_meta":{"origin":1517,"position":0},"title":"Die verstrickte Dienstagsfrage 31\/2009","author":"Admin","date":"28. Juli 2009","format":false,"excerpt":"Das Wollschaf fragt: Tr\u00e4gst Du jetzt gerade - w\u00e4hrend Du diese Frage liest - etwas Selbstgestricktes? Und wenn ja - was denn? Wenn nein - warum denn nicht? Gibt es ein Foto? Zeig! Herzlichen Dank an Angela f\u00fcr die heutige Frage! Ja, ich trage etwas Selbstgestricktes. Zum einen langweilige einfarbig\u2026","rel":"","context":"In &quot;Stricken&quot;","block_context":{"text":"Stricken","link":"https:\/\/www.strickforum.de\/blog\/category\/3\/"},"img":{"alt_text":"Ekeby von Cornelia Tuttle Hamilton","src":"https:\/\/i0.wp.com\/www.strickforum.de\/blog\/media\/1\/20080831-ekeby_flash.jpg?resize=350%2C200","width":350,"height":200},"classes":[]},{"id":596,"url":"https:\/\/www.strickforum.de\/blog\/die-verstrickte-dienstagsfrage-522008\/","url_meta":{"origin":1517,"position":1},"title":"Die verstrickte Dienstagsfrage 52\/2008","author":"Admin","date":"23. Dezember 2008","format":false,"excerpt":"Das Wollschaf fragt: \u00dcber das Web ist der Stricks\u00fcchtige am Puls der Zeit. Sei es - bei den Garnen (z.B. handgef\u00e4rbt oder auch selbstgesponnen statt selbstmusternden Industriegarn), - die Farbwahl (jetzt wieder eher Ton in Ton oder das Wildern der Wolle), - das Material (wie z.B. Sojaseide, Maisgarn, aus Baumrinde\u2026","rel":"","context":"In &quot;Allgemeines&quot;","block_context":{"text":"Allgemeines","link":"https:\/\/www.strickforum.de\/blog\/category\/1\/"},"img":{"alt_text":"","src":"","width":0,"height":0},"classes":[]},{"id":3276,"url":"https:\/\/www.strickforum.de\/blog\/befreiend\/","url_meta":{"origin":1517,"position":2},"title":"Befreiend","author":"Admin","date":"7. September 2021","format":false,"excerpt":"Ein Strickprojekt fertigzustellen gibt einem das gute Gef\u00fchl, etwas geschafft zu haben. So ging es mir mit dem zweifarbigen Tuch vom vorigen Eintrag. Aber was tut man, wenn man mittendrin feststellt, dass einem weder das Stricken noch das voraussichtliche Endergebnis gef\u00e4llt? Ja, es betraf wiederum etwas Zweifarbiges. Ja, es war\u2026","rel":"","context":"In &quot;Stricken&quot;","block_context":{"text":"Stricken","link":"https:\/\/www.strickforum.de\/blog\/category\/3\/"},"img":{"alt_text":"","src":"https:\/\/i0.wp.com\/www.strickforum.de\/blog\/wp-content\/uploads\/2021\/09\/geometrica-tuch.jpg?resize=350%2C200&ssl=1","width":350,"height":200,"srcset":"https:\/\/i0.wp.com\/www.strickforum.de\/blog\/wp-content\/uploads\/2021\/09\/geometrica-tuch.jpg?resize=350%2C200&ssl=1 1x, https:\/\/i0.wp.com\/www.strickforum.de\/blog\/wp-content\/uploads\/2021\/09\/geometrica-tuch.jpg?resize=525%2C300&ssl=1 1.5x, https:\/\/i0.wp.com\/www.strickforum.de\/blog\/wp-content\/uploads\/2021\/09\/geometrica-tuch.jpg?resize=700%2C400&ssl=1 2x"},"classes":[]},{"id":3182,"url":"https:\/\/www.strickforum.de\/blog\/mein-grosser-plan\/","url_meta":{"origin":1517,"position":3},"title":"Mein gro\u00dfer Plan","author":"Admin","date":"7. Februar 2021","format":false,"excerpt":"Etwa einmal monatlich bekomme ich einen Newsletter von Woolly Wormhead. Sie entwirft M\u00fctzen in allen vorstellbaren Varianten, in Runden, quer in Reihen oder auch mal diagonal, sowie f\u00fcr die verschiedensten Garnst\u00e4rken. Ich besitze viele ihrer Anleitungen und habe im Laufe der Jahre bereits diverse Modelle von ihr nachgestrickt. In Zusammenhang\u2026","rel":"","context":"In &quot;Stricken&quot;","block_context":{"text":"Stricken","link":"https:\/\/www.strickforum.de\/blog\/category\/3\/"},"img":{"alt_text":"Comfort Slouch","src":"https:\/\/i0.wp.com\/www.strickforum.de\/blog\/wp-content\/uploads\/2021\/02\/comfort-slouch.jpg?resize=350%2C200&ssl=1","width":350,"height":200,"srcset":"https:\/\/i0.wp.com\/www.strickforum.de\/blog\/wp-content\/uploads\/2021\/02\/comfort-slouch.jpg?resize=350%2C200&ssl=1 1x, https:\/\/i0.wp.com\/www.strickforum.de\/blog\/wp-content\/uploads\/2021\/02\/comfort-slouch.jpg?resize=525%2C300&ssl=1 1.5x, https:\/\/i0.wp.com\/www.strickforum.de\/blog\/wp-content\/uploads\/2021\/02\/comfort-slouch.jpg?resize=700%2C400&ssl=1 2x"},"classes":[]},{"id":1551,"url":"https:\/\/www.strickforum.de\/blog\/die-verstrickte-dienstagsfrage-172013\/","url_meta":{"origin":1517,"position":4},"title":"Die verstrickte Dienstagsfrage 17\/2013","author":"Admin","date":"23. April 2013","format":false,"excerpt":"Diese Woche stellt das Wollschaf eine Frage aus dem Archiv vom 24.04.2007: Wie ausf\u00fchrlich wollt Ihr \u00fcber den Fortschritt eines bestimmten Strickprojektes in den Blogs lesen? Welche Projekte und Details interessieren Euch dabei am meisten? Das Wollschaf bedankt sich bei Arlene! Wie schon von anderen geschrieben, finde ich \u00f6de Fortschrittsmeldungen\u2026","rel":"","context":"In &quot;Stricken&quot;","block_context":{"text":"Stricken","link":"https:\/\/www.strickforum.de\/blog\/category\/3\/"},"img":{"alt_text":"","src":"","width":0,"height":0},"classes":[]},{"id":1400,"url":"https:\/\/www.strickforum.de\/blog\/die-verstrickte-dienstagsfrage-282012\/","url_meta":{"origin":1517,"position":5},"title":"Die verstrickte Dienstagsfrage 28\/2012","author":"Admin","date":"10. Juli 2012","format":false,"excerpt":"Diese Woche fragt das Wollschaf : Ich habe gerade damit angefangen auch Strickjacken und Pullover zu stricken. Wie macht ihr das, habt ihr ein Strickmuster, dass gut passt, das ihr nur noch ab\u00e4ndert oder in einer anderen Farbe strickt? Oder strickt ihr jedesmal ein neues Strickmuster. Vielen Dank an Poppy\u2026","rel":"","context":"In &quot;Stricken&quot;","block_context":{"text":"Stricken","link":"https:\/\/www.strickforum.de\/blog\/category\/3\/"},"img":{"alt_text":"","src":"","width":0,"height":0},"classes":[]}],"_links":{"self":[{"href":"https:\/\/www.strickforum.de\/blog\/wp-json\/wp\/v2\/posts\/1517","targetHints":{"allow":["GET"]}}],"collection":[{"href":"https:\/\/www.strickforum.de\/blog\/wp-json\/wp\/v2\/posts"}],"about":[{"href":"https:\/\/www.strickforum.de\/blog\/wp-json\/wp\/v2\/types\/post"}],"author":[{"embeddable":true,"href":"https:\/\/www.strickforum.de\/blog\/wp-json\/wp\/v2\/users\/3"}],"replies":[{"embeddable":true,"href":"https:\/\/www.strickforum.de\/blog\/wp-json\/wp\/v2\/comments?post=1517"}],"version-history":[{"count":0,"href":"https:\/\/www.strickforum.de\/blog\/wp-json\/wp\/v2\/posts\/1517\/revisions"}],"wp:attachment":[{"href":"https:\/\/www.strickforum.de\/blog\/wp-json\/wp\/v2\/media?parent=1517"}],"wp:term":[{"taxonomy":"category","embeddable":true,"href":"https:\/\/www.strickforum.de\/blog\/wp-json\/wp\/v2\/categories?post=1517"},{"taxonomy":"post_tag","embeddable":true,"href":"https:\/\/www.strickforum.de\/blog\/wp-json\/wp\/v2\/tags?post=1517"}],"curies":[{"name":"wp","href":"https:\/\/api.w.org\/{rel}","templated":true}]}}