{"id":1521,"date":"2013-02-19T07:26:59","date_gmt":"2013-02-19T06:26:59","guid":{"rendered":"http:\/\/www.strickforum.de\/blog\/?p=1521"},"modified":"2013-02-19T07:26:59","modified_gmt":"2013-02-19T06:26:59","slug":"die-verstrickte-dienstagsfrage-82013","status":"publish","type":"post","link":"https:\/\/www.strickforum.de\/blog\/die-verstrickte-dienstagsfrage-82013\/","title":{"rendered":"Die verstrickte Dienstagsfrage 8\/2013"},"content":{"rendered":"<p><b>Diese Woche fragt <a href=\"http:\/\/daswollschaf.wordpress.com\/2013\/02\/19\/die-verstrickte-dienstagsfrage-82013\/#comments\">das Wollschaf<\/a>:<br \/>\nIrgendwann haben alle einmal das Stricken freiwillig oder durch einen Bildungsplan verordnet gelernt.<br \/>\nErinnert ihr euch noch, wie das war?<br \/>\nWas machte euch die meisten Probleme?<br \/>\nWann fing es an, euch richtig zu packen?<br \/>\nVielen Dank an <a href=\"http:\/\/www.stricktagebuch.de\/stb.php?stbid=141&amp;datstart=0\">Michaela<\/a> f\u00fcr die heutige Frage!<\/b><\/p>\n<p>Meine ersten Strickversuche liegen so lange zur\u00fcck, dass ich mich gar nicht mehr genau daran erinnern kann. Ich war im Grundschulalter, und meine Mutter zeigte mir, wie man Maschen anschl\u00e4gt und rechte Maschen strickt. Sie hatte sich damals eine Jacke gestrickt, und das hatte wohl mein Interesse geweckt. Ich muss allerdings gestehen, dass ich mich dann f\u00fcrs Stricken doch nicht so recht nicht begeistern konnte. Zuviele Nadeln, zuviele Maschen, die jederzeit von besagten Nadeln rutschen wollten, das war nichts f\u00fcr mich. Lieber h\u00e4kelte ich. Mein einziges Strickprojekt aus damaliger Zeit war ein einzelner runder Topflappen, gestrickt mit verk\u00fcrzten Reihen, den ich im Handarbeitsunterricht produziert hatte.<br \/>\nErst als ich l\u00e4ngst erwachsen war, im November 1982, bekam ich Lust aufs Stricken. Die Handbewegungen klappten auf Anhieb, als h\u00e4tte ich nie etwas anderes getan. Nur die vielen kleinen Tricks, mit denen man sich das Stricken leichter macht, musste ich nat\u00fcrlich erst nach und nach lernen. In den folgenden Jahren strickte ich Unmengen von Pullis und Jacken von Hand, f\u00fcr mich und die ganze Familie. 1987 kaufte ich mir meine erste Strickmaschine und strickte dann mehr als zehn Jahre ausschlie\u00dflich mit verschiedenen Maschinen. Erst gegen Ende des Jahrtausends nahm ich auch wieder das Handstricken auf. Seither stricke ich sowohl mit Maschine als auch von Hand, je nach Lust und Laune.<\/p>\n","protected":false},"excerpt":{"rendered":"<p>Diese Woche fragt das Wollschaf: Irgendwann haben alle einmal das Stricken freiwillig oder durch einen Bildungsplan verordnet gelernt. Erinnert ihr euch noch, wie das war? Was machte euch die meisten Probleme? Wann fing es an, euch richtig zu packen? Vielen Dank an Michaela f\u00fcr die heutige Frage! Meine ersten Strickversuche liegen so lange zur\u00fcck, dass &hellip; <a href=\"https:\/\/www.strickforum.de\/blog\/die-verstrickte-dienstagsfrage-82013\/\" class=\"more-link\"><span class=\"screen-reader-text\">\u201eDie verstrickte Dienstagsfrage 8\/2013\u201c <\/span>weiterlesen<\/a><\/p>\n","protected":false},"author":3,"featured_media":0,"comment_status":"open","ping_status":"open","sticky":false,"template":"","format":"standard","meta":{"_seopress_robots_primary_cat":"","_seopress_titles_title":"","_seopress_titles_desc":"","_seopress_robots_index":"","_crdt_document":"","jetpack_post_was_ever_published":false,"_jetpack_newsletter_access":"","_jetpack_dont_email_post_to_subs":false,"_jetpack_newsletter_tier_id":0,"_jetpack_memberships_contains_paywalled_content":false,"_jetpack_memberships_contains_paid_content":false,"footnotes":"","jetpack_publicize_message":"","jetpack_publicize_feature_enabled":true,"jetpack_social_post_already_shared":false,"jetpack_social_options":{"image_generator_settings":{"template":"highway","default_image_id":0,"font":"","enabled":false},"version":2}},"categories":[6],"tags":[],"class_list":["post-1521","post","type-post","status-publish","format-standard","hentry","category-6"],"jetpack_publicize_connections":[],"jetpack_featured_media_url":"","jetpack_sharing_enabled":true,"jetpack_shortlink":"https:\/\/wp.me\/p7JbSI-ox","jetpack-related-posts":[{"id":1892,"url":"https:\/\/www.strickforum.de\/blog\/das-perfekte-nadelspiel\/","url_meta":{"origin":1521,"position":0},"title":"Das perfekte Nadelspiel","author":"Admin","date":"11. M\u00e4rz 2015","format":false,"excerpt":"Rundstricknadeln haben ohne Zweifel ihre Berechtigung. Man kann damit praktisch alles in Runden stricken, vom Pullover bis zur Kordel \u00fcber wenige Maschen mittels Magic Loop. Der Vorteil: Es kommen einem dabei nicht so leicht Maschen abhanden. Ich bin dennoch kein gro\u00dfer Freund davon, weil es mir schlichtweg zuviel Geschiebe ist.\u2026","rel":"","context":"In &quot;Stricken&quot;","block_context":{"text":"Stricken","link":"https:\/\/www.strickforum.de\/blog\/category\/3\/"},"img":{"alt_text":"","src":"","width":0,"height":0},"classes":[]},{"id":1528,"url":"https:\/\/www.strickforum.de\/blog\/von-den-nadeln-gesprungen\/","url_meta":{"origin":1521,"position":1},"title":"Von den Nadeln gesprungen","author":"Admin","date":"15. M\u00e4rz 2013","format":false,"excerpt":"Auch bei mir geht beim Maschinestricken nicht alles glatt. Als ich das Vorderteil dieser Tunika strickte und die zweite Ausschnitth\u00e4lfte beginnen wollte, hatte ich wohl den Faden nicht richtig eingef\u00e4delt, jedenfalls st\u00fcrzten alle Maschen von den Nadeln in B-Position. Und da ich ein d\u00fcnnes, glattes Seidengarn relativ locker verstrickte, ribbelten\u2026","rel":"","context":"In &quot;Stricken&quot;","block_context":{"text":"Stricken","link":"https:\/\/www.strickforum.de\/blog\/category\/3\/"},"img":{"alt_text":"","src":"","width":0,"height":0},"classes":[]},{"id":2698,"url":"https:\/\/www.strickforum.de\/blog\/die-wundersame-maschenvermehrung\/","url_meta":{"origin":1521,"position":2},"title":"Die wundersame Maschenvermehrung","author":"Admin","date":"31. M\u00e4rz 2019","format":false,"excerpt":"Strickanf\u00e4ngern passiert es gelegentlich, dass sie nach einigen Reihen ungewollt mehr Maschen auf den Nadeln haben als zuvor beim Anschlag. Der Frust \u00fcber dieses seltsame Ph\u00e4nomen kann so weit f\u00fchren, dass man das Stricken komplett aufgeben will. Besonders \u00e4rgerlich ist es, wenn eine unschuldige Anf\u00e4ngerin sich auch beim besten Willen\u2026","rel":"","context":"In &quot;Stricken&quot;","block_context":{"text":"Stricken","link":"https:\/\/www.strickforum.de\/blog\/category\/3\/"},"img":{"alt_text":"","src":"https:\/\/i0.wp.com\/www.strickforum.de\/blog\/wp-content\/uploads\/2019\/03\/hochgezogen-1.jpg?resize=350%2C200&ssl=1","width":350,"height":200,"srcset":"https:\/\/i0.wp.com\/www.strickforum.de\/blog\/wp-content\/uploads\/2019\/03\/hochgezogen-1.jpg?resize=350%2C200&ssl=1 1x, https:\/\/i0.wp.com\/www.strickforum.de\/blog\/wp-content\/uploads\/2019\/03\/hochgezogen-1.jpg?resize=525%2C300&ssl=1 1.5x, https:\/\/i0.wp.com\/www.strickforum.de\/blog\/wp-content\/uploads\/2019\/03\/hochgezogen-1.jpg?resize=700%2C400&ssl=1 2x"},"classes":[]},{"id":1939,"url":"https:\/\/www.strickforum.de\/blog\/shleeves\/","url_meta":{"origin":1521,"position":3},"title":"Shleeves","author":"Admin","date":"30. August 2015","format":false,"excerpt":"Das Modell Shleeves ist ein Mittelding aus Tuch und J\u00e4ckchen, nicht schwierig zu stricken, aber mit Pfiff. Ich stie\u00df zuf\u00e4llig im Juni darauf, als es gerade herabgesetzt war, und dann hatte ich das Gl\u00fcck, die Anleitung von einer lieben Bekannten im Zuge eines Tauschgesch\u00e4fts via Ravelry geschenkt zu bekommen. Seit\u2026","rel":"","context":"In &quot;Stricken&quot;","block_context":{"text":"Stricken","link":"https:\/\/www.strickforum.de\/blog\/category\/3\/"},"img":{"alt_text":"","src":"","width":0,"height":0},"classes":[]},{"id":1781,"url":"https:\/\/www.strickforum.de\/blog\/absturz\/","url_meta":{"origin":1521,"position":4},"title":"Absturz!","author":"Admin","date":"31. Mai 2014","format":false,"excerpt":"Auch relativ erfahrenen Maschinestrickerinnen wie mir passiert es, dass durch einen dummen Fehler das Gestrick von der Maschine f\u00e4llt. So ging es mir heute. Da hatte ich beim Streifenstricken den neuen Faden wohl nicht ganz sauber eingef\u00e4delt, und wusch, fielen fast alle Maschen. Nur \u201cfast alle\u201d deshalb, weil ich, als\u2026","rel":"","context":"In &quot;Stricken&quot;","block_context":{"text":"Stricken","link":"https:\/\/www.strickforum.de\/blog\/category\/3\/"},"img":{"alt_text":"","src":"","width":0,"height":0},"classes":[]},{"id":2328,"url":"https:\/\/www.strickforum.de\/blog\/newfoundland-mitts-mit-prym-ergonomics\/","url_meta":{"origin":1521,"position":5},"title":"Newfoundland Mitts mit Prym Ergonomics","author":"Admin","date":"9. M\u00e4rz 2017","format":false,"excerpt":"Letzten Monat berichtete ich, dass ich mit dem Ergonomics Nadelspiel, das mir zum Testen zur Verf\u00fcgung gestellt worden war, die Newfoundland Mitts angefangen hatte. Gestern wurden sie fertig. Das ist perfektes Timing, falls wir dieses Fr\u00fchjahr doch noch einen Schneesturm bekommen sollten. ;-) Die Handschuhe sind gut gelungen. Ich habe\u2026","rel":"","context":"In &quot;Stricken&quot;","block_context":{"text":"Stricken","link":"https:\/\/www.strickforum.de\/blog\/category\/3\/"},"img":{"alt_text":"Newfoundland Mitts","src":"https:\/\/i0.wp.com\/www.strickforum.de\/blog\/wp-content\/uploads\/2017\/02\/newfoundlandmitts.jpg?resize=350%2C200","width":350,"height":200,"srcset":"https:\/\/i0.wp.com\/www.strickforum.de\/blog\/wp-content\/uploads\/2017\/02\/newfoundlandmitts.jpg?resize=350%2C200 1x, https:\/\/i0.wp.com\/www.strickforum.de\/blog\/wp-content\/uploads\/2017\/02\/newfoundlandmitts.jpg?resize=525%2C300 1.5x, https:\/\/i0.wp.com\/www.strickforum.de\/blog\/wp-content\/uploads\/2017\/02\/newfoundlandmitts.jpg?resize=700%2C400 2x"},"classes":[]}],"_links":{"self":[{"href":"https:\/\/www.strickforum.de\/blog\/wp-json\/wp\/v2\/posts\/1521","targetHints":{"allow":["GET"]}}],"collection":[{"href":"https:\/\/www.strickforum.de\/blog\/wp-json\/wp\/v2\/posts"}],"about":[{"href":"https:\/\/www.strickforum.de\/blog\/wp-json\/wp\/v2\/types\/post"}],"author":[{"embeddable":true,"href":"https:\/\/www.strickforum.de\/blog\/wp-json\/wp\/v2\/users\/3"}],"replies":[{"embeddable":true,"href":"https:\/\/www.strickforum.de\/blog\/wp-json\/wp\/v2\/comments?post=1521"}],"version-history":[{"count":0,"href":"https:\/\/www.strickforum.de\/blog\/wp-json\/wp\/v2\/posts\/1521\/revisions"}],"wp:attachment":[{"href":"https:\/\/www.strickforum.de\/blog\/wp-json\/wp\/v2\/media?parent=1521"}],"wp:term":[{"taxonomy":"category","embeddable":true,"href":"https:\/\/www.strickforum.de\/blog\/wp-json\/wp\/v2\/categories?post=1521"},{"taxonomy":"post_tag","embeddable":true,"href":"https:\/\/www.strickforum.de\/blog\/wp-json\/wp\/v2\/tags?post=1521"}],"curies":[{"name":"wp","href":"https:\/\/api.w.org\/{rel}","templated":true}]}}