{"id":1524,"date":"2013-02-26T09:32:22","date_gmt":"2013-02-26T08:32:22","guid":{"rendered":"http:\/\/www.strickforum.de\/blog\/?p=1524"},"modified":"2013-02-26T09:32:22","modified_gmt":"2013-02-26T08:32:22","slug":"die-verstrickte-dienstagsfrage-92013","status":"publish","type":"post","link":"https:\/\/www.strickforum.de\/blog\/die-verstrickte-dienstagsfrage-92013\/","title":{"rendered":"Die verstrickte Dienstagsfrage 9\/2013"},"content":{"rendered":"<p><b>Diese Woche fragt <a href=\"http:\/\/daswollschaf.wordpress.com\/2013\/02\/26\/die-verstrickte-dienstagsfrage-92013\/#comments\">das Wollschaf<\/a>: <br \/>\nViele meiner lieben Freundinnen sind gerade schwanger. Was liegt f\u00fcr einen Strick- und H\u00e4kelfan also n\u00e4her, als die Babys mit einem wollig weichen Geschenk zu begr\u00fc\u00dfen? Allerdings finde ich es auf Dauer nicht so spannend, Massen an S\u00f6ckchen oder Sch\u00fcchen zu stricken. Deshalb bin ich auf der Suche nach frischen Anregungen. Egal ob Kleidung, Spielzeug oder Decken, was sind Eure liebsten Strick- oder H\u00e4kelmodelle f\u00fcr Babys?<br \/>\nVielen Dank an <a href=\"http:\/\/teeundkekse.wordpress.com\/\">\u201cTee &#038; Kekse\u201d<\/a> f\u00fcr die heutige Frage!<\/b><\/p>\n<p>Das ist mal eine einfache Frage. \ud83d\ude42<br \/>\nMein Standardgestrick f\u00fcr neue Erdenb\u00fcrger ist die <a href=\"http:\/\/www.ravelry.com\/patterns\/library\/ulina\">Ulina-Jacke<\/a>. Sie ist einfach zu stricken, passt jedem Baby zu irgendeiner Zeit, und man kann daf\u00fcr auch alle m\u00f6glichen bunten Reste verbrauchen.<\/p>\n","protected":false},"excerpt":{"rendered":"<p>Diese Woche fragt das Wollschaf: Viele meiner lieben Freundinnen sind gerade schwanger. Was liegt f\u00fcr einen Strick- und H\u00e4kelfan also n\u00e4her, als die Babys mit einem wollig weichen Geschenk zu begr\u00fc\u00dfen? Allerdings finde ich es auf Dauer nicht so spannend, Massen an S\u00f6ckchen oder Sch\u00fcchen zu stricken. Deshalb bin ich auf der Suche nach frischen &hellip; <a href=\"https:\/\/www.strickforum.de\/blog\/die-verstrickte-dienstagsfrage-92013\/\" class=\"more-link\"><span class=\"screen-reader-text\">\u201eDie verstrickte Dienstagsfrage 9\/2013\u201c <\/span>weiterlesen<\/a><\/p>\n","protected":false},"author":3,"featured_media":0,"comment_status":"open","ping_status":"open","sticky":false,"template":"","format":"standard","meta":{"_seopress_robots_primary_cat":"","_seopress_titles_title":"","_seopress_titles_desc":"","_seopress_robots_index":"","_crdt_document":"","jetpack_post_was_ever_published":false,"_jetpack_newsletter_access":"","_jetpack_dont_email_post_to_subs":false,"_jetpack_newsletter_tier_id":0,"_jetpack_memberships_contains_paywalled_content":false,"_jetpack_memberships_contains_paid_content":false,"footnotes":"","jetpack_publicize_message":"","jetpack_publicize_feature_enabled":true,"jetpack_social_post_already_shared":false,"jetpack_social_options":{"image_generator_settings":{"template":"highway","default_image_id":0,"font":"","enabled":false},"version":2}},"categories":[6],"tags":[],"class_list":["post-1524","post","type-post","status-publish","format-standard","hentry","category-6"],"jetpack_publicize_connections":[],"jetpack_featured_media_url":"","jetpack_sharing_enabled":true,"jetpack_shortlink":"https:\/\/wp.me\/p7JbSI-oA","jetpack-related-posts":[{"id":1573,"url":"https:\/\/www.strickforum.de\/blog\/die-verstrickte-dienstagsfrage-242013\/","url_meta":{"origin":1524,"position":0},"title":"Die verstrickte Dienstagsfrage 24\/2013","author":"Admin","date":"11. Juni 2013","format":false,"excerpt":"Diese Woche fragt das Wollschaf: Hast Du schon einmal einen Freund oder eine Freundin durchs Stricken kennengelernt? Vielen Dank an \u201ePraagelmam\u201c f\u00fcr die heutige Frage! Und ob. Und zwar nicht erst zu Zeiten des Internets, sondern bereits viele Jahre vorher. Eine sehr liebe Freundin war meine mittlerweile verstorbene Stricklehrerin Dodo\u2026","rel":"","context":"In &quot;Stricken&quot;","block_context":{"text":"Stricken","link":"https:\/\/www.strickforum.de\/blog\/category\/3\/"},"img":{"alt_text":"","src":"","width":0,"height":0},"classes":[]},{"id":1193,"url":"https:\/\/www.strickforum.de\/blog\/die-verstrickte-dienstagsfrage-252011\/","url_meta":{"origin":1524,"position":1},"title":"Die verstrickte Dienstagsfrage 25\/2011","author":"Admin","date":"21. Juni 2011","format":false,"excerpt":"Das Wollschaf fragt diese Woche: Irgendwann m\u00fcssen wir dran denken, aus diesem Leben abzutreten. Was habt ihr f\u00fcr diesen Fall f\u00fcr eure Garne, Strickanleitungen und das ganze Strickzubeh\u00f6r verf\u00fcgt? Immerhin besitzen einige ja beachtliche Werte. Ich bin schon gespannt und erhoffe mir Anregungen. Vielen Dank an Michaela f\u00fcr die heutige\u2026","rel":"","context":"In &quot;Stricken&quot;","block_context":{"text":"Stricken","link":"https:\/\/www.strickforum.de\/blog\/category\/3\/"},"img":{"alt_text":"","src":"","width":0,"height":0},"classes":[]},{"id":1103,"url":"https:\/\/www.strickforum.de\/blog\/die-verstrickte-dienstagsfrage-22011\/","url_meta":{"origin":1524,"position":2},"title":"Die verstrickte Dienstagsfrage 2\/2011","author":"Admin","date":"11. Januar 2011","format":false,"excerpt":"Das Wollschaf fragt diese Woche: Gehoert ihr zu den StrickerInnen, die immer nur an einem Projekt arbeiten, oder liegen mehrere angestrickte Projekte in eurem Strickkorb\/eurer Stricktasche\/eurer Strickkiste? Wenn ja, woran liegt das? Weil ihr der Wolle nicht widerstehen konntet, oder Abwechslung braucht beim Stricken? Und was sind das gerade fuer\u2026","rel":"","context":"In &quot;Stricken&quot;","block_context":{"text":"Stricken","link":"https:\/\/www.strickforum.de\/blog\/category\/3\/"},"img":{"alt_text":"","src":"","width":0,"height":0},"classes":[]},{"id":1121,"url":"https:\/\/www.strickforum.de\/blog\/die-verstrickte-dienstagsfrage-62011\/","url_meta":{"origin":1524,"position":3},"title":"Die verstrickte Dienstagsfrage 6\/2011","author":"Admin","date":"8. Februar 2011","format":false,"excerpt":"Das Wollschaf fragt diesmal: Dicke Garne sind momentan \u201cin\u201d, werden in Frauenzeitschriften f\u00fcr die dortigen Modelle verwendet und finden sich verst\u00e4rkt in Wollgesch\u00e4ften. Wie h\u00e4ltst Du es damit? Verwendest Du solche Garne? Wenn ja, wof\u00fcr? Bist Du zufrieden mit den Ergebnissen? Und was ist f\u00fcr Stricknadelst\u00e4rken Dein Komfortbereich? Vielen Dank\u2026","rel":"","context":"In &quot;Stricken&quot;","block_context":{"text":"Stricken","link":"https:\/\/www.strickforum.de\/blog\/category\/3\/"},"img":{"alt_text":"","src":"","width":0,"height":0},"classes":[]},{"id":1288,"url":"https:\/\/www.strickforum.de\/blog\/die-verstrickte-dienstagsfrage-522011\/","url_meta":{"origin":1524,"position":4},"title":"Die verstrickte Dienstagsfrage 52\/2011","author":"Admin","date":"27. Dezember 2011","format":false,"excerpt":"Das Wollschaf fragt diese Woche: Ich stricke gerade ein Zopfmuster und frage mich, was benutzt ihr denn so alles als \u201cHilfsnadel\u201d. Nur spezielle Zopfnadeln, normale andere Stricknadeln, oder gar andere Materialien??? Vielen Dank an Patricia f\u00fcr die heutige Frage! Das Wollschaf w\u00fcnscht allen einen guten Rutsch ins neue Jahr! Danke\u2026","rel":"","context":"In &quot;Stricken&quot;","block_context":{"text":"Stricken","link":"https:\/\/www.strickforum.de\/blog\/category\/3\/"},"img":{"alt_text":"","src":"","width":0,"height":0},"classes":[]},{"id":1529,"url":"https:\/\/www.strickforum.de\/blog\/die-verstrickte-dienstagsfrage-122013\/","url_meta":{"origin":1524,"position":5},"title":"Die verstrickte Dienstagsfrage 12\/2013","author":"Admin","date":"19. M\u00e4rz 2013","format":false,"excerpt":"Diese Woche fragt das Wollschaf : Was ist eure pers\u00f6nliche \u201cK\u00f6nigsdisziplin\u201d beim Stricken? Aran? Lochmuster? Norwegermuster? Doppelstrick? Verk\u00fcrzte Reihen? Das sind nur Stichworte; vermutlich habt ihr eure ganz eigene Vorstellung von dem, was f\u00fcr euch das als am h\u00f6chsten zu bewertende Strickk\u00f6nnen ist. Vielen Dank an Michaela f\u00fcr die heutige\u2026","rel":"","context":"In &quot;Stricken&quot;","block_context":{"text":"Stricken","link":"https:\/\/www.strickforum.de\/blog\/category\/3\/"},"img":{"alt_text":"","src":"","width":0,"height":0},"classes":[]}],"_links":{"self":[{"href":"https:\/\/www.strickforum.de\/blog\/wp-json\/wp\/v2\/posts\/1524","targetHints":{"allow":["GET"]}}],"collection":[{"href":"https:\/\/www.strickforum.de\/blog\/wp-json\/wp\/v2\/posts"}],"about":[{"href":"https:\/\/www.strickforum.de\/blog\/wp-json\/wp\/v2\/types\/post"}],"author":[{"embeddable":true,"href":"https:\/\/www.strickforum.de\/blog\/wp-json\/wp\/v2\/users\/3"}],"replies":[{"embeddable":true,"href":"https:\/\/www.strickforum.de\/blog\/wp-json\/wp\/v2\/comments?post=1524"}],"version-history":[{"count":0,"href":"https:\/\/www.strickforum.de\/blog\/wp-json\/wp\/v2\/posts\/1524\/revisions"}],"wp:attachment":[{"href":"https:\/\/www.strickforum.de\/blog\/wp-json\/wp\/v2\/media?parent=1524"}],"wp:term":[{"taxonomy":"category","embeddable":true,"href":"https:\/\/www.strickforum.de\/blog\/wp-json\/wp\/v2\/categories?post=1524"},{"taxonomy":"post_tag","embeddable":true,"href":"https:\/\/www.strickforum.de\/blog\/wp-json\/wp\/v2\/tags?post=1524"}],"curies":[{"name":"wp","href":"https:\/\/api.w.org\/{rel}","templated":true}]}}